{"id":133327,"date":"2026-01-09T19:15:29","date_gmt":"2026-01-09T19:15:29","guid":{"rendered":"https:\/\/www.europesays.com\/no\/133327\/"},"modified":"2026-01-09T19:15:29","modified_gmt":"2026-01-09T19:15:29","slug":"trafikk-samferdsel-sjokkerer-politiet-de-er-forbannet","status":"publish","type":"post","link":"https:\/\/www.europesays.com\/no\/133327\/","title":{"rendered":"Trafikk, Samferdsel | Sjokkerer politiet: \u2013 De er forbannet"},"content":{"rendered":"\n<p><b>SAMFERDSEL: <\/b>Faklene markerer de menneskene som har blitt alvorlig skadd, mens korsene symboliserer de fem personene som mistet livet, i Rogalands-trafikken i fjor.<\/p>\n<p><b>Karm\u00f8y hadde tre d\u00f8dsulykker i fjor. <\/b><\/p>\n<p><b>I mars <a href=\"https:\/\/www.h-avis.no\/mann-dode-etter-atv-ulykke\/s\/5-62-1836943\" rel=\"Follow nofollow noopener\" target=\"_blank\">omkom en mann i en ATV-ulykke<\/a>, i april <a href=\"https:\/\/www.h-avis.no\/melding-om-trafikkulykke-pa-austre-karmoy-veg\/s\/5-62-1845926\" rel=\"Follow nofollow noopener\" target=\"_blank\">omkom en mann p\u00e5 Austre Karm\u00f8yveg<\/a>, og i desember <a href=\"https:\/\/www.h-avis.no\/syklist-dode-etter-ulykke\/s\/5-62-1965599\" rel=\"Follow nofollow noopener\" target=\"_blank\">omkom en syklist p\u00e5 Torvastad<\/a>. De \u00f8vrige i fylket skjedde s\u00f8r for Boknafjorden.<\/b><\/p>\n<p>Markeringen er ekstra viktig i \u00e5r, for fjor\u00e5ret ga Norge 24 flere drepte i trafikken enn \u00e5ret f\u00f8r (87). N\u00e6r halvparten av drepte var trafikanter som ikke var beskyttet av karosseri.<\/p>\n<p><b>\u2013 Dette er en utrolig fin markering, som gir en spesiell stemning i ettermiddagsm\u00f8rket med bl\u00e5lys og fakler, sier politioverbetjent Bodhild Bang p\u00e5 Haugesund politistasjon.<\/b><\/p>\n<p>Hun har selv v\u00e6rt med p\u00e5 markeringene i et dr\u00f8yt ti\u00e5r.<\/p>\n<p>\u2013 F\u00e5r alle typer reaksjoner<\/p>\n<p><b>\u2013 Det skjer noe med folk n\u00e5r vi viser trafikkofrene p\u00e5 denne m\u00e5ten. Man kj\u00f8rer gjerne litt mer fokusert og bevisst, sier hun.<\/b><\/p>\n<p>Men ikke alle reaksjoner er like velkomne.<\/p>\n<p>Politikvinnen har blitt sjokkert mer enn \u00e9n gang av sj\u00e5f\u00f8rer som reagerer negativt.<\/p>\n<p><b>\u2013 Vi f\u00e5r alle typer reaksjoner. Noen blir forbannet, og lurer p\u00e5 hvorfor vi bruker tid og ressurser p\u00e5 dette. I andre enden vet vi at p\u00e5r\u00f8rende m\u00e5 stoppe opp for \u00e5 ta en pause fordi det blir s\u00e5 sterkt for dem, sier Bang.<\/b><\/p>\n<p>Regionleder Elisabeth Wallace Haaland i Trygg Trafikk uttaler i en pressemelding om markeringen at de aller fleste rogalendinger p\u00e5 en eller annen m\u00e5te er ber\u00f8rt av trafikkulykker.<\/p>\n<p><b>\u2013 Enten har de selv v\u00e6rt involvert i en ulykke, eller de kjenner noen som er blitt hardt skadet eller drept i en ulykke, sier Haaland, som oppfordrer alle til \u00e5 delta i markeringen eller \u00e5 delta hjemmefra ved \u00e5 tenne et lys.<\/b><\/p>\n<p>Mener det virker forebyggende<\/p>\n<p>Bodhild Bang er skuffet over at ikke alle ser helheten, at man ikke erkjenner at mennesker blir skadd i trafikken i Norge daglig.<\/p>\n<p><b>\u2013 Altfor mange blir drept i trafikken. En slik markering gir b\u00e5de oppmerksomhet til det som har skjedd og kan virke forebyggende, sier hun.<\/b><\/p>\n<p>\u2013 I eksempelvis Irland har man minneplaketter eller kors p\u00e5 \u00e5steder i trafikken. Burde vi ha markert trafikkofrene oftere, eller annerledes?<\/p>\n<p><b>\u2013 Det kan v\u00e6re at det hadde blitt for mye med flere markeringer, men her er jeg usikker. Det viktigste er at sj\u00e5f\u00f8rer forholder seg til trafikkreglene. Det gj\u00f8r ogs\u00e5 at politiet kan f\u00e5 f\u00e6rre telefoner fra dem som vil varsle om for h\u00f8y fart p\u00e5 enkeltsteder, sier hun.<\/b><\/p>\n<p>If\u00f8lge Trygg Trafikk er fylkesveger er mer ulykkesutsatt enn kommunale, og de fleste ulykkene med hardest utfall skjer i sommerhalv\u00e5ret.<\/p>\n<p>Markert i 35 \u00e5r<\/p>\n<p>Trafikkofrenes dag er blitt markert i Rogaland i 35 \u00e5r, i et samarbeid mellom Fylkestrafikksikkerhetsutvalget (FTU), Statens vegvesen, politiet, n\u00f8detater, NAF og Trygg Trafikk.<\/p>\n<p><b>\u2013 Markeringen er den st\u00f8rste samhandlings- og koordineringsarenaen for alle som jobber med trafikksikkerhetsarbeid i fylket, sier styreleder Anne-Synn\u00f8ve Gustavson, NAF avd. Stavanger og Omegn, i pressemeldingen.<\/b><\/p>\n<p>Lokalt stiller flere etater og organisasjoner opp for \u00e5 markere like utenfor Park Pluss p\u00e5 kommunegrensa mellom Haugesund og Karm\u00f8y, og dette skjer fra klokka 15-17 torsdag.<\/p>\n<p>   <img decoding=\"async\" width=\"4032\" height=\"3024\" fetchpriority=\"low\"  loading=\"lazy\"  src=\"https:\/\/www.europesays.com\/no\/wp-content\/uploads\/2026\/01\/IMG_0995.JPEG\" alt=\"\" class=\"brick-c-cFOWSL\" style=\"--brick-image-ratio: 4032 \/ 3024;\"\/><\/p>\n<p>      MARKERTE: Her ble Trafikkofrenes dag markert i fjor januar.<br \/>\n      Foto: Einar Tho\n    <\/p>\n<p><b>\u2013 Alle n\u00f8detatene fors\u00f8ker \u00e5 stille, men skjer det noe, m\u00e5 det prioriteres, understreker politioverbetjenten.<\/b><\/p>\n<p>Foruten markeringen p\u00e5 veien vil det ogs\u00e5 bli en minnegudstjeneste i V\u00e5r Frelsers kirke i sentrum av Haugesund klokka 19.<\/p>\n<p>Under 14: Fra 88 til 0<\/p>\n<p>Statens vegvesen formidler p\u00e5 sine nettsider at ingen barn under 14 \u00e5r omkom i trafikken i fjor. For 50 \u00e5r siden var det tallet 88.<\/p>\n<p><b>Vegdirekt\u00f8r Ingrid Dahl Hovland er samtidig urolig over at antall d\u00f8dsulykker i aldersgruppa 16-24 \u00e5r \u00f8ker betydelig.<\/b><\/p>\n<p>Lokalt var det trolig kun flaks som gjorde at denne <a href=\"https:\/\/www.h-avis.no\/fire-16-aringer-til-sykehus-etter-mopedbilulykke\/s\/5-62-1968959\" rel=\"Follow nofollow noopener\" target=\"_blank\">utforkj\u00f8ringen p\u00e5 Steinsfjellet<\/a> like f\u00f8r nytt\u00e5r ikke endte verre.<\/p>\n<p><b>\u2013 Vi har et \u00abguttaproblem\u00bb. Unge gutter som kj\u00f8rer alt for fort og har annen s\u00e6rlig risikofull atferd. Og s\u00e5 har de med seg flere i bilen. At de unge guttene tar store sjanser b\u00e5de p\u00e5 egne og andres vegne kan vi ikke akseptere, sier vegdirekt\u00f8ren <a href=\"https:\/\/www.vegvesen.no\/om-oss\/presse\/aktuelt\/2026\/01\/111-omkomne-i-trafikken-i-ar\/\" rel=\"Follow nofollow noopener\" target=\"_blank\">til egne nettsider<\/a>.<\/b><\/p>\n<p>Hun foresl\u00e5r bedre oppl\u00e6ring, bidra til bedre holdninger og atferd \u2013 men ogs\u00e5 \u00e5 vurdere \u00e5 stramme inn p\u00e5 regelverk.<\/p>\n<p>Endringslogg: I en tidligere versjon av denne saken sto det at Karm\u00f8y hadde \u00e9n d\u00f8dsulykke i fjor. Det riktige antallet er tre. Artikkelen ble oppdatert 8. januar 20205 klokka 09.21.<\/p>\n","protected":false},"excerpt":{"rendered":"SAMFERDSEL: Faklene markerer de menneskene som har blitt alvorlig skadd, mens korsene symboliserer de fem personene som mistet&hellip;\n","protected":false},"author":2,"featured_media":133328,"comment_status":"","ping_status":"","sticky":false,"template":"","format":"standard","meta":{"footnotes":""},"categories":[10],"tags":[36,20,21,24,25,1337,15,1761,22,23,13,30,28,29,14,16,223,1510,26,27,224,5553],"class_list":{"0":"post-133327","1":"post","2":"type-post","3":"status-publish","4":"format-standard","5":"has-post-thumbnail","7":"category-norge","8":"tag-art","9":"tag-breaking-news","10":"tag-breakingnews","11":"tag-featured-news","12":"tag-featurednews","13":"tag-haugesund","14":"tag-headlines","15":"tag-karmoy","16":"tag-latest-news","17":"tag-latestnews","18":"tag-news","19":"tag-no","20":"tag-norge","21":"tag-norway","22":"tag-nyheter","23":"tag-overskrifter","24":"tag-samferdsel","25":"tag-story","26":"tag-top-stories","27":"tag-topstories","28":"tag-trafikk","29":"tag-tysvaer"},"share_on_mastodon":{"url":"https:\/\/pubeurope.com\/@no\/115866745267751490","error":""},"_links":{"self":[{"href":"https:\/\/www.europesays.com\/no\/wp-json\/wp\/v2\/posts\/133327","targetHints":{"allow":["GET"]}}],"collection":[{"href":"https:\/\/www.europesays.com\/no\/wp-json\/wp\/v2\/posts"}],"about":[{"href":"https:\/\/www.europesays.com\/no\/wp-json\/wp\/v2\/types\/post"}],"author":[{"embeddable":true,"href":"https:\/\/www.europesays.com\/no\/wp-json\/wp\/v2\/users\/2"}],"replies":[{"embeddable":true,"href":"https:\/\/www.europesays.com\/no\/wp-json\/wp\/v2\/comments?post=133327"}],"version-history":[{"count":0,"href":"https:\/\/www.europesays.com\/no\/wp-json\/wp\/v2\/posts\/133327\/revisions"}],"wp:featuredmedia":[{"embeddable":true,"href":"https:\/\/www.europesays.com\/no\/wp-json\/wp\/v2\/media\/133328"}],"wp:attachment":[{"href":"https:\/\/www.europesays.com\/no\/wp-json\/wp\/v2\/media?parent=133327"}],"wp:term":[{"taxonomy":"category","embeddable":true,"href":"https:\/\/www.europesays.com\/no\/wp-json\/wp\/v2\/categories?post=133327"},{"taxonomy":"post_tag","embeddable":true,"href":"https:\/\/www.europesays.com\/no\/wp-json\/wp\/v2\/tags?post=133327"}],"curies":[{"name":"wp","href":"https:\/\/api.w.org\/{rel}","templated":true}]}}