{"id":133329,"date":"2026-01-09T19:16:10","date_gmt":"2026-01-09T19:16:10","guid":{"rendered":"https:\/\/www.europesays.com\/no\/133329\/"},"modified":"2026-01-09T19:16:10","modified_gmt":"2026-01-09T19:16:10","slug":"medier-solskjaer-moter-united-ledelsen-lordag","status":"publish","type":"post","link":"https:\/\/www.europesays.com\/no\/133329\/","title":{"rendered":"Medier: Solskj\u00e6r m\u00f8ter United-ledelsen l\u00f8rdag"},"content":{"rendered":"<p class=\"no_italic m-no_italic\" data-lab-font_weight=\"\" data-lab-italic=\"\">If\u00f8lge <a href=\"https:\/\/www.dailymail.co.uk\/sport\/football\/article-15450045\/Ole-Gunnar-Solskjaer-Manchester-United-interim-talks-Saturday.html\" style=\"letter-spacing: 0.01em; font-weight: 300;\" rel=\"nofollow noopener\" target=\"_blank\">Daily Mail<\/a> og journalist <a href=\"https:\/\/x.com\/SimonPeach\/status\/2009687928424067504\" style=\"letter-spacing: 0.01em; font-weight: 300;\" rel=\"nofollow\">Simon Peach<\/a> i nyhetsbyr\u00e5et PA skal Solskj\u00e6r i m\u00f8te med klubben l\u00f8rdag.<\/p>\n<p>Det er dagen f\u00f8r laget m\u00f8ter Brighton i det <a href=\"https:\/\/play.tv2.no\/sport\/fotball\/emirates-fa-cup-1ab7p0pe\/manchester-united-brighton-25ndqj4p\" rel=\"nofollow noopener\" target=\"_blank\">TV 2-sendte<\/a> FA-cup-oppgj\u00f8ret.<\/p>\n<p><a href=\"https:\/\/www.united.no\/nyheter\/kilder-til-unitedno-solskjaer-i-united-mote-lordag\/1413788\" rel=\"nofollow noopener\" target=\"_blank\">United.no<\/a>, den norske supporterklubbens nettside,\u00a0melder ogs\u00e5 at de har kilder p\u00e5 at Solskj\u00e6r skal i et United-m\u00f8te l\u00f8rdag.\u00a0<\/p>\n<p class=\"bold m-bold\" data-lab-font_weight=\"bold\">TV 2 har pr\u00f8vd \u00e5 f\u00e5 Manchester United i tale om Solskj\u00e6r, men klubben \u00f8nsker ikke \u00e5 kommentere saken.<\/p>\n<p>Helt siden R\u00faben Amorim fikk sparken fra United mandag, har kristiansunderen seilet opp som en av favorittene til \u00e5 ta over sjefsstolen.\u00a0<\/p>\n<p>Darren Fletcher, som skal lede laget mot Brighton, og Michael Carrick har ogs\u00e5 blitt nevnt som mulige midlertidige arvtagere etter Amorim.\u00a0<\/p>\n<p><a href=\"https:\/\/www.dailymail.co.uk\/sport\/football\/article-15450045\/Ole-Gunnar-Solskjaer-Manchester-United-interim-talks-Saturday.html\" rel=\"nofollow noopener\" target=\"_blank\">Daily Mail<\/a> hevder at et mulig trenersamarbeid mellom Solskj\u00e6r og Carrick er avvist.<\/p>\n<p>Carrick var assistenttrener under Solskj\u00e6r da nordmannen ledet United fra 2018 til 2021.<\/p>\n","protected":false},"excerpt":{"rendered":"If\u00f8lge Daily Mail og journalist Simon Peach i nyhetsbyr\u00e5et PA skal Solskj\u00e6r i m\u00f8te med klubben l\u00f8rdag. Det&hellip;\n","protected":false},"author":2,"featured_media":133330,"comment_status":"","ping_status":"","sticky":false,"template":"","format":"standard","meta":{"footnotes":""},"categories":[5],"tags":[20,21,24,25,15,19,22,23,17,18,13,30,28,29,14,16,26,27],"class_list":{"0":"post-133329","1":"post","2":"type-post","3":"status-publish","4":"format-standard","5":"has-post-thumbnail","7":"category-overskrifter","8":"tag-breaking-news","9":"tag-breakingnews","10":"tag-featured-news","11":"tag-featurednews","12":"tag-headlines","13":"tag-hovedoppslag","14":"tag-latest-news","15":"tag-latestnews","16":"tag-main-news","17":"tag-mainnews","18":"tag-news","19":"tag-no","20":"tag-norge","21":"tag-norway","22":"tag-nyheter","23":"tag-overskrifter","24":"tag-top-stories","25":"tag-topstories"},"share_on_mastodon":{"url":"https:\/\/pubeurope.com\/@no\/115866749036978537","error":""},"_links":{"self":[{"href":"https:\/\/www.europesays.com\/no\/wp-json\/wp\/v2\/posts\/133329","targetHints":{"allow":["GET"]}}],"collection":[{"href":"https:\/\/www.europesays.com\/no\/wp-json\/wp\/v2\/posts"}],"about":[{"href":"https:\/\/www.europesays.com\/no\/wp-json\/wp\/v2\/types\/post"}],"author":[{"embeddable":true,"href":"https:\/\/www.europesays.com\/no\/wp-json\/wp\/v2\/users\/2"}],"replies":[{"embeddable":true,"href":"https:\/\/www.europesays.com\/no\/wp-json\/wp\/v2\/comments?post=133329"}],"version-history":[{"count":0,"href":"https:\/\/www.europesays.com\/no\/wp-json\/wp\/v2\/posts\/133329\/revisions"}],"wp:featuredmedia":[{"embeddable":true,"href":"https:\/\/www.europesays.com\/no\/wp-json\/wp\/v2\/media\/133330"}],"wp:attachment":[{"href":"https:\/\/www.europesays.com\/no\/wp-json\/wp\/v2\/media?parent=133329"}],"wp:term":[{"taxonomy":"category","embeddable":true,"href":"https:\/\/www.europesays.com\/no\/wp-json\/wp\/v2\/categories?post=133329"},{"taxonomy":"post_tag","embeddable":true,"href":"https:\/\/www.europesays.com\/no\/wp-json\/wp\/v2\/tags?post=133329"}],"curies":[{"name":"wp","href":"https:\/\/api.w.org\/{rel}","templated":true}]}}