{"id":133331,"date":"2026-01-09T19:20:38","date_gmt":"2026-01-09T19:20:38","guid":{"rendered":"https:\/\/www.europesays.com\/no\/133331\/"},"modified":"2026-01-09T19:20:38","modified_gmt":"2026-01-09T19:20:38","slug":"donald-trump-usa-trump-delte-jobbtall-for-publisering-far-krass-kritikk","status":"publish","type":"post","link":"https:\/\/www.europesays.com\/no\/133331\/","title":{"rendered":"Donald Trump, USA | Trump delte jobbtall f\u00f8r publisering \u2013 f\u00e5r krass kritikk"},"content":{"rendered":"\n<p>USAs president Donald Trump la ut deler av jobbstatistikken p\u00e5 Truth Social rundt 12 timer f\u00f8r den offisielle jobbrapporten i USA ble publisert. N\u00e5 reagerer \u00f8konomer.<\/p>\n<p>If\u00f8lge <a rel=\"Follow nofollow noopener\" href=\"https:\/\/e24.no\/internasjonal-oekonomi\/i\/bOnn6v\/donald-trump-postet-upubliserte-jobbtall-paa-sosiale-medier-melder-bloomberg-en-skandale\" target=\"_blank\">E24<\/a> viser innlegget et samlet tall for jobbvekst i privat sektor i 2026. Totalt skal 654.000 jobber ha blitt skapt. <a rel=\"Follow nofollow noopener\" href=\"https:\/\/www.bloomberg.com\/news\/articles\/2026-01-09\/trump-posted-unpublished-jobs-data-early-in-social-media-post?srnd=homepage-europe\" target=\"_blank\">Bloomberg<\/a> skriver at tallet stemmer med det som senere kom i m\u00e5nedsrapporten for desember.<\/p>\n<p>Jobbrapporten \u00abnon-farm payrolls\u00bb f\u00f8lges tett av finansmarkedene fordi den gir sterke signaler om hvordan det g\u00e5r med amerikansk \u00f8konomi, og kan p\u00e5virke renteforventningene.<\/p>\n<p>   <img decoding=\"async\" width=\"738\" height=\"566\" fetchpriority=\"low\"  loading=\"lazy\"  src=\"https:\/\/www.europesays.com\/no\/wp-content\/uploads\/2026\/01\/Skjermbilde+2026-01-09+kl.+17.03.36.jpg\" alt=\"\" class=\"brick-c-cFOWSL\" style=\"--brick-image-ratio: 738 \/ 566;\"\/><\/p>\n<p>      DELTE: Donald Trump delte jobbtall p\u00e5 Truth Social f\u00f8r publisering.<br \/>\n      Foto: Skjermdump Truth Social\n    <\/p>\n<p><b>Les ogs\u00e5: <a class=\"simple-relation related-teaser article--c-eRUmMG article--c-eRUmMG-fZoQSp-design-nettavisen article--c-eRUmMG-gwthdJ-cv\" href=\"https:\/\/www.nettavisen.no\/ferske-tall-fra-usa-50-000-jobber-ble-skapt\/s\/5-95-2817393\" rel=\"nofollow noopener\" target=\"_blank\">Ferske tall fra USA: 50.000 jobber ble skapt<\/a><\/b><\/p>\n<p>La ikke ut \u00abm\u00e5nedens viktigste\u00bb tall<\/p>\n<p>Trump publiserte ikke selve n\u00f8kkeltallet mange venter p\u00e5, nemlig antall nye jobber utenfor landbruket i m\u00e5neden.<\/p>\n<p>Bloomberg opplyser at de har fors\u00f8kt \u00e5 f\u00e5 en kommentar fra Det hvite hus uten \u00e5 lykkes. Presidenten blir normalt orientert om tallene dagen f\u00f8r offentliggj\u00f8ring, if\u00f8lge nyhetsbyr\u00e5et.<\/p>\n<p><b>Les ogs\u00e5: <a class=\"simple-relation related-teaser article--c-eRUmMG article--c-eRUmMG-fZoQSp-design-nettavisen article--c-eRUmMG-gwthdJ-cv\" href=\"https:\/\/www.nettavisen.no\/trumps-bruk-av-ice-minner-om-autoritare-regimer\/s\/5-95-2816569\" rel=\"nofollow noopener\" target=\"_blank\">\u2013 Trumps bruk av ICE minner om autorit\u00e6re regimer<\/a><\/b><\/p>\n<p>\u00abEn skandale\u00bb<\/p>\n<p>Investeringsdirekt\u00f8r Robert N\u00e6ss i Nordea kaller fremgangsm\u00e5ten \u00aben skandale\u00bb, og mener informasjonen kan p\u00e5virke b\u00e5de aksje og rentemarkedene selv om den kom utenom vanlig b\u00f8rs\u00e5pning.<\/p>\n<p>\u2013 N\u00e5r slike hint gis p\u00e5 Truth Social, bidrar det samtidig til \u00e5 gj\u00f8re en privat plattform til en kanal markedet f\u00f8ler seg n\u00f8dt til \u00e5 f\u00f8lge. Det er problematisk, sier han til <a rel=\"Follow nofollow noopener\" href=\"https:\/\/e24.no\/internasjonal-oekonomi\/i\/bOnn6v\/donald-trump-postet-upubliserte-jobbtall-paa-sosiale-medier-melder-bloomberg-en-skandale\" target=\"_blank\">E24<\/a>.<\/p>\n<p>Sjefs\u00f8konom Marius Gonsholt Hov i Handelsbanken sier tallene viser vekst siden januar og dermed inkluderer desember. Han mener det er uheldig om markedsrelevant informasjon kommer ut f\u00f8r offisiell publisering, men understreker at Trump ofte bryter med vanlige spilleregler.<\/p>\n<p><b>Les ogs\u00e5: <a class=\"simple-relation related-teaser article--c-eRUmMG article--c-eRUmMG-fZoQSp-design-nettavisen article--c-eRUmMG-gwthdJ-cv\" href=\"https:\/\/www.nettavisen.no\/aksje-eksploderer-etter-trump-trussel\/s\/5-95-2815898\" rel=\"nofollow noopener\" target=\"_blank\">Aksje eksploderer etter Trump-trussel<\/a><\/b><\/p>\n","protected":false},"excerpt":{"rendered":"USAs president Donald Trump la ut deler av jobbstatistikken p\u00e5 Truth Social rundt 12 timer f\u00f8r den offisielle&hellip;\n","protected":false},"author":2,"featured_media":133332,"comment_status":"","ping_status":"","sticky":false,"template":"","format":"standard","meta":{"footnotes":""},"categories":[56],"tags":[60,61,62,30,28,29],"class_list":{"0":"post-133331","1":"post","2":"type-post","3":"status-publish","4":"format-standard","5":"has-post-thumbnail","7":"category-naeringsliv","8":"tag-business","9":"tag-economy","10":"tag-naeringsliv","11":"tag-no","12":"tag-norge","13":"tag-norway"},"share_on_mastodon":{"url":"https:\/\/pubeurope.com\/@no\/115866764778610362","error":""},"_links":{"self":[{"href":"https:\/\/www.europesays.com\/no\/wp-json\/wp\/v2\/posts\/133331","targetHints":{"allow":["GET"]}}],"collection":[{"href":"https:\/\/www.europesays.com\/no\/wp-json\/wp\/v2\/posts"}],"about":[{"href":"https:\/\/www.europesays.com\/no\/wp-json\/wp\/v2\/types\/post"}],"author":[{"embeddable":true,"href":"https:\/\/www.europesays.com\/no\/wp-json\/wp\/v2\/users\/2"}],"replies":[{"embeddable":true,"href":"https:\/\/www.europesays.com\/no\/wp-json\/wp\/v2\/comments?post=133331"}],"version-history":[{"count":0,"href":"https:\/\/www.europesays.com\/no\/wp-json\/wp\/v2\/posts\/133331\/revisions"}],"wp:featuredmedia":[{"embeddable":true,"href":"https:\/\/www.europesays.com\/no\/wp-json\/wp\/v2\/media\/133332"}],"wp:attachment":[{"href":"https:\/\/www.europesays.com\/no\/wp-json\/wp\/v2\/media?parent=133331"}],"wp:term":[{"taxonomy":"category","embeddable":true,"href":"https:\/\/www.europesays.com\/no\/wp-json\/wp\/v2\/categories?post=133331"},{"taxonomy":"post_tag","embeddable":true,"href":"https:\/\/www.europesays.com\/no\/wp-json\/wp\/v2\/tags?post=133331"}],"curies":[{"name":"wp","href":"https:\/\/api.w.org\/{rel}","templated":true}]}}