{"id":133339,"date":"2026-01-09T19:26:10","date_gmt":"2026-01-09T19:26:10","guid":{"rendered":"https:\/\/www.europesays.com\/no\/133339\/"},"modified":"2026-01-09T19:26:10","modified_gmt":"2026-01-09T19:26:10","slug":"xbox-viser-frem-fable-forza-og-nytt-spill-fra-pokemon-skaperne","status":"publish","type":"post","link":"https:\/\/www.europesays.com\/no\/133339\/","title":{"rendered":"Xbox viser frem \u00abFable\u00bb, \u00abForza\u00bb og nytt spill fra \u00abPok\u00e9mon\u00bb-skaperne"},"content":{"rendered":"<p>(PressFire.no): Omsider ser ventetiden ut til \u00e5 v\u00e6re over for de som har t\u00f8rstet etter en skikkelig titt p\u00e5 \u00abFable\u00bb.<\/p>\n<p>Microsoft har nemlig kunngjort en ny \u00abDeveloper Direct\u00bb-sending som avholdes 22. januar, der nettopp \u00abFable\u00bb st\u00e5r p\u00e5 menyen sammen med \u00abForza Horizon 6\u00bb og et helt nytt action-rollespill fra skaperne av \u00abPok\u00e9mon\u00bb.<\/p>\n<p>Spesielt \u00abFable\u00bb har latt vente p\u00e5 seg. Etter en hovedsakelig filmatisk opptreden i 2024, har fansen vridd seg i stolen i p\u00e5vente av en ordentlig titt p\u00e5 hvordan spillet faktisk spilles.<\/p>\n<p>Under sendingen loves det en utvidet kikk p\u00e5 gameplay, komplett med brukergrensesnitt og alt som h\u00f8rer med.<\/p>\n<p>                                                                                    <a href=\"https:\/\/www.europesays.com\/no\/wp-content\/uploads\/2026\/01\/18798_1767963445_YntVe_original.jpeg\" class=\"\"><br \/>\n                            <img decoding=\"async\" src=\"https:\/\/www.europesays.com\/no\/wp-content\/uploads\/2026\/01\/18798_1767963445_YntVe_original.jpeg\" alt=\"\" style=\"object-fit: cover;\"\/><br \/>\n                        <\/a><\/p>\n<p>Fra samme studio, Playground Games, kommer ogs\u00e5 en dypere titt p\u00e5 \u00abForza Horizon 6\u00bb. Her loves det en gjennomgang av nye funksjoner og spilling, med et spesielt fokus p\u00e5 Japan-settingen.<\/p>\n<p>Sendingens kanskje mest uventede innslag er \u00abBeast of Reincarnation\u00bb fra studioet som lager \u00abPok\u00e9mon\u00bb, Game Freak.<\/p>\n<p>Dette er et post-apokalyptisk action-rollespill som har blitt sammenlignet med titler som \u00abSekiro\u00bb og \u00abNier: Automata\u00bb.<\/p>\n<p>Spillet, som ledes av Pok\u00e9mon-veteran Kota Furushima, skal lanseres til b\u00e5de Xbox, PlayStation og PC i 2026 \u2013 og blir tilgjengelig p\u00e5 Game Pass fra dag \u00e9n.<\/p>\n<p>Hele seansen kan f\u00f8lges direkte p\u00e5 Xbox sine offisielle kanaler torsdag 22. januar klokken 19:00 norsk tid, heter det i <a href=\"https:\/\/news.xbox.com\/en-us\/2026\/01\/08\/developer_direct_returns_january_22\/\" target=\"_blank\" rel=\"nofollow noopener\">kunngj\u00f8ringen p\u00e5 Xbox Wire<\/a>.<\/p>\n","protected":false},"excerpt":{"rendered":"(PressFire.no): Omsider ser ventetiden ut til \u00e5 v\u00e6re over for de som har t\u00f8rstet etter en skikkelig titt&hellip;\n","protected":false},"author":2,"featured_media":133340,"comment_status":"","ping_status":"","sticky":false,"template":"","format":"standard","meta":{"footnotes":""},"categories":[57],"tags":[30,28,29,65,63,64,66,70,69,67,68],"class_list":{"0":"post-133339","1":"post","2":"type-post","3":"status-publish","4":"format-standard","5":"has-post-thumbnail","7":"category-vitenskap-og-teknologi","8":"tag-no","9":"tag-norge","10":"tag-norway","11":"tag-science","12":"tag-science-and-technology","13":"tag-scienceandtechnology","14":"tag-technology","15":"tag-teknologi","16":"tag-vitenskap","17":"tag-vitenskap-og-teknologi","18":"tag-vitenskapteknologi"},"share_on_mastodon":{"url":"https:\/\/pubeurope.com\/@no\/115866788420025230","error":""},"_links":{"self":[{"href":"https:\/\/www.europesays.com\/no\/wp-json\/wp\/v2\/posts\/133339","targetHints":{"allow":["GET"]}}],"collection":[{"href":"https:\/\/www.europesays.com\/no\/wp-json\/wp\/v2\/posts"}],"about":[{"href":"https:\/\/www.europesays.com\/no\/wp-json\/wp\/v2\/types\/post"}],"author":[{"embeddable":true,"href":"https:\/\/www.europesays.com\/no\/wp-json\/wp\/v2\/users\/2"}],"replies":[{"embeddable":true,"href":"https:\/\/www.europesays.com\/no\/wp-json\/wp\/v2\/comments?post=133339"}],"version-history":[{"count":0,"href":"https:\/\/www.europesays.com\/no\/wp-json\/wp\/v2\/posts\/133339\/revisions"}],"wp:featuredmedia":[{"embeddable":true,"href":"https:\/\/www.europesays.com\/no\/wp-json\/wp\/v2\/media\/133340"}],"wp:attachment":[{"href":"https:\/\/www.europesays.com\/no\/wp-json\/wp\/v2\/media?parent=133339"}],"wp:term":[{"taxonomy":"category","embeddable":true,"href":"https:\/\/www.europesays.com\/no\/wp-json\/wp\/v2\/categories?post=133339"},{"taxonomy":"post_tag","embeddable":true,"href":"https:\/\/www.europesays.com\/no\/wp-json\/wp\/v2\/tags?post=133339"}],"curies":[{"name":"wp","href":"https:\/\/api.w.org\/{rel}","templated":true}]}}