{"id":133343,"date":"2026-01-09T19:29:14","date_gmt":"2026-01-09T19:29:14","guid":{"rendered":"https:\/\/www.europesays.com\/no\/133343\/"},"modified":"2026-01-09T19:29:14","modified_gmt":"2026-01-09T19:29:14","slug":"trafikk-ruskjoring-ruset-vestfold-kvinne-i-40-arene-stjal-bil-og-krasjet-i-broytebil-tonsbergs-blad","status":"publish","type":"post","link":"https:\/\/www.europesays.com\/no\/133343\/","title":{"rendered":"Trafikk, Ruskj\u00f8ring | Ruset Vestfold-kvinne i 40-\u00e5rene stjal bil og krasjet i br\u00f8ytebil &#8211; T\u00f8nsbergs Blad"},"content":{"rendered":"<ol>\n<li><a href=\"https:\/\/news.google.com\/rss\/articles\/CBMinwFBVV95cUxQZkYtLUlGMkstRENLRlJvTXpvMU8yaFFVNnMyN3FfX3BYbXVPUXpyV0hQZWhWTS1HMUNxS3JPMVhQM19wdF9YclFnUHV2ZElzcHdOQmdObnEyWGNrSE05ZEFjbUhiNjM2c2lTdWJKaWQ3R1V2QWZWd2VHYXZ0UU1wcU92dmFqcnhUTnJSV3dtOWhZNVJaNUZDZ1J3ZVZJM0E?oc=5\" target=\"_blank\" rel=\"nofollow noopener\">Trafikk, Ruskj\u00f8ring | Ruset Vestfold-kvinne i 40-\u00e5rene stjal bil og krasjet i br\u00f8ytebil<\/a>&nbsp;&nbsp;T\u00f8nsbergs Blad<\/li>\n<li><a href=\"https:\/\/news.google.com\/rss\/articles\/CBMia0FVX3lxTE5ZM0FiUk5jMTdmcEIySmxfdGlrUEU3QnBJcm45ZFZsMTFZX2hKd0haUURGVDFmdkNVVUFCOW5hSm9SaEhXaDFtb0VsSXJWOUNUbUhZSW5FTEN1NXJ4TEx4VlJtZkI0S0w2R3Fj?oc=5\" target=\"_blank\" rel=\"nofollow noopener\">Ulykker og hendelser, Trafikk | Trafikkuhell i Moss<\/a>&nbsp;&nbsp;Moss Avis<\/li>\n<li><a href=\"https:\/\/news.google.com\/rss\/articles\/CBMiowFBVV95cUxPdUZBbnF5U2RraHg1QUNNaU9IVWhzTVl2ME1XUTlua0k0S0x5MnhLVFBCTXdrNzVzZC1XUnBsV0VaTXp2MzBfRnNIbEtuYzRoZ1NvamRpQk51c2VWd0x2ZjNSenY1dUx3OGlKUVY1T0l6Ty1EZFkxclBzSWE3NUFNZGVKUzRIQUtiSG9rUThuNXpsTm9LaHUtSGxhaE15aVlIVEp3?oc=5\" target=\"_blank\" rel=\"nofollow noopener\">Moss, Ruskj\u00f8ring | Full dame i stj\u00e5let bil krasjet med br\u00f8ytebil i Moss<\/a>&nbsp;&nbsp;Nettavisen<\/li>\n<li><a href=\"https:\/\/news.google.com\/rss\/articles\/CBMihwFBVV95cUxPUDlHTGNIV29hblNWZkl0MHlNWFBkMG9vUU93ZXFpWnBpb3R3U205UHZXSnZ5VFZrY0xuOUZnUFc4NzNvYnhzeDZJOW9KVDBzenlSVUhsYkRieFk5TGYzMkNfZ1Q2U1VoNkE3UzI2bDFNdzVWcjdfWHRYZEtFRWg2RzVIOWpYUW8?oc=5\" target=\"_blank\" rel=\"nofollow noopener\">Full dame i stj\u00e5let bil krasjet med br\u00f8ytebil i Moss<\/a>&nbsp;&nbsp;Bygg.no<\/li>\n<\/ol>\n","protected":false},"excerpt":{"rendered":"Trafikk, Ruskj\u00f8ring | Ruset Vestfold-kvinne i 40-\u00e5rene stjal bil og krasjet i br\u00f8ytebil&nbsp;&nbsp;T\u00f8nsbergs Blad Ulykker og hendelser, Trafikk&hellip;\n","protected":false},"author":2,"featured_media":10375,"comment_status":"","ping_status":"","sticky":false,"template":"","format":"standard","meta":{"footnotes":""},"categories":[10],"tags":[20,21,24,25,15,22,23,13,30,28,29,14,16,26,27],"class_list":{"0":"post-133343","1":"post","2":"type-post","3":"status-publish","4":"format-standard","5":"has-post-thumbnail","7":"category-norge","8":"tag-breaking-news","9":"tag-breakingnews","10":"tag-featured-news","11":"tag-featurednews","12":"tag-headlines","13":"tag-latest-news","14":"tag-latestnews","15":"tag-news","16":"tag-no","17":"tag-norge","18":"tag-norway","19":"tag-nyheter","20":"tag-overskrifter","21":"tag-top-stories","22":"tag-topstories"},"share_on_mastodon":{"url":"https:\/\/pubeurope.com\/@no\/115866800228497922","error":""},"_links":{"self":[{"href":"https:\/\/www.europesays.com\/no\/wp-json\/wp\/v2\/posts\/133343","targetHints":{"allow":["GET"]}}],"collection":[{"href":"https:\/\/www.europesays.com\/no\/wp-json\/wp\/v2\/posts"}],"about":[{"href":"https:\/\/www.europesays.com\/no\/wp-json\/wp\/v2\/types\/post"}],"author":[{"embeddable":true,"href":"https:\/\/www.europesays.com\/no\/wp-json\/wp\/v2\/users\/2"}],"replies":[{"embeddable":true,"href":"https:\/\/www.europesays.com\/no\/wp-json\/wp\/v2\/comments?post=133343"}],"version-history":[{"count":0,"href":"https:\/\/www.europesays.com\/no\/wp-json\/wp\/v2\/posts\/133343\/revisions"}],"wp:featuredmedia":[{"embeddable":true,"href":"https:\/\/www.europesays.com\/no\/wp-json\/wp\/v2\/media\/10375"}],"wp:attachment":[{"href":"https:\/\/www.europesays.com\/no\/wp-json\/wp\/v2\/media?parent=133343"}],"wp:term":[{"taxonomy":"category","embeddable":true,"href":"https:\/\/www.europesays.com\/no\/wp-json\/wp\/v2\/categories?post=133343"},{"taxonomy":"post_tag","embeddable":true,"href":"https:\/\/www.europesays.com\/no\/wp-json\/wp\/v2\/tags?post=133343"}],"curies":[{"name":"wp","href":"https:\/\/api.w.org\/{rel}","templated":true}]}}