{"id":133360,"date":"2026-01-09T19:45:06","date_gmt":"2026-01-09T19:45:06","guid":{"rendered":"https:\/\/www.europesays.com\/no\/133360\/"},"modified":"2026-01-09T19:45:06","modified_gmt":"2026-01-09T19:45:06","slug":"fredriksens-milliardavtale-setter-et-nytt-niva-for-aksjen","status":"publish","type":"post","link":"https:\/\/www.europesays.com\/no\/133360\/","title":{"rendered":"Fredriksens milliardavtale: \u2013 Setter et nytt niv\u00e5 for aksjen"},"content":{"rendered":"<p>Etter at ryktene hadde florert i markedet gjennom torsdagen, bekreftet John Fredriksen-kontrollerte Frontline etter stengetid p\u00e5 USA-b\u00f8rsene salget av \u00e5tte VLCC-skip. Samtidig overtar selskapet ni nybyggkontrakter fra Fredriksens private investeringsselskap Hemen.<\/p>\n<p>Salgsprisen ligger 17 prosent over verdsettelsen analysesjef Eirik Haavaldsen i Pareto Securities hadde lagt til grunn i sin beregning av netto eiendelsverdier (NAV) p\u00e5 20 dollar pr. aksje.<\/p>\n<p>\u00abHvis man priser hele VLCC-fl\u00e5ten deretter vil man ende opp med at Frontline-aksjen prises til NAV i f\u00f8rste kvartal 2026, og setter et nytt, solid niv\u00e5 for aksjen\u00bb, skriver analytikeren. Normalt prises Frontline over NAV.<\/p>\n<p>De ni nybyggene skal leveres i 2026 og f\u00f8rste halv\u00e5r 2027. Transaksjonen inneb\u00e6rer dermed lavere VLCC-eksponering i 2026, noe Haavaldsen vurderer som svakt negativt.<\/p>\n<p>P\u00e5 den positive siden unng\u00e5r selskapet flere kostbare dokkinger, ettersom de 2016-bygde skipene n\u00e6rmer seg sine ti\u00e5rsinspeksjoner. Samtidig blir rundt 20 prosent av VLCC-fl\u00e5ten rundt 10 \u00e5r yngre.<\/p>\n<p class=\"subhead\" data-element-type=\"subhead\" data-element-label=\"Mellomtittel\">Tror ikke p\u00e5 utbytte<\/p>\n<p>Haavaldsen venter at inntektene fra salget vil bli reinvestert i nybyggene. Med en bel\u00e5ningsgrad p\u00e5 rundt 60 prosent ansl\u00e5s egenkapitalbehovet for nybyggene til 490 millioner dollar\u00a0\u2013 som omtrent tilsvarer inntektene fra skipssalgene.\u00a0<\/p>\n<p><b>\u00abF\u00f8lgelig forventer vi ikke noe ekstraordin\u00e6rt utbytte fra salgene, men fremhever at noen meglere i g\u00e5r ogs\u00e5 rapporterte at Frontline har solgt seks av sine 18 LR2-skip, hvor provenyet forventes \u00e5 bli utbetalt\u00bb, skriver analytikeren.<\/b><\/p>\n<p>\u00abTransaksjonen understreker hvor attraktiv moderne VLCC-tonnasje har blitt, i et stadig mer kaotisk globalt bakteppe i 2026. Vi opprettholder derfor en kj\u00f8psanbefaling p\u00e5 aksjen, og venter \u00e5 justere kursm\u00e5let p\u00e5 28,5 dollar opp som f\u00f8lge av den innvannende effekten av transaksjonen\u00bb, konkluderer analytikeren.<\/p>\n<p class=\"subhead\" data-element-type=\"subhead\" data-element-label=\"Mellomtittel\">Ventet kurshopp<\/p>\n<p>F\u00f8r b\u00f8rs\u00e5pning ventet Petter Haugen i ABG Sundal Collier et kurshopp i Frontline fra start fredag.<\/p>\n<p>\u00abTotalt sett vil Frontlines n\u00e5v\u00e6rende NAV \u00f8ke med omtrent ni kroner pr. aksje, eller 4,5 prosent, og vi forventer en positiv kursreaksjon i dag\u00bb, skriver analytikeren.<\/p>\n<p>Kristoffer Barth Skeie i Arctic Securities ventet ogs\u00e5 et kursl\u00f8ft for Frontline-aksjen i dag.<\/p>\n<p>\u00abDersom Frontline skal handles til historisk NAV-multippel p\u00e5 1,2 ganger, er fair pris n\u00e6rmere 281 kroner pr. aksje, og vi venter at aksjen handles opp i dag\u00bb, skriver Barth Skeie.\u00a0<\/p>\n","protected":false},"excerpt":{"rendered":"Etter at ryktene hadde florert i markedet gjennom torsdagen, bekreftet John Fredriksen-kontrollerte Frontline etter stengetid p\u00e5 USA-b\u00f8rsene salget&hellip;\n","protected":false},"author":2,"featured_media":133361,"comment_status":"","ping_status":"","sticky":false,"template":"","format":"standard","meta":{"footnotes":""},"categories":[56],"tags":[60,61,62,30,28,29],"class_list":{"0":"post-133360","1":"post","2":"type-post","3":"status-publish","4":"format-standard","5":"has-post-thumbnail","7":"category-naeringsliv","8":"tag-business","9":"tag-economy","10":"tag-naeringsliv","11":"tag-no","12":"tag-norge","13":"tag-norway"},"share_on_mastodon":{"url":"https:\/\/pubeurope.com\/@no\/115866863065225147","error":""},"_links":{"self":[{"href":"https:\/\/www.europesays.com\/no\/wp-json\/wp\/v2\/posts\/133360","targetHints":{"allow":["GET"]}}],"collection":[{"href":"https:\/\/www.europesays.com\/no\/wp-json\/wp\/v2\/posts"}],"about":[{"href":"https:\/\/www.europesays.com\/no\/wp-json\/wp\/v2\/types\/post"}],"author":[{"embeddable":true,"href":"https:\/\/www.europesays.com\/no\/wp-json\/wp\/v2\/users\/2"}],"replies":[{"embeddable":true,"href":"https:\/\/www.europesays.com\/no\/wp-json\/wp\/v2\/comments?post=133360"}],"version-history":[{"count":0,"href":"https:\/\/www.europesays.com\/no\/wp-json\/wp\/v2\/posts\/133360\/revisions"}],"wp:featuredmedia":[{"embeddable":true,"href":"https:\/\/www.europesays.com\/no\/wp-json\/wp\/v2\/media\/133361"}],"wp:attachment":[{"href":"https:\/\/www.europesays.com\/no\/wp-json\/wp\/v2\/media?parent=133360"}],"wp:term":[{"taxonomy":"category","embeddable":true,"href":"https:\/\/www.europesays.com\/no\/wp-json\/wp\/v2\/categories?post=133360"},{"taxonomy":"post_tag","embeddable":true,"href":"https:\/\/www.europesays.com\/no\/wp-json\/wp\/v2\/tags?post=133360"}],"curies":[{"name":"wp","href":"https:\/\/api.w.org\/{rel}","templated":true}]}}