{"id":133378,"date":"2026-01-09T20:05:22","date_gmt":"2026-01-09T20:05:22","guid":{"rendered":"https:\/\/www.europesays.com\/no\/133378\/"},"modified":"2026-01-09T20:05:22","modified_gmt":"2026-01-09T20:05:22","slug":"quiz-i-dagbladet-2026-uke-2","status":"publish","type":"post","link":"https:\/\/www.europesays.com\/no\/133378\/","title":{"rendered":"Quiz i Dagbladet 2026, uke 2"},"content":{"rendered":"<p>MINNEAPOLIS (Dagbladet): Den 37 \u00e5r gamle sm\u00e5barnsmora Renee Nicole Good d\u00f8de i Minneapolis onsdag kveld etter at hun <a href=\"https:\/\/www.dagbladet.no\/nyheter\/dra-til-helvete-ut-av-minneapolis\/84068682\" rel=\"nofollow noopener\" target=\"_blank\">ble skutt og drept av en ICE-agent.<\/a><\/p>\n<p>Good var p\u00e5 vei hjem etter \u00e5 ha kj\u00f8rt sin seks \u00e5r gamle datter til skolen, men det er uklart hva hun gjorde i omr\u00e5det der Ice hadde en operasjon g\u00e5ende. <\/p>\n<p>        <img loading=\"lazy\" decoding=\"async\" src=\"https:\/\/www.europesays.com\/no\/wp-content\/uploads\/2026\/01\/84080061.webp.webp\" width=\"980\" height=\"559\" title=\"FILMET: En ny video som spres p\u00e5 sosiale medier ser ut til \u00e5 v\u00e6re mobilvideoen filmet av ICE-agenten som skj\u00f8t og drepte Renee Nicole Good i Minneapolis. Foto: Skjermdump\" alt=\"\" class=\"\" style=\"--aspect-ratio-image: 1.75; \"\/><\/p>\n<p>\n        FILMET: En ny video som spres p\u00e5 sosiale medier ser ut til \u00e5 v\u00e6re mobilvideoen filmet av ICE-agenten som skj\u00f8t og drepte Renee Nicole Good i Minneapolis. Foto: Skjermdump\n    <\/p>\n<p class=\"font-weight-bold m-font-weight-bold\" data-lab-font_weight=\"font-weight-bold\">Fredag uttaler Renee Goods kone, Becca Good, seg.\u00a0<\/p>\n<p>I en melding til den lokale nyhetskanalen\u00a0<a href=\"https:\/\/www.mprnews.org\/story\/2026\/01\/09\/renee-goods-wife-releases-statement-about-ice-shooting\" rel=\"nofollow noopener\" target=\"_blank\">MPR<\/a>\u00a0sier hun at Renee \u00ablevde etter en grunnleggende tro om at det finnes godhet i verden, og at vi m\u00e5 gj\u00f8re alt vi kan for \u00e5 finne den der den finnes, og n\u00e6re den der den trenger \u00e5 vokse\u00bb.<\/p>\n<p class=\"font-weight-bold m-font-weight-bold\" data-lab-font_weight=\"font-weight-bold\">&#8211; Hvis du noen gang m\u00f8tte min kone, Renee Nicole Macklin Good, s\u00e5 vet du at hun, mer enn noe annet, var snill. Faktisk str\u00e5lte det godhet fra henne, skriver Becca.<\/p>\n<p>&#8211; Renee glitret. Hun glitret bokstavelig talt. Jeg mener, hun brukte ikke glitter, men jeg sverger at det kom gnister ut av porene hennes. Hele tida. Du kan tro det bare er kj\u00e6rligheten som snakker, men familien hennes sa det samme. Renee var laget av solskinn, fortsetter hun.<\/p>\n<p>        NB: STERKE BILDER: Det amerikanske immigrasjonspolitiet ICE drepte en 37-\u00e5rig kvinne i Minneapolis onsdag. Ordf\u00f8reren i Minneapolis krever n\u00e5 at det omdiskuterte byr\u00e5et forlater byen.<\/p>\n<p>Tre barn<\/p>\n<p>Becca skriver videre at Renee var kristen og visste at alle religioner l\u00e6rer den samme grunnleggende sannheten: at vi er her for \u00e5 elske hverandre, ta vare p\u00e5 hverandre og holde hverandre trygge og hele.<\/p>\n<p>Renee Good etterlater seg tre barn, den yngste er bare seks \u00e5r gammel og har allerede mistet faren sin. <\/p>\n<p>&#8211; Jeg st\u00e5r n\u00e5 igjen med ansvaret for \u00e5 oppdra s\u00f8nnen v\u00e5r og fortsette \u00e5 l\u00e6re ham, slik Renee trodde, at det finnes mennesker som bygger en bedre verden for ham, skriver hun i meldingen til MPR.<\/p>\n<p>Becca skriver her ogs\u00e5 kort om dagen da Renee d\u00f8de.<\/p>\n<p class=\"font-weight-bold m-font-weight-bold\" data-lab-font_weight=\"font-weight-bold\">&#8211; Onsdag 7. januar stoppet vi for \u00e5 st\u00f8tte naboene v\u00e5re. Vi hadde fl\u00f8yter. De hadde v\u00e5pen, skriver hun.<\/p>\n<p>        <img loading=\"lazy\" decoding=\"async\" src=\"https:\/\/www.europesays.com\/no\/wp-content\/uploads\/2026\/01\/84079971.webp.webp\" width=\"667\" height=\"487\" title=\"DREPT: ICE-agenter skj\u00f8t og drepte 37-\u00e5r gamle Renee Good i Minneapolis onsdag. Foto: Sosiale medier \/ NTB\" alt=\"\" class=\"\" style=\"--aspect-ratio-image: 1.37; \"\/><\/p>\n<p>\n        DREPT: ICE-agenter skj\u00f8t og drepte 37-\u00e5r gamle Renee Good i Minneapolis onsdag. Foto: Sosiale medier \/ NTB\n    <\/p>\n<p>&#8211; Trolig livredd  <\/p>\n<p class=\"font-weight-normal m-font-weight-normal\" data-lab-font_weight=\"font-weight-normal\"> Renee Nicole Good, ble identifisert av mora, Donna Ganger, if\u00f8lge\u00a0<a href=\"https:\/\/www.startribune.com\/she-was-an-amazing-human-being-mother-identifies-woman-shot-killed-by-ice-agent\/601559922\" rel=\"nofollow noopener\" target=\"_blank\">Minnesota Star Tribune<\/a>. <\/p>\n<p>&#8211; Det er s\u00e5 dumt. Hun var trolig livredd, sier Ganger til avisa.\u00a0<\/p>\n<p>Hun sier at dattera ikke var en del av protestene mot ICE.<\/p>\n<p> &#8211; Renee var \u00e9n av de snilleste menneskene jeg vet om. Hun var ekstremt medf\u00f8lende. Hun har tatt vare p\u00e5 folk hele sitt liv. Hun var kj\u00e6rlig, tilgivende og varm. Hun var et utrolig menneske, sier Ganger. <\/p>\n<p> &#8211; Good var et elsket og feiret medlem av lokalsamfunnet, som n\u00e5 har blitt revet vekk fra familien sin, sier delstatspolitiker Leigh Finke til\u00a0<a href=\"https:\/\/www.nytimes.com\/2026\/01\/07\/us\/renee-nicole-good-minneapolis-ice.html\" rel=\"nofollow noopener\" target=\"_blank\">The New York Times<\/a>. <\/p>\n<p>        ESKALERER: Oppt\u00f8yer i Minneapolis blir mer og mer intense etter at en kvinne ble drept av en ICE-agent. Video: Dagbladet TV, Reporter: Vegard Kvaale, Danny Son To. <\/p>\n<p>&#8211; Trygg by  <\/p>\n<p>Siden drapet har ordkrigen p\u00e5g\u00e5tt mellom folk som mener at ICE-agenten handlet i selvforsvar og de som mener at hun ble drept i kaldt blod.<\/p>\n<p>Visepresident J.D. Vance skriver p\u00e5\u00a0<a href=\"https:\/\/x.com\/JDVance\/status\/2009248101064704147\" rel=\"nofollow\">X<\/a>\u00a0at det er hennes skyld. Torsdag ba ordf\u00f8rer i Minneapolis, Jacob Frey, ICE\u00a0<a href=\"https:\/\/www.dagbladet.no\/nyheter\/dra-til-helvete-ut-av-minneapolis\/84068682\" rel=\"nofollow noopener\" target=\"_blank\">\u00abdra til helvete ut av byen\u00bb.<\/a>\u00a0<\/p>\n<p>Fredag har Frey moderert spr\u00e5ket noe.\u00a0<\/p>\n<p>&#8211; Hvis dere ikke har noe \u00e5 skjule, s\u00e5 ikke skjul det. Ta med lokale eksperter i prosessen, sa han p\u00e5 en pressekonferanse.\u00a0<\/p>\n<p>&#8211; Vi har ingenting \u00e5 skjule her. Alt vi \u00f8nsker i Minneapolis er rettferdighet og sannheten.<\/p>\n<p>        <img loading=\"lazy\" decoding=\"async\" src=\"https:\/\/www.europesays.com\/no\/wp-content\/uploads\/2026\/01\/84079973.webp.webp\" width=\"980\" height=\"559\" title=\"SKUDD: Et kulehull i frontruten p\u00e5 kj\u00f8ret\u00f8yet til Renee Nicole Good. Foto: Tim Evan \/ Reuters \/ NTB\" alt=\"\" class=\"\" style=\"--aspect-ratio-image: 1.75; \"\/><\/p>\n<p>\n        SKUDD: Et kulehull i frontruten p\u00e5 kj\u00f8ret\u00f8yet til Renee Nicole Good. Foto: Tim Evan \/ Reuters \/ NTB\n    <\/p>\n<p>Ordf\u00f8reren sa at halvparten av skytingene i byen s\u00e5 langt i \u00e5r har v\u00e6rt knyttet til ICE.<\/p>\n<p class=\"font-weight-bold m-font-weight-bold\" data-lab-font_weight=\"font-weight-bold\">&#8211; Femti prosent av skytingene som har skjedd s\u00e5 langt i \u00e5r i Minneapolis har v\u00e6rt ICE, sa Frey til journalister.\u00a0<\/p>\n<p class=\"font-weight-normal m-font-weight-normal\" data-lab-font_weight=\"font-weight-normal\">&#8211;\u00a0 Med andre ord, vi har bare hatt to skyteepisoder. Den ene har v\u00e6rt ICE.<\/p>\n<p>&#8211; Vi er en trygg by, la han til.\u00a0<\/p>\n<p>&#8211; ICE gj\u00f8r oss mindre trygge.<\/p>\n<p>        <img loading=\"lazy\" decoding=\"async\" src=\"https:\/\/www.europesays.com\/no\/wp-content\/uploads\/2026\/01\/84079855.webp.webp\" width=\"980\" height=\"559\" title=\"EKSPLOSIV STEMNING: I Minneapolis. Dagbladets reporter Vegard Kristiansen Kvaale er p\u00e5 plass i byen.\" alt=\"\" class=\"\" style=\"--aspect-ratio-image: 1.75; \"\/><\/p>\n<p>\n        EKSPLOSIV STEMNING: I Minneapolis. Dagbladets reporter Vegard Kristiansen Kvaale er p\u00e5 plass i byen.\n    <\/p>\n<p>Sender flere agenter<\/p>\n<p>Torsdag kveld skrev\u00a0<a href=\"https:\/\/www.nytimes.com\/2026\/01\/08\/us\/politics\/border-patrol-minnesota-trump.html\" rel=\"nofollow noopener\" target=\"_blank\">New York Times<\/a>\u00a0at president Donald Trump sender over 100 nye agenter til delstaten Minnesota. Agentene skal omdisponeres fra andre byer, blant annet Chicago og New Orleans, if\u00f8lge avisa.<\/p>\n<p>Torsdag kveld bekreftet Det hvite hus&#8217; talsperson Karoline Leavitt, at de f\u00f8derale agentene\u00a0ikke kommer til \u00e5 forlate delstaten, til tross for store protester.<\/p>\n<p>    <a itemprop=\"url\" href=\"https:\/\/www.dagbladet.no\/nyheter\/trump-om-ice-drapet-helt-forferdelig\/84071935\" rel=\"nofollow noopener\" target=\"_blank\"><\/p>\n<p>        <img loading=\"lazy\" decoding=\"async\" src=\"https:\/\/www.europesays.com\/no\/wp-content\/uploads\/2026\/01\/1767989121_410_84072074.webp.webp\" width=\"980\" height=\"441\" title=\"Trump om ICE-drapet: - Helt forferdelig\" alt=\"\" class=\"lazyload\" style=\"--aspect-ratio-image: 2.22; \"\/><\/p>\n<p>        Trump om ICE-drapet: &#8211; Helt forferdelig<\/p>\n<p>    <\/a><\/p>\n<p>P\u00e5 samme pressekonferanse deltok ogs\u00e5 USAs visepresident J.D. Vance. Han fortalte at agenten som skj\u00f8t og drepte Good i Minneapolis, var blitt p\u00e5kj\u00f8rt under et oppdrag et halvt \u00e5r tidligere.\u00a0<\/p>\n<p>&#8211; Hun pr\u00f8vde \u00e5 kj\u00f8re over ham med bilen sin. Han skj\u00f8t tilbake, han forsvarte seg selv. Han har blitt skadd i et oppdrag f\u00f8r, tordnet visepresidenten.<\/p>\n<p>Vance mener at personer og media som forteller at kvinnen bare var ute p\u00e5 en vanlig kj\u00f8retur i Minneapolis, og s\u00e5 ble skutt og drept av ICE-agenten, sprer l\u00f8gner.\u00a0<\/p>\n<p>&#8211; Dere b\u00f8r skamme dere, hver og en av dere.\u00a0<\/p>\n<p>    <a itemprop=\"url\" href=\"https:\/\/www.dagbladet.no\/nyheter\/vi-er-under-angrep\/84074660\" rel=\"nofollow noopener\" target=\"_blank\"><\/p>\n<p>        <img loading=\"lazy\" decoding=\"async\" src=\"https:\/\/www.europesays.com\/no\/wp-content\/uploads\/2026\/01\/1767989122_856_84074782.webp.webp\" width=\"980\" height=\"441\" title=\"- Vi er under angrep\" alt=\"\" class=\"lazyload\" style=\"--aspect-ratio-image: 2.22; \"\/><\/p>\n<p>        &#8211; Vi er under angrep<\/p>\n<p>    <\/a><\/p>\n","protected":false},"excerpt":{"rendered":"MINNEAPOLIS (Dagbladet): Den 37 \u00e5r gamle sm\u00e5barnsmora Renee Nicole Good d\u00f8de i Minneapolis onsdag kveld etter at hun&hellip;\n","protected":false},"author":2,"featured_media":133379,"comment_status":"","ping_status":"","sticky":false,"template":"","format":"standard","meta":{"footnotes":""},"categories":[12],"tags":[20,21,24,25,15,22,23,13,30,28,29,14,16,218,4410,4407,4409,4408,4406,26,27,42,43,44,45],"class_list":{"0":"post-133378","1":"post","2":"type-post","3":"status-publish","4":"format-standard","5":"has-post-thumbnail","7":"category-verden","8":"tag-breaking-news","9":"tag-breakingnews","10":"tag-featured-news","11":"tag-featurednews","12":"tag-headlines","13":"tag-latest-news","14":"tag-latestnews","15":"tag-news","16":"tag-no","17":"tag-norge","18":"tag-norway","19":"tag-nyheter","20":"tag-overskrifter","21":"tag-pluss","22":"tag-quiz","23":"tag-quiz-sporsmal","24":"tag-simenstikjappe","25":"tag-tema","26":"tag-test-deg-selv","27":"tag-top-stories","28":"tag-topstories","29":"tag-verden","30":"tag-world","31":"tag-world-news","32":"tag-worldnews"},"share_on_mastodon":{"url":"https:\/\/pubeurope.com\/@no\/115866941797618059","error":""},"_links":{"self":[{"href":"https:\/\/www.europesays.com\/no\/wp-json\/wp\/v2\/posts\/133378","targetHints":{"allow":["GET"]}}],"collection":[{"href":"https:\/\/www.europesays.com\/no\/wp-json\/wp\/v2\/posts"}],"about":[{"href":"https:\/\/www.europesays.com\/no\/wp-json\/wp\/v2\/types\/post"}],"author":[{"embeddable":true,"href":"https:\/\/www.europesays.com\/no\/wp-json\/wp\/v2\/users\/2"}],"replies":[{"embeddable":true,"href":"https:\/\/www.europesays.com\/no\/wp-json\/wp\/v2\/comments?post=133378"}],"version-history":[{"count":0,"href":"https:\/\/www.europesays.com\/no\/wp-json\/wp\/v2\/posts\/133378\/revisions"}],"wp:featuredmedia":[{"embeddable":true,"href":"https:\/\/www.europesays.com\/no\/wp-json\/wp\/v2\/media\/133379"}],"wp:attachment":[{"href":"https:\/\/www.europesays.com\/no\/wp-json\/wp\/v2\/media?parent=133378"}],"wp:term":[{"taxonomy":"category","embeddable":true,"href":"https:\/\/www.europesays.com\/no\/wp-json\/wp\/v2\/categories?post=133378"},{"taxonomy":"post_tag","embeddable":true,"href":"https:\/\/www.europesays.com\/no\/wp-json\/wp\/v2\/tags?post=133378"}],"curies":[{"name":"wp","href":"https:\/\/api.w.org\/{rel}","templated":true}]}}