{"id":133389,"date":"2026-01-09T20:14:06","date_gmt":"2026-01-09T20:14:06","guid":{"rendered":"https:\/\/www.europesays.com\/no\/133389\/"},"modified":"2026-01-09T20:14:06","modified_gmt":"2026-01-09T20:14:06","slug":"ekspert-frykter-at-situasjonen-i-usa-kan-eskalere-nrk-norge-oversikt-over-nyheter-fra-ulike-deler-av-landet","status":"publish","type":"post","link":"https:\/\/www.europesays.com\/no\/133389\/","title":{"rendered":"Ekspert frykter at \u00adsituasjonen i USA kan eskalere \u2013 NRK Norge \u2013 Oversikt over nyheter fra ulike deler av landet"},"content":{"rendered":"<p>Saken oppsummert<\/p>\n<p>\u2022 Renee Nicole Good (37) ble skutt og drept av en ICE-agent i Minneapolis, noe som har f\u00f8rt til sterke reaksjoner og demonstrasjoner i USA. <br \/>\u2022 Trump-administrasjonen har utvidet ICEs mandat, og gitt dem 75 milliarder dollar i ekstra midler. <br \/>\u2022 Operasjonen i Minnesota er knyttet til p\u00e5stander om trygdesvindel og ulovlig innvandring. 2000 f\u00f8derale agenter er sagt at skal utplasseres i delstaten. <br \/>\u2022 Statsviter Hilmar Mjelde beskriver situasjonen som et bilde p\u00e5 den politiske ustabiliteten som har preget USA de siste \u00e5rene.<\/p>\n<p>Oppsummeringen er laget av en KI-tjeneste fra OpenAI. Innholdet er kvalitetssikret av NRKs journalister f\u00f8r publisering.<\/p>\n<p><strong>\u2013 Dette blir den st\u00f8rste immigrasjonsaksjonen noensinne, sa ICE-direkt\u00f8r Todd Lyons tirsdag.<\/strong><\/p>\n<p>Han snakket om innsatsen etaten skulle gj\u00f8re i Minneapolis-omr\u00e5det de kommende ukene.<\/p>\n<p>Dagen etter utsagnet ble Renee Nicole Good (37) skutt og drept av en ICE-agent i Minneapolis.<\/p>\n<p>ICE er den f\u00f8derale etaten som h\u00e5ndhever lover rundt innvandring. De etterforsker, arresterer og deporterer ulovlige innvandrere i USA.<\/p>\n<p>P\u00e5stander om trygdesvindel<\/p>\n<p>I sammenheng med aksjonen, planla Trump-administrasjonen \u00e5 utplassere ytterligere 2000 f\u00f8derale agenter i Minnesota i tiden fremover, <a href=\"https:\/\/apnews.com\/article\/immigration-enforcement-ice-noem-minnesota-somali-db661df6de1131a034da2bda4bb3d817\" ec-id=\"https:\/\/apnews.com\/article\/immigration-enforcement-ice-noem-minnesota-somali-db661df6de1131a034da2bda4bb3d817\" ec-name=\"skrev nyhetsbyr\u00e5et AP tirsdag.\" rel=\"nofollow noopener\" target=\"_blank\">skrev nyhetsbyr\u00e5et AP tirsdag.<\/a><\/p>\n<p>Bakgrunnen for operasjonen var p\u00e5stander om trygdesvindel i delstaten.<\/p>\n<p>P\u00e5stander om trygdesvindel i Minnesota<\/p>\n<ul>\n<li>I romjulen la den konservative YouTube\u2011skaperen Nick Shirley ut en video hvor han hevdet at barnehager drevet av somalisk-amerikanere i Minnesota hadde svindlet til seg betydelige midler.<\/li>\n<li>Shirley har ikke lagt frem s\u00e6rlig mye bevis som st\u00f8tter hans p\u00e5stander, <a href=\"https:\/\/www.nrk.no\/urix\/ny-video-viser-at-george-floyd-grat-av-redsel-under-arrestasjonen-1.15110121\" ec-id=\"pp:article:1.15110121\" ec-name=\"if\u00f8lge CNN\" rel=\"nofollow noopener\" target=\"_blank\">if\u00f8lge CNN<\/a>.<\/li>\n<li>Videoen ble blant annet delt p\u00e5 X av USAs visepresident J.D. Vance, og har f\u00e5tt flere millioner visninger p\u00e5 forskjellige plattformer.<\/li>\n<li>Trump-administrasjonen tok raskt grep. Sikkerhetsdepartementet (DHS) og FBI \u00f8kte tilstedev\u00e6relsen sin i Minnesota, og f\u00f8deral st\u00f8tte til barneomsorg i hele delstaten ble frosset, <a href=\"https:\/\/edition.cnn.com\/2026\/01\/05\/us\/minnesota-child-care-fraud-investigation\" ec-id=\"https:\/\/edition.cnn.com\/2026\/01\/05\/us\/minnesota-child-care-fraud-investigation\" ec-name=\"skriver CNN\" rel=\"nofollow noopener\" target=\"_blank\">skriver CNN<\/a>.<\/li>\n<li>Mandag kunngjorde tidligere visepresidentkandidat Tim Walz at han ikke stiller til gjenvalg som guvern\u00f8r i Minnesota.<\/li>\n<\/ul>\n<p>Svindelsaken er pekt p\u00e5 som hoved\u00e5rsaken til at Tim Walz, guvern\u00f8ren i Minnesota, ikke tar gjenvalg.<\/p>\n<p>USA-ekspert Erik Mustad er ofte i Minnesota, og er godt kjent med saken.<\/p>\n<p>\u2013 N\u00e5 vil jo da ICE finne ut av hva slags ulovlig innvandring som eventuelt var knyttet til akkurat dette milj\u00f8et, da.<\/p>\n<ul class=\"dhpg__gallery__list\">\n<li class=\"dhpg__gallery__listItem\"><img alt=\"Jan Erik Mustad\"  width=\"2400\" height=\"2400\" loading=\"lazy\"\/>Erik Mustad\n<ul>\n<li>Dosent ved Universitetet i Agder<\/li>\n<\/ul>\n<\/li>\n<\/ul>\n<p>\u2013 Frykter dette kan bli virkelig stygt<\/p>\n<p>Onsdag kveld norsk tid <a href=\"https:\/\/www.nrk.no\/urix\/her-skyter-og-dreper-en-ice-agent-en-kvinne-i-en-bil-i-minneapolis-i-usa-1.17718467\" ec-id=\"pp:article:1.17718467\" ec-name=\"skj\u00f8t og drepte en ICE-agent trebarnsmoren Renee Nicole Good\" rel=\"nofollow noopener\" target=\"_blank\">skj\u00f8t og drepte en ICE-agent trebarnsmoren Renee Nicole Good<\/a> i Minneapolis.<\/p>\n<p>Drapet har skapt kraftige reaksjoner i USA. Flere steder i landet har folk demonstrert mot ICE.<\/p>\n<p>\u2013 Jeg frykter at dette kan bli virkelig stygt.<\/p>\n<p>Det forteller Eirik L\u00f8kke. Han er r\u00e5dgiver i tenketanken Civita og f\u00f8lger Amerikansk politikk tett.<\/p>\n<p>Opptrer etter presidentordre<\/p>\n<p>ICE har v\u00e6rt i drift siden 2003, men har blitt langt mer synlig etter Trump startet sin andre presidentperiode.<\/p>\n<p>\u2013 Han har gitt de utvidet mandat og ekstra midler, forteller L\u00f8kke.<\/p>\n<p>I \u00abOne Big Beautiful Bill\u00bb fikk etaten blant annet 75 milliarder dollar ekstra <a href=\"https:\/\/www.cbsnews.com\/news\/ice-funding-big-beautiful-bill-trump-deportations\/\" ec-id=\"https:\/\/www.cbsnews.com\/news\/ice-funding-big-beautiful-bill-trump-deportations\/\" ec-name=\"if\u00f8lge CBS\" rel=\"nofollow noopener\" target=\"_blank\">if\u00f8lge CBS<\/a>. Det er ikke et \u00e5rlig bel\u00f8p, men en ramme med midler de kan bruke fram til 2029.<\/p>\n<ul class=\"dhpg__gallery__list\">\n<li class=\"dhpg__gallery__listItem\"><img alt=\"en mann som smiler til kameraet\"  width=\"2400\" height=\"2400\" loading=\"lazy\"\/>Eirik L\u00f8kke\n<ul>\n<li>R\u00e5dgiver i tanketanken Civita<\/li>\n<\/ul>\n<\/li>\n<\/ul>\n<p>Samtidig har ICE oppf\u00f8rt seg mer konfronterende, provoserende og mer aggressivt n\u00e5 enn under tidligere presidenter, if\u00f8lge L\u00f8kke.<\/p>\n<p>\u2013 F\u00f8r gikk de prim\u00e6rt etter kriminelle innvandrere. N\u00e5 g\u00e5r de etter alle udokumenterte innvandrere.<\/p>\n<p>Gjennom presidentordre styrer Trump etatens prioriteringer og metoder.<\/p>\n<p>\u2013 De opererer jo ganske hardhendt, som vi s\u00e5 i Minneapolis i g\u00e5r, forteller Erik Mustad.<\/p>\n<p>Han sier at ICE tidligere f\u00f8rst og fremst beskyttet USAs grenser, men n\u00e5 g\u00e5r direkte inn i boliger og i nabolag for \u00e5 utvise personer uten lovlig opphold.<\/p>\n<p><img decoding=\"async\"   src=\"data:image\/gif;base64,R0lGODlhAQABAIAAAAAAAP\/\/\/yH5BAEAAAAALAAAAAABAAEAAAIBRAA7\" loading=\"eager\" alt=\"Flere bev\u00e6pnede politibetjenter st\u00e5r p\u00e5 en gate ved biler etter en hendelse. En hvit og en r\u00f8d bil er involvert i en kollisjon. Omr\u00e5det er avsperret med gult b\u00e5nd, og det ligger sn\u00f8 p\u00e5 bakken. Betjentene er if\u00f8rt taktiske uniformer og utstyr. (Bildebeskrivelsen er laget av en KI-tjeneste)\" title=\"Foto: Tim Evans \/ Reuters \/ NTB\"\/><\/p>\n<p class=\"\">Flere ICE-betjenter p\u00e5 stedet etter hendelsen. <\/p>\n<p>Foto: Tim Evans \/ Reuters \/ NTB<\/p>\n<p>Tungt inne i flere byer<\/p>\n<p>Statsviter Hilmar Mjelde forteller til NRK at det er en politisk situasjon som p\u00e5 mange m\u00e5ter er ute av kontroll.<\/p>\n<ul class=\"dhpg__gallery__list\">\n<li class=\"dhpg__gallery__listItem\"><img alt=\"Hilmar Mjelde, professor i statsvitenskap ved HVL. \"  width=\"2400\" height=\"2400\" loading=\"lazy\"\/>Hilmar Mjelde\n<ul>\n<li>Professor i statsvitenskap ved H\u00f8gskolen p\u00e5 Vestlandet<\/li>\n<\/ul>\n<\/li>\n<\/ul>\n<p>\u2013 USA har v\u00e6rt preget av politisk ustabilitet i mange \u00e5r. Med en god del politisk vold.<\/p>\n<p>\u2013 Akkurat denne situasjonen som skjer i flere storbyer akkurat n\u00e5 med ICE og Nasjonalgarden, som er tungt inne i flere byer, er et godt bilde p\u00e5 dette.<\/p>\n<p><img decoding=\"async\"   src=\"data:image\/gif;base64,R0lGODlhAQABAIAAAAAAAP\/\/\/yH5BAEAAAAALAAAAAABAAEAAAIBRAA7\" loading=\"eager\" alt=\"En gruppe mennesker deltar i en demonstrasjon, holdende plakater. En person i midten holder en plakat med teksten &quot;IMMIGRANTS ARE WELCOME HERE&quot;. Omr\u00e5det er urbant, med bolighus i bakgrunnen og sn\u00f8 p\u00e5 bakken, som antyder vinterforhold. Deltakerne er kledd i varme kl\u00e6r, og uttrykker st\u00f8tte for innvandrere. (Bildebeskrivelsen er laget av en KI-tjeneste)\" title=\"Foto: DAVID BERDING \/ AFP \/ NTB\"\/><\/p>\n<p class=\"\">Flere samlet seg i omr\u00e5det for \u00e5 protestere mot ICE. <\/p>\n<p>Foto: DAVID BERDING \/ AFP \/ NTB<\/p>\n<p>I fjor sommer ble blant annet nasjonalgarden satt inn i Los Angeles for \u00e5 <a href=\"https:\/\/www.nbclosangeles.com\/news\/local\/national-guard-troops-protecting-ice-agents\/3720717\/\" ec-id=\"https:\/\/www.nbclosangeles.com\/news\/local\/national-guard-troops-protecting-ice-agents\/3720717\/\" ec-name=\"beskytte ICE-agenter\" rel=\"nofollow noopener\" target=\"_blank\">beskytte ICE-agenter<\/a> som utf\u00f8rte arrestasjoner.<\/p>\n<p>\u2013 Dette er en president som setter inn veldig kraftfulle virkemidler, for \u00e5 gj\u00f8re noe med kriminalitet og illegal innvandring.<\/p>\n<p>\u2013 Denne skytingen skjedde kun halvannen kilometer fra der <a href=\"https:\/\/www.nrk.no\/urix\/ny-video-viser-at-george-floyd-grat-av-redsel-under-arrestasjonen-1.15110121\" ec-id=\"pp:article:1.15110121\" ec-name=\"George Floyd ble drept for fem \u00e5r siden.\" rel=\"nofollow noopener\" target=\"_blank\">George Floyd ble drept for fem \u00e5r siden.<\/a> S\u00e5 her er det en veldig anspent politisk kontekst, som er en del av bildet.<\/p>\n<p>    <img alt=\"En gruppe mennesker er samlet i m\u00f8rket rundt en lyktestolpe som har plakater og en tent lys. Plakatene viser et bilde av en kvinne med teksten &quot;RIP RENEE&quot; og &quot;MURDERED BY ICE&quot;. Noen av de tilstedev\u00e6rende har p\u00e5 seg luer og skjerf for \u00e5 bekjempe kulden, og de ser ut til \u00e5 v\u00e6re i en s\u00f8rgeprosess. En stor h\u00e5ndskrevet plakat med ordet &quot;TERRORIST&quot; er festet til lysestolpen, noe som indikerer en politisk eller sosial kommentar. (Bildebeskrivelsen er laget av en KI-tjeneste)\" width=\"1600\" height=\"2133\"  loading=\"lazy\"\/><\/p>\n<p>Drapet p\u00e5 37-\u00e5ringen har skapt kraftige reaksjoner. <\/p>\n<p><img alt=\"En agent fra US Border Patrol holder en person nede i sn\u00f8en under en p\u00e5gripelse. Den p\u00e5grepne personen ser ut til \u00e5 v\u00e6re if\u00f8rt m\u00f8rke kl\u00e6r, mens agenten har p\u00e5 seg en uniformert drakt med flere utstyrselementer. I bakgrunnen st\u00e5r flere personer som ser p\u00e5 situasjonen. Omr\u00e5det er dekket av sn\u00f8, og det er en klar himmel over dem. (Bildebeskrivelsen er laget av en KI-tjeneste)\" width=\"1600\" height=\"2129\"  loading=\"lazy\"\/><\/p>\n<p>Allerede rett etter skytingen, kom det til sammenst\u00f8t mellom myndigheter og demonstranter.<\/p>\n<p><img alt=\"En person holder et skilt med teksten &quot;ICE OUT OF NYC&quot; ved en demonstrasjon, mens en amerikansk flagg er festet til stangen. Bakgrunnen viser uskarpe lys og en gruppe personer som deltar i protesten. Flere andre skilt er synlige i n\u00e6rheten, som st\u00f8tter budskapet om immigrasjon og rettigheter. Omgivelsene gir inntrykk av en offentlig plass i en bysetting. (Bildebeskrivelsen er laget av en KI-tjeneste)\" width=\"1600\" height=\"2129\"  loading=\"lazy\"\/><\/p>\n<p>Drapet har f\u00f8rt til demonstrasjoner flere steder i USA. Det er ulike meninger om hva som egentlig skjedde. <\/p>\n<p><img alt=\"Minneapolis' ordf\u00f8rer holder en tale ved en pressekonferanse. Han st\u00e5r bak en talerstol med byens segl og uttrykker sitt syn p\u00e5 ICE. Det er ogs\u00e5 en uniformert politimann synlig i bakgrunnen. Arrangementet finner sted innend\u00f8rs, med m\u00f8rke vegger som bakgrunn. (Bildebeskrivelsen er laget av en KI-tjeneste)\" width=\"1600\" height=\"2132\"  loading=\"lazy\"\/><\/p>\n<p>Ordf\u00f8rer i Minneapolis Jacob Lawrence Frey mener betjenten som skj\u00f8t handlet uaktsomt. <\/p>\n<p><img alt=\"En pressekonferanse finner sted i Minneapolis, hvor en talsperson st\u00e5r foran et podium. Flere uniformerte personer er samlet bak taleren, sammen med amerikanske flagg. Taleren diskuterer en hendelse som involverer politiet. Det er tydelig fokus p\u00e5 politiets respons og situasjonen rundt en p\u00e5g\u00e5ende etterforskning. (Bildebeskrivelsen er laget av en KI-tjeneste)\" width=\"1600\" height=\"2131\"  loading=\"lazy\"\/><\/p>\n<p>Men USAs sikkerhetsminister hevder Good pr\u00f8vde \u00e5 kj\u00f8re p\u00e5 betjentene og at hun ble skutt i selvforsvar. <\/p>\n<p>Interessert i utenriksstoff? H\u00f8r Urix sin podkast her:<\/p>\n<p>Publisert<\/p>\n<p>09.01.2026, kl. 20.44<\/p>\n","protected":false},"excerpt":{"rendered":"Saken oppsummert \u2022 Renee Nicole Good (37) ble skutt og drept av en ICE-agent i Minneapolis, noe som&hellip;\n","protected":false},"author":2,"featured_media":133390,"comment_status":"","ping_status":"","sticky":false,"template":"","format":"standard","meta":{"footnotes":""},"categories":[5],"tags":[20,21,24,25,15,19,22,23,17,18,13,30,28,29,14,16,26,27],"class_list":{"0":"post-133389","1":"post","2":"type-post","3":"status-publish","4":"format-standard","5":"has-post-thumbnail","7":"category-overskrifter","8":"tag-breaking-news","9":"tag-breakingnews","10":"tag-featured-news","11":"tag-featurednews","12":"tag-headlines","13":"tag-hovedoppslag","14":"tag-latest-news","15":"tag-latestnews","16":"tag-main-news","17":"tag-mainnews","18":"tag-news","19":"tag-no","20":"tag-norge","21":"tag-norway","22":"tag-nyheter","23":"tag-overskrifter","24":"tag-top-stories","25":"tag-topstories"},"share_on_mastodon":{"url":"https:\/\/pubeurope.com\/@no\/115866977124730729","error":""},"_links":{"self":[{"href":"https:\/\/www.europesays.com\/no\/wp-json\/wp\/v2\/posts\/133389","targetHints":{"allow":["GET"]}}],"collection":[{"href":"https:\/\/www.europesays.com\/no\/wp-json\/wp\/v2\/posts"}],"about":[{"href":"https:\/\/www.europesays.com\/no\/wp-json\/wp\/v2\/types\/post"}],"author":[{"embeddable":true,"href":"https:\/\/www.europesays.com\/no\/wp-json\/wp\/v2\/users\/2"}],"replies":[{"embeddable":true,"href":"https:\/\/www.europesays.com\/no\/wp-json\/wp\/v2\/comments?post=133389"}],"version-history":[{"count":0,"href":"https:\/\/www.europesays.com\/no\/wp-json\/wp\/v2\/posts\/133389\/revisions"}],"wp:featuredmedia":[{"embeddable":true,"href":"https:\/\/www.europesays.com\/no\/wp-json\/wp\/v2\/media\/133390"}],"wp:attachment":[{"href":"https:\/\/www.europesays.com\/no\/wp-json\/wp\/v2\/media?parent=133389"}],"wp:term":[{"taxonomy":"category","embeddable":true,"href":"https:\/\/www.europesays.com\/no\/wp-json\/wp\/v2\/categories?post=133389"},{"taxonomy":"post_tag","embeddable":true,"href":"https:\/\/www.europesays.com\/no\/wp-json\/wp\/v2\/tags?post=133389"}],"curies":[{"name":"wp","href":"https:\/\/api.w.org\/{rel}","templated":true}]}}