{"id":133397,"date":"2026-01-09T20:20:22","date_gmt":"2026-01-09T20:20:22","guid":{"rendered":"https:\/\/www.europesays.com\/no\/133397\/"},"modified":"2026-01-09T20:20:22","modified_gmt":"2026-01-09T20:20:22","slug":"helse-nord-styreleder-blir-ny-styreleder-i-helse-nord-stort-og-ansvarsfullt-oppdrag","status":"publish","type":"post","link":"https:\/\/www.europesays.com\/no\/133397\/","title":{"rendered":"Helse Nord, Styreleder | Blir ny styreleder i Helse Nord: \u2013 Stort og ansvarsfullt oppdrag"},"content":{"rendered":"\n<p>Det opplyser Helse Nord i en pressemelding.<\/p>\n<p>Den nye styrelederen er Gunnar Alskog. Han har tidligere v\u00e6rt styremedlem i b\u00e5de Nordlandssykehuset og Finnmarkssykehuset.<\/p>\n<p>\u2013 Erfaringen derfra vil v\u00e6re til hjelp i oppdraget jeg har n\u00e5 har p\u00e5tatt meg. Det er en stort og ansvarsfullt oppdrag, sier Alskog.<\/p>\n<p>\u2013 Helse Nord RHF og styret skal sikre befolkningen i Nord-Norge gode og likeverdige spesialisthelsetjenester. Jeg kjenner b\u00e5de stor \u00e6refrykt og sterk motivasjon.<\/p>\n<p>Rune Gjertin Rafaelsen fortsetter som nestleder, og Tone Hauge og Harald Larssen er fortsatt med som styremedlemmer. Nye medlemmer av styret er Tor Ingrebrigtsen, Marit Mikkelsdatter Kemi og Hanne Elise Skare. Det er ingen endringer av styremedlemmer som er valgt av og blant ansatte.<\/p>\n<p>\u2013 M\u00e5 bringe \u00f8konomien i balanse<\/p>\n<p>Alskog legger til at spesialisthelsetjenesten st\u00e5r i store utfordringer, blant annet som f\u00f8lge av en aldrende befolkning og knapphet p\u00e5 helsepersonell. Han sier Helse Nord vil m\u00f8te disse utfordringene offensivt, uten at det g\u00e5r utover ressursene. De viktigste prioriteringene hans vil v\u00e6re \u00f8konomisk og bemanningsmessig b\u00e6rekraft.<\/p>\n<p>\u2013 Skal vi f\u00e5 det til, m\u00e5 vi bringe \u00f8konomien i sykehusforetakene i balanse. En sunn \u00f8konomi gj\u00f8r at de kan investere og utvikle gode behandlingstilbud som kan st\u00e5 seg selv om tilgangen p\u00e5 helsepersonell blir mindre.<\/p>\n<p>\u2013 En god samhandling med prim\u00e6rhelsetjenesten, kommunene og gode prehospitale tjenester vil v\u00e6re sv\u00e6rt viktig for \u00e5 lykkes med dette arbeidet, understreker han.<\/p>\n<p>Videre vil Alskog som styreleder ogs\u00e5 prioritere \u00e5 f\u00e5 en fornuftig arbeidsdeling mellom de ulike sykehusene i regionen, heter det i pressemeldingen.<\/p>\n<p>\u2013 Alle skal ikke gj\u00f8re alt. Vi m\u00e5 innrette tjenestene slik at pasientene f\u00e5r et best mulig tilbud i regionen som helhet. Vi skal ha gode lokalsykehus som kan ivareta den store bredden av behov.<\/p>\n<p>Landsdelen trenger ogs\u00e5 et sterkt regionssykehus med ansvar for h\u00f8yspesialiserte tjenester, slik at ogs\u00e5 NordNorge er selvforsynt med de beste behandlingstilbudene, sier Alskog.<\/p>\n<p>\u2013 Det har vi i dag, og vi skal sikre at vi ogs\u00e5 har det fremover.<\/p>\n<p>\u2013 Kjenner et visst vemod<\/p>\n<p>Alskog g\u00e5r inn i rollen etter avtroppende Renate Larsen, som har hatt rollen i over syv \u00e5r. Administrerende direkt\u00f8r Marit Lind sier hun ser frem til \u00e5 bli bedre kjent og starte det nye arbeidet med styret.<\/p>\n<p>\u2013 Jeg vil ogs\u00e5 takke Renate Larsen for samarbeidet. Hun har ledet styret i en tid med store utfordringer og flere vanskelige saker.<\/p>\n<p>Larsen takker for tilliten hun har blitt vist.<\/p>\n<p>\u2013 Det st\u00e5r ikke til \u00e5 nekte at jeg kjenner et visst vemod n\u00e5r jeg forlater styreledervervet i Helse Nord RHF, men tidspunktet er riktig. Jeg vil rette en stor takk til styrekollegaer og administrasjonen for godt og konstruktivt samarbeid.<\/p>\n<p>Larsen mener helseforetaket har f\u00e5tt utrettet mye. Hun viser blant annet til reduserte ventetider og mindre bruk av innleids arbeidskraft.<\/p>\n<p>\u2013 Vi har bygget og fornyet flere av sykehusene v\u00e5re, fattet viktige strukturvedtak, h\u00e5ndtert pandemien godt og n\u00e5 er ogs\u00e5 sykehus\u00f8konomien i bedring. Nasjonale kvalitetsregistre viser at vi har god kvalitet og gode behandlingsresultater i landsdelen.<\/p>\n<p>Omstillingsarbeidet m\u00e5 riktignok fortsette, understreker Larsen, som \u00f8nsker det nye styret lykke til. <\/p>\n<p>  <a href=\"https:\/\/www.ranablad.no\/5-42-1422256\" class=\"related-teaser has-image default-story-teaser article--c-eRUmMG article--c-eRUmMG-jKCPdD-design-default\" rel=\"nofollow noopener\" target=\"_blank\"><\/p>\n<p>    <img decoding=\"async\" loading=\"lazy\"  src=\"https:\/\/www.europesays.com\/no\/wp-content\/uploads\/2026\/01\/Helse+Nord+Styremte.+Marit+Lind%2Cdirektr%2C+Renate+Larsen+%2CStyreleder.+Info+sjef.+Skjalg+Fjellhei.jpeg\" alt=\"\" class=\"brick-c-cFOWSL\" style=\"\"\/><\/p>\n<p>\n            Les ogs\u00e5<\/p>\n<p>              Svarer ikke p\u00e5 om hun har tillit til styret i Helgelandssykehuset, men Helse Nords Renate Larsen er klar i sin holdning til styreleder Arne Benjaminsen\n        <\/p>\n<p>  <\/a><\/p>\n<p>  <a href=\"https:\/\/www.ranablad.no\/5-42-1340814\" class=\"related-teaser has-image default-story-teaser article--c-eRUmMG article--c-eRUmMG-jKCPdD-design-default\" rel=\"nofollow noopener\" target=\"_blank\"><\/p>\n<p>    <img decoding=\"async\" loading=\"lazy\"  src=\"https:\/\/www.europesays.com\/no\/wp-content\/uploads\/2026\/01\/JCN_9882.jpg\" alt=\"\" class=\"brick-c-cFOWSL\" style=\"\"\/><\/p>\n<p>\n            Les ogs\u00e5<\/p>\n<p>              Forventer at det ikke blir en ny dragkamp p\u00e5 Helgeland: \u2013 Vi trenger \u00e5 komme oss videre\n        <\/p>\n<p>  <\/a><\/p>\n<p>  <a href=\"https:\/\/www.ranablad.no\/5-42-1303977\" class=\"related-teaser has-image default-story-teaser article--c-eRUmMG article--c-eRUmMG-jKCPdD-design-default\" rel=\"nofollow noopener\" target=\"_blank\"><\/p>\n<p>    <img decoding=\"async\" loading=\"lazy\"  src=\"https:\/\/www.europesays.com\/no\/wp-content\/uploads\/2026\/01\/Helse+Nord+Styremte.+Marit+Lind%2Cdirektr%2C+Renate+Larsen+%2CStyreleder.+Info+sjef.+Skjalg+Fjellhei.jpeg\" alt=\"\" class=\"brick-c-cFOWSL\" style=\"\"\/><\/p>\n<p>\n            Les ogs\u00e5<\/p>\n<p>              Helse Nord-styresaken: Sivilombudet prioriterer ikke \u00e5 behandle klagen. Lovligheten ser s\u00e5 langt ikke ut til \u00e5 bli vurdert av uhildet instans\n        <\/p>\n<p>  <\/a><\/p>\n<p>  <a href=\"https:\/\/www.ranablad.no\/5-42-1292734\" class=\"related-teaser has-image default-story-teaser article--c-eRUmMG article--c-eRUmMG-jKCPdD-design-default\" rel=\"nofollow noopener\" target=\"_blank\"><\/p>\n<p>    <img decoding=\"async\" loading=\"lazy\"  src=\"https:\/\/www.europesays.com\/no\/wp-content\/uploads\/2026\/01\/alter.jpg\" alt=\"\" class=\"brick-c-cFOWSL\" style=\"\"\/><\/p>\n<p>\n            Les ogs\u00e5<\/p>\n<p>              Ville ha uhildet juridisk vurdering, men flertallet i Helse Nord frikjente i stedet seg selv: \u2013 Visste ikke f\u00f8r jeg leste i Rana Blad, at det var bedt om juridisk r\u00e5d\n        <\/p>\n<p>  <\/a><\/p>\n","protected":false},"excerpt":{"rendered":"Det opplyser Helse Nord i en pressemelding. Den nye styrelederen er Gunnar Alskog. Han har tidligere v\u00e6rt styremedlem&hellip;\n","protected":false},"author":2,"featured_media":133398,"comment_status":"","ping_status":"","sticky":false,"template":"","format":"standard","meta":{"footnotes":""},"categories":[10],"tags":[36,20,21,24,25,15,8164,22,23,13,30,2698,28,29,14,16,1510,15390,26,27],"class_list":{"0":"post-133397","1":"post","2":"type-post","3":"status-publish","4":"format-standard","5":"has-post-thumbnail","7":"category-norge","8":"tag-art","9":"tag-breaking-news","10":"tag-breakingnews","11":"tag-featured-news","12":"tag-featurednews","13":"tag-headlines","14":"tag-helse-nord","15":"tag-latest-news","16":"tag-latestnews","17":"tag-news","18":"tag-no","19":"tag-nord-norge","20":"tag-norge","21":"tag-norway","22":"tag-nyheter","23":"tag-overskrifter","24":"tag-story","25":"tag-styreleder","26":"tag-top-stories","27":"tag-topstories"},"share_on_mastodon":{"url":"https:\/\/pubeurope.com\/@no\/115867000899039198","error":""},"_links":{"self":[{"href":"https:\/\/www.europesays.com\/no\/wp-json\/wp\/v2\/posts\/133397","targetHints":{"allow":["GET"]}}],"collection":[{"href":"https:\/\/www.europesays.com\/no\/wp-json\/wp\/v2\/posts"}],"about":[{"href":"https:\/\/www.europesays.com\/no\/wp-json\/wp\/v2\/types\/post"}],"author":[{"embeddable":true,"href":"https:\/\/www.europesays.com\/no\/wp-json\/wp\/v2\/users\/2"}],"replies":[{"embeddable":true,"href":"https:\/\/www.europesays.com\/no\/wp-json\/wp\/v2\/comments?post=133397"}],"version-history":[{"count":0,"href":"https:\/\/www.europesays.com\/no\/wp-json\/wp\/v2\/posts\/133397\/revisions"}],"wp:featuredmedia":[{"embeddable":true,"href":"https:\/\/www.europesays.com\/no\/wp-json\/wp\/v2\/media\/133398"}],"wp:attachment":[{"href":"https:\/\/www.europesays.com\/no\/wp-json\/wp\/v2\/media?parent=133397"}],"wp:term":[{"taxonomy":"category","embeddable":true,"href":"https:\/\/www.europesays.com\/no\/wp-json\/wp\/v2\/categories?post=133397"},{"taxonomy":"post_tag","embeddable":true,"href":"https:\/\/www.europesays.com\/no\/wp-json\/wp\/v2\/tags?post=133397"}],"curies":[{"name":"wp","href":"https:\/\/api.w.org\/{rel}","templated":true}]}}