{"id":133401,"date":"2026-01-09T20:23:16","date_gmt":"2026-01-09T20:23:16","guid":{"rendered":"https:\/\/www.europesays.com\/no\/133401\/"},"modified":"2026-01-09T20:23:16","modified_gmt":"2026-01-09T20:23:16","slug":"pa-tv-vokteren-seerstorm-etter-vokteren-vi-skrudde-av-tv-en","status":"publish","type":"post","link":"https:\/\/www.europesays.com\/no\/133401\/","title":{"rendered":"P\u00e5 TV, Vokteren | Seerstorm etter \u00abVokteren\u00bb: \u2013 Vi skrudde av TV-en"},"content":{"rendered":"\n<p><a href=\"https:\/\/www.nettavisen.no\/\" rel=\"Follow nofollow noopener\" target=\"_blank\">Nettavisen:<\/a> I ukens episode av \u00abVokteren\u00bb blir det h\u00f8y dramatikk n\u00e5r deltakerne m\u00f8tes til en avgj\u00f8rende fjellutfordring. Lagene st\u00e5r p\u00e5 hvert sitt fjell med en line mellom seg, der det ene laget har \u00f8ksen, og dermed makten.<\/p>\n<p>Laget med ulempe m\u00e5 krysse linen, vel vitende om at \u00e9n deltaker elimineres ved at linen kuttes. Sjakkspiller Simen Agdestein (58) st\u00e5r med \u00f8ksen, og gruppen velger \u00e5 eliminere \u00abGod morgen Norge\u00bb-programleder V\u00e5r Staude (59).<\/p>\n<p>Men f\u00f8r linen kuttes, holder Agdestein en 20 minutter lang tale, mens Staude henger i luften.<\/p>\n<p>Etter episoden torsdag kveld har ikke seernes reaksjoner latt vente p\u00e5 seg.<\/p>\n<p><b>Se hendelsen i videoen under! <\/b><\/p>\n<p>\u2013 Er han helt uten antenner?<\/p>\n<p>I kommentarfeltet til Nettavisen p\u00e5 <a href=\"https:\/\/www.facebook.com\/nettavisen.no\" rel=\"Follow nofollow noopener\" target=\"_blank\">Facebook <\/a>reagerer flere sterkt p\u00e5 Agdesteins opptreden.<\/p>\n<p>\u2013 Er han helt uten sosiale antenner? skriver en.<\/p>\n<p>\u2013 Det var rett og slett vondt \u00e5 se. Pinlig og flaut, skriver en annen.<\/p>\n<p>   <img decoding=\"async\" width=\"8192\" height=\"5464\" fetchpriority=\"low\"  loading=\"lazy\"  src=\"https:\/\/www.europesays.com\/no\/wp-content\/uploads\/2026\/01\/Haakon+Lundkvist_Vokteren+S02D03_+-78+of+141-_HLP_1280.jpg\" alt=\"\" class=\"brick-c-cFOWSL\" style=\"--brick-image-ratio: 8192 \/ 5464;\"\/><\/p>\n<p>      SJOKKERT: Louise Angelica Riise lot seg sjokkere av Simen Agdesteins oppf\u00f8rsel.<br \/>\n      Foto: Haakon Lundkvist\n    <\/p>\n<p>En tredje seer beskriver oppf\u00f8rselen til Agdestein som stygg.<\/p>\n<p>\u2013 Vi skrudde av TV-en, dette var ikke bra, skriver en fjerde.<\/p>\n<p>Samtidig f\u00e5r Agdestein ogs\u00e5 st\u00f8tte. Flere mener at dette var et realt sjakktrekk av Agdestein.<\/p>\n<p>\u2013 Det er et spill: vinn eller forsvinn. Godt trekk, skriver en seer i Nettavisens kommentarfelt.<\/p>\n<p>   <img decoding=\"async\" width=\"8192\" height=\"5464\" fetchpriority=\"low\"  loading=\"lazy\"  src=\"https:\/\/www.europesays.com\/no\/wp-content\/uploads\/2026\/01\/Haakon+Lundkvist_Vokteren+S02D03_+-89+of+141-_HLP_1856.jpg\" alt=\"\" class=\"brick-c-cFOWSL\" style=\"--brick-image-ratio: 8192 \/ 5464;\"\/><\/p>\n<p>      SNIPP, SNAPP, SNUTE: For V\u00e5r Staudes del ble \u00abVokteren\u00bb en kort aff\u00e6re.<br \/>\n      Foto: Haakon Lundkvist\n    <\/p>\n<p>Andre lot seg ogs\u00e5 underholde godt av Agdestein.<\/p>\n<p>\u2013 \u00c6 flira m\u00e6 skakk, skriver en.<\/p>\n<p>\u2013 Morsomt med folk som byr p\u00e5 seg selv. Dette er god TV, skriver en annen.<\/p>\n<p>  <a href=\"https:\/\/www.tk.no\/5-51-1785782\" class=\"related-teaser has-image default-story-teaser article--c-eRUmMG article--c-eRUmMG-jKCPdD-design-default\" rel=\"nofollow noopener\" target=\"_blank\"><\/p>\n<p>    <img decoding=\"async\" loading=\"lazy\"  src=\"https:\/\/www.europesays.com\/no\/wp-content\/uploads\/2026\/01\/Magnus+Kleivenes_Photo+cred_+KevinDahlman_ScreamMedia_3.jpg\" alt=\"\" class=\"brick-c-cFOWSL\" style=\"\"\/><\/p>\n<p>\n            Les ogs\u00e5<\/p>\n<p>              Magnus (29) trakk seg under innspillingen av datingprogram: \u2013 Jeg fikk sjokk\n        <\/p>\n<p>  <\/a><br \/>\n  \u2013 Veldig moro<\/p>\n<p>Nettavisen m\u00f8tte deltakerne i forkant av premieren. Agdestein uttalte da at han ikke var forberedt p\u00e5 noen reaksjoner fra TV-seerne.<\/p>\n<p>\u2013 Generelt bryr jeg meg ikke s\u00e5 innmari over s\u00e5nne ting.<\/p>\n<p>   <img decoding=\"async\" width=\"1300\" height=\"900\" fetchpriority=\"low\"  loading=\"lazy\"  src=\"https:\/\/www.europesays.com\/no\/wp-content\/uploads\/2026\/01\/SIMENVOKTER+%281%29.jpg\" alt=\"\" class=\"brick-c-cFOWSL\" style=\"--brick-image-ratio: 1300 \/ 900;\"\/><\/p>\n<p>      MORO: Til tross for harde reaksjoner, synes han selv at egen opptreden var morsom.<br \/>\n      Foto: Henrik Wiese Hansen (Nettavisen)\n    <\/p>\n<p>Agdestein sa ogs\u00e5 at han tok reaksjonene fra de andre deltakerne med humor.<\/p>\n<p>\u2013 Det g\u00e5r ikke s\u00e5 lang tid f\u00f8r det ser ut til at alle hater meg. Det synes jeg jo er veldig moro, sier Agdestein til Nettavisen med et stort smil om munnen.<\/p>\n<p>Agdestein erkjenner samtidig at han ikke tenkte s\u00e5 mye p\u00e5 hvordan Staude opplevde situasjonen.<\/p>\n<p>\u2013 Jeg m\u00e5 innr\u00f8mme at jeg ikke tenkte s\u00e5 mye p\u00e5 at V\u00e5r kanskje syntes det var kjipt \u00e5 st\u00e5 der s\u00e5 lenge.<\/p>\n<p>\u2013 Men jeg beklaget til henne for at jeg ikke viste noe medf\u00f8lelse. At jeg ikke gikk bort til kanten og kikket ned og spurte \u00abDu, g\u00e5r det bra eller?\u00bb.<\/p>\n<p>    Vil du se neste video?<\/p>\n<p>    <a href=\"https:\/\/www.tk.no\/dette-ble-arets-mest-sette-videoer-pa-tk-no\/v\/5-51-1794246\" class=\"recommend-poster\" data-adp-clicklabel=\"video-recommend\" data-adp-clickvalue=\"poster\" rel=\"nofollow noopener\" target=\"_blank\"><br \/>\n      <img decoding=\"async\" width=\"200\" height=\"200\" loading=\"lazy\" src=\"https:\/\/www.europesays.com\/no\/wp-content\/uploads\/2026\/01\/C5867.00_00_26_04.Still001.png\" alt=\"\" class=\"brick-c-cFOWSL\" style=\"--brick-image-ratio: 200 \/ 200;\"\/><\/p>\n<p>Dette ble \u00e5rets mest sette videoer p\u00e5 tk.no1:24<\/p>\n<p>    <\/a><\/p>\n<p>        Det ble litt kluss da Eren Gj\u00e6gtvik fra Kristiansund skulle gi sin stemme.<br \/>\n        B\u00e6rer ikke nag<\/p>\n<p>Staude selv reagerte mer p\u00e5 talen til Agdestein, enn at hun r\u00f8k ut.<\/p>\n<p>\u2013 Hva er det han driver med? Mannen er jo ikke frisk, tenkte jeg. Han driver med en slags tale, \u00f8ser ut ord om Valhall og Galgeberg. Jeg bare \u00abWhat the fuck?\u00bb, han er jo ute etter \u00e5 lage TV, sier Staude til Nettavisen.<\/p>\n<p>Likevel tar hun det hele med knusende ro.<\/p>\n<p>\u2013 S\u00e5nn er det, noen m\u00e5 det v\u00e6re, og jeg tar den. Du m\u00e5 bare takle det, og st\u00e5 i det n\u00e5r det blir j\u00e6vlig.<\/p>\n<p>   <img decoding=\"async\" width=\"8192\" height=\"5464\" fetchpriority=\"low\"  loading=\"lazy\"  src=\"https:\/\/www.europesays.com\/no\/wp-content\/uploads\/2026\/01\/Haakon+Lundkvist_Vokteren+S02D03_+-21+of+141-_HLP_1410.jpg\" alt=\"\" class=\"brick-c-cFOWSL\" style=\"--brick-image-ratio: 8192 \/ 5464;\"\/><\/p>\n<p>      KNUSENDE RO: \u00c5 ryke ut som nummer to i \u00abVokteren\u00bb tar V\u00e5r Staude helt med ro.<br \/>\n      Foto: Haakon Lundkvist\n    <\/p>\n<p>Hun avviser samtidig at hun b\u00e6rer nag til Agdestein.<\/p>\n<p>\u2013 Jeg har egentlig ikke noe spesielt uoppgjort med han. Han lager et TV-\u00f8yeblikk s\u00e5 godt han kan. Nei, jeg legger ham ikke for hat for dette, sier Staude, og fortsetter:<\/p>\n<p>\u2013 Du kan si, hvis jeg elsker alle de andre, s\u00e5 elsker jeg Simen Agdestein bare litt mindre, ler Staude.<\/p>\n","protected":false},"excerpt":{"rendered":"Nettavisen: I ukens episode av \u00abVokteren\u00bb blir det h\u00f8y dramatikk n\u00e5r deltakerne m\u00f8tes til en avgj\u00f8rende fjellutfordring. Lagene&hellip;\n","protected":false},"author":2,"featured_media":133402,"comment_status":"","ping_status":"","sticky":false,"template":"","format":"standard","meta":{"footnotes":""},"categories":[58],"tags":[36,71,30,28,29,2981,13223,1510,72,4453,13220],"class_list":{"0":"post-133401","1":"post","2":"type-post","3":"status-publish","4":"format-standard","5":"has-post-thumbnail","7":"category-underholdning","8":"tag-art","9":"tag-entertainment","10":"tag-no","11":"tag-norge","12":"tag-norway","13":"tag-pa-tv","14":"tag-simen-agdestein","15":"tag-story","16":"tag-underholdning","17":"tag-var-staude","18":"tag-vokteren"},"share_on_mastodon":{"url":"https:\/\/pubeurope.com\/@no\/115867012512887583","error":""},"_links":{"self":[{"href":"https:\/\/www.europesays.com\/no\/wp-json\/wp\/v2\/posts\/133401","targetHints":{"allow":["GET"]}}],"collection":[{"href":"https:\/\/www.europesays.com\/no\/wp-json\/wp\/v2\/posts"}],"about":[{"href":"https:\/\/www.europesays.com\/no\/wp-json\/wp\/v2\/types\/post"}],"author":[{"embeddable":true,"href":"https:\/\/www.europesays.com\/no\/wp-json\/wp\/v2\/users\/2"}],"replies":[{"embeddable":true,"href":"https:\/\/www.europesays.com\/no\/wp-json\/wp\/v2\/comments?post=133401"}],"version-history":[{"count":0,"href":"https:\/\/www.europesays.com\/no\/wp-json\/wp\/v2\/posts\/133401\/revisions"}],"wp:featuredmedia":[{"embeddable":true,"href":"https:\/\/www.europesays.com\/no\/wp-json\/wp\/v2\/media\/133402"}],"wp:attachment":[{"href":"https:\/\/www.europesays.com\/no\/wp-json\/wp\/v2\/media?parent=133401"}],"wp:term":[{"taxonomy":"category","embeddable":true,"href":"https:\/\/www.europesays.com\/no\/wp-json\/wp\/v2\/categories?post=133401"},{"taxonomy":"post_tag","embeddable":true,"href":"https:\/\/www.europesays.com\/no\/wp-json\/wp\/v2\/tags?post=133401"}],"curies":[{"name":"wp","href":"https:\/\/api.w.org\/{rel}","templated":true}]}}