{"id":133413,"date":"2026-01-09T20:47:07","date_gmt":"2026-01-09T20:47:07","guid":{"rendered":"https:\/\/www.europesays.com\/no\/133413\/"},"modified":"2026-01-09T20:47:07","modified_gmt":"2026-01-09T20:47:07","slug":"arets-tronder-og-arets-hverdagshelt-2025-er-karet-nrk-trondelag-lokale-nyheter-tv-og-radio","status":"publish","type":"post","link":"https:\/\/www.europesays.com\/no\/133413\/","title":{"rendered":"\u00c5rets tr\u00f8nder og \u00c5rets hverdagshelt 2025 er k\u00e5ret \u2013 NRK Tr\u00f8ndelag \u2013 Lokale nyheter, TV og radio"},"content":{"rendered":"<p>Bj\u00f8r\u00e5s mottar prisen for sitt arbeid med forskning p\u00e5 sjeldne sykdommer som barnedemens.<\/p>\n<p><strong>\u2013 Dette betyr fantastisk mye, fordi barnedemens er en veldig alvorlig sykdom, sa Bj\u00f8r\u00e5s da han mottok prisen. <\/strong><\/p>\n<p>I kveld blir prisvinnerne for 2025 hedret under Adresseavisens og Trondheim Symfoniorkesters nytt\u00e5rskonsert i Olavshallen.<\/p>\n<p>Det er redakt\u00f8rene Kirsti Husby (Adresseavisen) og Linn K. Yttervik (NRK) som deler ut prisene i Olavshallen i Trondheim.<\/p>\n<p>Hyller \u00abTeam P\u00f8lsa\u00bb<\/p>\n<p>Magnar Bj\u00f8r\u00e5s er professor ved Institutt for klinisk og molekyl\u00e6r medisin ved NTNU. Sammen med sitt team forsker han p\u00e5 sjeldne sykdommer som barnedemens.<\/p>\n<p>Han peker p\u00e5 at Team P\u00f8lsa har betydd mye for feltet det siste \u00e5ret.<\/p>\n<p><strong>\u2013 Vi har hatt et \u00e5r der vi har sett noen veldig modige ungdommer st\u00e5 fram, ikke minst gjennom Team P\u00f8lsa.<\/strong><\/p>\n<p><img decoding=\"async\"   src=\"data:image\/gif;base64,R0lGODlhAQABAIAAAAAAAP\/\/\/yH5BAEAAAAALAAAAAABAAEAAAIBRAA7\" loading=\"eager\" alt=\"en gruppe mennesker p\u00e5 en scene (Bildebeskrivelsen er laget av en KI-tjeneste)\" title=\"Foto: Richard Sagen \/ Adresseavisen\"\/><\/p>\n<p class=\"\">Magnar Bj\u00f8r\u00e5s f\u00e5r prisen for sin forskning p\u00e5 sjeldne sykdommer.<\/p>\n<p>Foto: Richard Sagen \/ Adresseavisen<\/p>\n<p>\u2013 De har gitt oss en oppmerksomhet s\u00e5nn at vi i forskninga har f\u00e5tt momentum. Og det er kjempeviktig. <\/p>\n<p>Han peker p\u00e5 at forskningsteamet gjennom Syver fra Team P\u00f8lsa sin spleis fikk over 20 millioner kroner.<\/p>\n<p>Det har betydde mye, forteller Bj\u00f8r\u00e5s.<\/p>\n<p><strong>\u2013 Vi har et tverrfaglig team og samarbeid over hele verden, men vi har mangla penger.<\/strong><\/p>\n<p>Juryens begrunnelse:<\/p>\n<p>\u00abMagnar Bj\u00f8r\u00e5s: Professoren ved Institutt for klinisk og molekyl\u00e6r medisin ved NTNU gir h\u00e5p der det trengs mest. Bj\u00f8r\u00e5s og hans team st\u00e5r bak banebrytende forskning p\u00e5 sjeldne sykdommer som barnedemens. Gjennom tett samarbeid med klinikere, forskere, pasienter og p\u00e5r\u00f8rende har Bj\u00f8r\u00e5s bidratt til fremskritt som ogs\u00e5 legges merke til utenfor Norges grenser.\u00bb<\/p>\n<p>\u2013 Disse pengene ga en skikkelig kickstart. Vi kan ikke basere oss p\u00e5 donasjoner, men dette har gjort at vi har f\u00e5tt laget et engasjement og f\u00e5tt et fellesskap med foreldre og unger.<\/p>\n<p>Tidligere vinnere av \u00c5rets tr\u00f8nder<\/p>\n<ul>\n<li>2024: \u00c5ge Aleksandersen<\/li>\n<li>2023: Mushaga Bakenga<\/li>\n<li>2022: Bj\u00f8rn Moe<\/li>\n<li>2021: Tove R\u00f8sstad<\/li>\n<li>2020: Victor Sotberg<\/li>\n<li>2019: Astrid Smeplass<\/li>\n<li>2018: Marit Bj\u00f8rgen<\/li>\n<li>2017: Christian Berge<\/li>\n<li>2016: Birgit Skarstein<\/li>\n<li>2015: K\u00e5re Ingebrigtsen<\/li>\n<li>2014: May-Britt og Edvard Moser<\/li>\n<li>2013: Erlend Johannesen<\/li>\n<li>2012: Alf-Egil Bogen og Vegard Wollan<\/li>\n<li>2011: Arne Okkenhaug<\/li>\n<li>2010: Tare Teksum og Siv Tover\u00f8d<\/li>\n<\/ul>\n<p>\u00c5rets tr\u00f8nder er et samarbeid mellom mediehusene Adresseavisen og NRK Tr\u00f8ndelag<\/p>\n<p>Jobber med barn i krigssoner<\/p>\n<p>NRK Tr\u00f8ndelag og Adresseavisen har sammen k\u00e5ret \u00c5rets tr\u00f8nder siden 2010. Ti \u00e5r senere \u2013 i 2020- kom ogs\u00e5 en ny pris \u2013 \u00c5rets hverdagshelt.<\/p>\n<p><strong>\u2013 Det handler om \u00e5 hele tida tenker p\u00e5 hva jeg kan gj\u00f8re. Enten det gjelder \u00e5 lage musikk som ber\u00f8rer andre, eller hjelpe innvandrerkvinner, fortalte Katrin Glatz Brubakk fra scenen.<\/strong><\/p>\n<p><img decoding=\"async\"   src=\"data:image\/gif;base64,R0lGODlhAQABAIAAAAAAAP\/\/\/yH5BAEAAAAALAAAAAABAAEAAAIBRAA7\" loading=\"eager\" alt=\"en kvinne som synger inn i en mikrofon (Bildebeskrivelsen er laget av en KI-tjeneste)\" title=\"Foto: Richard Sagen \/ Adresseavisen\"\/><\/p>\n<p class=\"\">\u2013 Det finnes alltid noe man kan gj\u00f8re, sa Brubakk fra scenen i Olavshallen. <\/p>\n<p>Foto: Richard Sagen \/ Adresseavisen<\/p>\n<p>Psykologen har i flere \u00e5r reist til konfliktomr\u00e5der gjennom Leger uten grenser for \u00e5 hjelpe barn.<\/p>\n<p>\u2013 <strong>Vi m\u00e5 ikke tro vi m\u00e5 klare alt, men vi kan klare noe, sa Katrin Glatz Brubakk da hun fikk prisen.<\/strong><\/p>\n<p>Juryens begrunnelse:<\/p>\n<p>\u00abKatrin G Brubak: Psykologen fra Trondheim har i flere \u00e5r reist til konfliktomr\u00e5der for \u00e5 hjelpe barn gjennom Leger uten grenser. F\u00f8r hun skulle til Gaza i januar, leste hun at spedbarn fr\u00f8s til d\u00f8de. Hun hev seg rundt og oppfordret folk til \u00e5 strikke. Kort tid etter reiste hun ned til Gaza med tusen luer i bagasjen. Hun har gitt ut boka \u201cDagbok fra Gaza\u201d og jobber utrettelig for \u00e5 gi barn i Gaza en stemme i norsk offentlighet.\u00bb<\/p>\n<p>\u2013 Jeg snubla litt inn i det. Vi var egentlig p\u00e5 en fagsamling p\u00e5 en \u00f8y i Hellas og skulle snakke litt fag og nyte vin, forteller Brubakk om da engasjementet hennes startet.<\/p>\n<p>Dette var p\u00e5 starten av flyktningkrisen i 2015, forteller hun.<\/p>\n<p>\u2013 Der m\u00f8ter jeg en mamma med en tre m\u00e5neder gammel unge p\u00e5 armene. Ungen var kjempeapatisk.<\/p>\n<p><img decoding=\"async\"   src=\"data:image\/gif;base64,R0lGODlhAQABAIAAAAAAAP\/\/\/yH5BAEAAAAALAAAAAABAAEAAAIBRAA7\" loading=\"eager\" alt=\"en person med lilla h\u00e5r (Bildebeskrivelsen er laget av en KI-tjeneste)\" title=\"Foto: Richard Sagen \/ Adresseavisen\"\/><\/p>\n<p class=\"\">Katrin Glatz Brubakk er k\u00e5ret til \u00e5rets hverdagshelt. <\/p>\n<p>Foto: Richard Sagen \/ Adresseavisen<\/p>\n<p>Brubakk forteller at moren hun hadde mistet morsmelken fordi hun ikke hadde mye \u00e5 spise og hadde v\u00e6rt p\u00e5 flukt lenge.<\/p>\n<p><strong>\u2013 Da var det egentlig ikke s\u00e5 vanskelig \u00e5 velge. Det bare ble s\u00e5nn.<\/strong><\/p>\n<p>Tidligere vinnere \u00c5rets hverdagshelt<\/p>\n<p>Utmerkelsen \u00c5rets hverdagshelt var ny i 2020.<\/p>\n<ul>\n<li>2024: Marthe \u00d8yangen<\/li>\n<li>2023: Bodil Morken<\/li>\n<li>2022: Odd Steinar R\u00f8nne<\/li>\n<li>2021: Knut Johan Monkan<\/li>\n<li>2020: Tone Gr\u00e5dal og trillingene Marius, Hanne og Lise Thorvaldsen<\/li>\n<\/ul>\n<p>K\u00e5ring av \u00c5rets hverdagshelt er et samarbeid mellom Adresseavisen og NRK Tr\u00f8ndelag.<\/p>\n<p>Publikum har talt<\/p>\n<p>Det er publikum som foresl\u00e5r kandidater til \u00c5rets tr\u00f8nder og \u00c5rets hverdagshelt.<\/p>\n<p>Publikum stemmer ogs\u00e5 fram \u00c5rets tr\u00f8nder etter at en jury har nominert fem finalister blant alle forslagene som kom inn. N\u00e6rmere 50.000 stemmer kom inn og Bj\u00f8r\u00e5s ble en klar vinner.<\/p>\n<p><img decoding=\"async\"   src=\"data:image\/gif;base64,R0lGODlhAQABAIAAAAAAAP\/\/\/yH5BAEAAAAALAAAAAABAAEAAAIBRAA7\" loading=\"eager\" alt=\"Finalister til \u00c5rets tr\u00f8nder 2025&#10;\" title=\"Foto: Adresseavisen\"\/><\/p>\n<p class=\"\">Disse fem ble nominert til \u00c5rets tr\u00f8nder 2025; Tora Dahle Aag\u00e5rd, Ole Robert Reitan, Johannes H\u00f8sflot Kl\u00e6bo, Magnar Bj\u00f8r\u00e5s og Marianne M\u00f8rck Danielsen.<\/p>\n<p>Foto: Adresseavisen<\/p>\n<p>\u00c5rets hverdagshelt k\u00e5res av redakt\u00f8rene i de to mediehusene blant de fem finalistene som juryen har funnet blant alle forslagene.<\/p>\n<p><img decoding=\"async\"   src=\"data:image\/gif;base64,R0lGODlhAQABAIAAAAAAAP\/\/\/yH5BAEAAAAALAAAAAABAAEAAAIBRAA7\" loading=\"eager\" alt=\"Juryen i \u00c5rets tr\u00f8nder\/\u00c5rets hverdagshelt\" title=\"Foto: Adresseavisen\"\/><\/p>\n<p class=\"\">Denne juryen har g\u00e5tt gjennom alle de mange hundre forslagene til \u00c5rets tr\u00f8nder og \u00c5rets hverdagshelt som kom inn h\u00f8sten 2025. De plukket ut fem finalister i hver klasse. Juryen best\u00e5r av (fv.) Eldar R\u00f8nning, Bj\u00f8rn Tore Gr\u00f8tte (NRK juryleder, foran), Ole Henry Snildalsli, Marthe M\u00f8rseth, Siv Sandvik (Adresseavisen) og Audhild Kvam.\n<\/p>\n<p>Foto: Adresseavisen<\/p>\n<p>Publisert<\/p>\n<p>09.01.2026, kl. 19.29<\/p>\n<p>Oppdatert<\/p>\n<p>09.01.2026, kl. 20.30<\/p>\n","protected":false},"excerpt":{"rendered":"Bj\u00f8r\u00e5s mottar prisen for sitt arbeid med forskning p\u00e5 sjeldne sykdommer som barnedemens. \u2013 Dette betyr fantastisk mye,&hellip;\n","protected":false},"author":2,"featured_media":133414,"comment_status":"","ping_status":"","sticky":false,"template":"","format":"standard","meta":{"footnotes":""},"categories":[5],"tags":[20,21,24,25,15,19,22,23,17,18,13,30,28,29,14,16,26,27],"class_list":{"0":"post-133413","1":"post","2":"type-post","3":"status-publish","4":"format-standard","5":"has-post-thumbnail","7":"category-overskrifter","8":"tag-breaking-news","9":"tag-breakingnews","10":"tag-featured-news","11":"tag-featurednews","12":"tag-headlines","13":"tag-hovedoppslag","14":"tag-latest-news","15":"tag-latestnews","16":"tag-main-news","17":"tag-mainnews","18":"tag-news","19":"tag-no","20":"tag-norge","21":"tag-norway","22":"tag-nyheter","23":"tag-overskrifter","24":"tag-top-stories","25":"tag-topstories"},"share_on_mastodon":{"url":"https:\/\/pubeurope.com\/@no\/115867106917106544","error":""},"_links":{"self":[{"href":"https:\/\/www.europesays.com\/no\/wp-json\/wp\/v2\/posts\/133413","targetHints":{"allow":["GET"]}}],"collection":[{"href":"https:\/\/www.europesays.com\/no\/wp-json\/wp\/v2\/posts"}],"about":[{"href":"https:\/\/www.europesays.com\/no\/wp-json\/wp\/v2\/types\/post"}],"author":[{"embeddable":true,"href":"https:\/\/www.europesays.com\/no\/wp-json\/wp\/v2\/users\/2"}],"replies":[{"embeddable":true,"href":"https:\/\/www.europesays.com\/no\/wp-json\/wp\/v2\/comments?post=133413"}],"version-history":[{"count":0,"href":"https:\/\/www.europesays.com\/no\/wp-json\/wp\/v2\/posts\/133413\/revisions"}],"wp:featuredmedia":[{"embeddable":true,"href":"https:\/\/www.europesays.com\/no\/wp-json\/wp\/v2\/media\/133414"}],"wp:attachment":[{"href":"https:\/\/www.europesays.com\/no\/wp-json\/wp\/v2\/media?parent=133413"}],"wp:term":[{"taxonomy":"category","embeddable":true,"href":"https:\/\/www.europesays.com\/no\/wp-json\/wp\/v2\/categories?post=133413"},{"taxonomy":"post_tag","embeddable":true,"href":"https:\/\/www.europesays.com\/no\/wp-json\/wp\/v2\/tags?post=133413"}],"curies":[{"name":"wp","href":"https:\/\/api.w.org\/{rel}","templated":true}]}}