{"id":133419,"date":"2026-01-09T20:56:09","date_gmt":"2026-01-09T20:56:09","guid":{"rendered":"https:\/\/www.europesays.com\/no\/133419\/"},"modified":"2026-01-09T20:56:09","modified_gmt":"2026-01-09T20:56:09","slug":"nyhetskompaniet-flyttes-til-tv-2-direkte","status":"publish","type":"post","link":"https:\/\/www.europesays.com\/no\/133419\/","title":{"rendered":"\u00abNyhetskompaniet\u00bb flyttes til TV 2 Direkte"},"content":{"rendered":"<p>TV 2 Direkte f\u00e5r et nytt program p\u00e5 ettermiddagen n\u00e5r \u00abNyhetskompaniet\u00bb flyttes fra nyhetskanalen TV 2 Nyheter, hvor programmet har g\u00e5tt det siste \u00e5ret. Med endringen \u00f8nsker TV 2 n\u00e5 at programmet skal tilbys til et enda st\u00f8rre publikum.\u00a0<\/p>\n<p>\u2013\u00a0\u00abNyhetskompaniet\u00bb har sl\u00e5tt veldig godt an blant seerne p\u00e5<br \/>\nnyhetskanalen v\u00e5r. I urolige tider med mange ubesvarte sp\u00f8rsm\u00e5l, tror vi<br \/>\npublikum setter pris p\u00e5 et program som er forankret i nyhetsbildet, men hvor<br \/>\ndet er plass til dybde og refleksjoner, sier TV 2s nyhetsredakt\u00f8r Karianne Solbr\u00e6kke.<\/p>\n<p>\u2013 Vi lover godt selskap med spennende<br \/>\ngjester og perspektiver. Vi \u00f8nsker n\u00e5 \u00e5 tilby dette konseptet for et enda<br \/>\nst\u00f8rre publikum p\u00e5 TV 2 Direkte.<\/p>\n<p>Fordypning p\u00e5 TV 2 Nyheter<\/p>\n<p> \u00abNyhetskompaniet\u00bb skal g\u00e5 fra 16.00 til 18.30. Siden programmet flyttes til TV 2 Direkte, m\u00e5 TV 2 Nyheter fylles med andre programmer.\u00a0<\/p>\n<p>\u2013 TV 2 Nyheter vil ha egne sendinger i samme tidsrom. Her vil vi dyrke<br \/>\nkjernen av nyhetsoppdraget. Alltid v\u00e6re oppdatert p\u00e5 siste nytt, omfattende<br \/>\ndekning av de viktigste hendelsene og fordypning i de st\u00f8rste sakene som preger<br \/>\nnyhetsbildet.<\/p>\n<p>Solbr\u00e6kke hyller endringen.<\/p>\n<p> \u2013\u00a0Jeg er veldig glad for at vi n\u00e5 utvider nyhets- og aktualitetssendingene i TV 2. Morgenen kan folk tilbringe med gjengen i \u00ab God morgen Norge\u00bb, p\u00e5 ettermiddagen fortsetter vi i godt selskap p\u00e5 \u00abNyhetskompaniet\u00bb \u2013 og d\u00f8gnet rundt holder du deg oppdatert p\u00e5 TV 2 Nyheter. <\/p>\n<p>F\u00e5r ny jobb<\/p>\n<p>Journalist Selma Joner blir et nytt ansikt for \u00abNyhetskompaniet\u00bb-seerne.<\/p>\n<p>\u2013 Det er utrolig kult at vi f\u00e5r opp satsingen p\u00e5 nyheter og aktualitet p\u00e5 selveste TV 2 Direkte. Jeg h\u00e5per folk vil henge med oss p\u00e5 ettermiddagene og forh\u00e5pentligvis bli litt klokere.\u00a0<\/p>\n<p>\u2013 Hva kan seerne se frem til?\u00a0<\/p>\n<p>\u2013 Gode samtaler med folk, fritt for polarisering \u2013 men med fingeren p\u00e5 pulsen.<\/p>\n<p>Selma Joners \u00abNyhetskompaniet\u00bb-kollega blir Rune Kjos.<\/p>\n<p>\u2013 Jeg tenker at endringene ikke blir s\u00e5 store i forhold til det \u00abNyhetskompaniet\u00bb-seerne har blitt vant til i de tre sesongene vi har holdt det g\u00e5ende p\u00e5 TV 2 Nyheter, mener Kjos, og legger til:<\/p>\n<p>\u2013 Men at vi n\u00e5 f\u00e5r et st\u00f8rre publikum, er noe vi som lager programmet er veldig glade for. At TV 2 satser enda mer p\u00e5 nyheter p\u00e5 hovedkanalen i en tid hvor verden ikke er til \u00e5 kjenne igjen og hvor behovet for redakt\u00f8rstyrte nyheter kanskje er st\u00f8rre enn noen gang, tror jeg er veldig viktig.<\/p>\n<p>If\u00f8lge Kjos kan seerne forvente nyheter presentert p\u00e5 en annerledes m\u00e5te enn det man er vant til.<\/p>\n<p>\u2013 Hvor vi har et samfunnsengasjert gjestepanel som diskuterer dagens nyhetsbilde litt p\u00e5 samme m\u00e5te som vi gj\u00f8r over kj\u00f8kkenbordet. Og at vi har de beste ekspertene som gir oss dybde og innsikt.\u00a0<\/p>\n<p>\u2013 M\u00e5let er \u00e5 gi seerne v\u00e5re nyheter i godt selskap. Uformelt og n\u00e5r det passer, med det velkjente TV 2-glimtet i \u00f8yet.<\/p>\n<p data-lab-font_weight=\"\">Solbr\u00e6kke er glad for at Joner og Kjos har takket ja til \u00e5 lede programmet.<\/p>\n<p data-lab-font_weight=\"\">\u2013 De er begge erfarne journalister og programledere som jeg er trygg p\u00e5 vil gj\u00f8re en str\u00e5lende jobb med \u00e5 lede to og en halv times direkte-TV fem dager i uken.\u00a0<\/p>\n<p>\u00a0<\/p>\n","protected":false},"excerpt":{"rendered":"TV 2 Direkte f\u00e5r et nytt program p\u00e5 ettermiddagen n\u00e5r \u00abNyhetskompaniet\u00bb flyttes fra nyhetskanalen TV 2 Nyheter, hvor&hellip;\n","protected":false},"author":2,"featured_media":133420,"comment_status":"","ping_status":"","sticky":false,"template":"","format":"standard","meta":{"footnotes":""},"categories":[58],"tags":[71,30,28,29,72],"class_list":{"0":"post-133419","1":"post","2":"type-post","3":"status-publish","4":"format-standard","5":"has-post-thumbnail","7":"category-underholdning","8":"tag-entertainment","9":"tag-no","10":"tag-norge","11":"tag-norway","12":"tag-underholdning"},"share_on_mastodon":{"url":"https:\/\/pubeurope.com\/@no\/115867142265396339","error":""},"_links":{"self":[{"href":"https:\/\/www.europesays.com\/no\/wp-json\/wp\/v2\/posts\/133419","targetHints":{"allow":["GET"]}}],"collection":[{"href":"https:\/\/www.europesays.com\/no\/wp-json\/wp\/v2\/posts"}],"about":[{"href":"https:\/\/www.europesays.com\/no\/wp-json\/wp\/v2\/types\/post"}],"author":[{"embeddable":true,"href":"https:\/\/www.europesays.com\/no\/wp-json\/wp\/v2\/users\/2"}],"replies":[{"embeddable":true,"href":"https:\/\/www.europesays.com\/no\/wp-json\/wp\/v2\/comments?post=133419"}],"version-history":[{"count":0,"href":"https:\/\/www.europesays.com\/no\/wp-json\/wp\/v2\/posts\/133419\/revisions"}],"wp:featuredmedia":[{"embeddable":true,"href":"https:\/\/www.europesays.com\/no\/wp-json\/wp\/v2\/media\/133420"}],"wp:attachment":[{"href":"https:\/\/www.europesays.com\/no\/wp-json\/wp\/v2\/media?parent=133419"}],"wp:term":[{"taxonomy":"category","embeddable":true,"href":"https:\/\/www.europesays.com\/no\/wp-json\/wp\/v2\/categories?post=133419"},{"taxonomy":"post_tag","embeddable":true,"href":"https:\/\/www.europesays.com\/no\/wp-json\/wp\/v2\/tags?post=133419"}],"curies":[{"name":"wp","href":"https:\/\/api.w.org\/{rel}","templated":true}]}}