{"id":133423,"date":"2026-01-09T21:04:08","date_gmt":"2026-01-09T21:04:08","guid":{"rendered":"https:\/\/www.europesays.com\/no\/133423\/"},"modified":"2026-01-09T21:04:08","modified_gmt":"2026-01-09T21:04:08","slug":"dette-er-bare-tull-fra-donald-trump","status":"publish","type":"post","link":"https:\/\/www.europesays.com\/no\/133423\/","title":{"rendered":"\u2013 Dette er bare tull fra Donald Trump"},"content":{"rendered":"<p>    Kina har ingen tunge interesser p\u00e5 Gr\u00f8nland mer, sier professorer om Donald Trumps nye Gr\u00f8nland-p\u00e5stand.<\/p>\n<p>\n        USAs Donald Trump \u00f8nsker seg Gr\u00f8nland, og har ikke utelukket bruk av milit\u00e6r makt. Til h\u00f8yre ses Qeqertarsuaq, vest p\u00e5 Gr\u00f8nland.<br \/>\n        Foto: Evan Vucci \/ AP \/ NTB og Leamus \/ iStock. Montasje.\n    <\/p>\n<p class=\"kicker tertiary color_mobile_tertiary\" style=\"\">Verden<\/p>\n<p>        Saken oppsummert<\/p>\n<ul lang=\"nb-NO\">\n<li>Donald Trump hevder at Gr\u00f8nland er omringet av kinesiske og russiske skip. Eksperter avviser p\u00e5standene.<\/li>\n<li>Kina har ikke sterke interesser p\u00e5 Gr\u00f8nland mer, mener professor.<\/li>\n<li>Trump selv legger vekt p\u00e5 viktigheten av \u00e5 eie \u00f8ya, ikke bare jobbe videre gjennom eksisterende avtaler.<\/li>\n<\/ul>\n<p class=\"italic ai-disclaimer\" data-lab-italic=\"italic\">Oppsummeringen er generert av Labrador AI, men gjennomlest av en journalist.<\/p>\n<p>\u2013 Donald Trump kommer jo med usannheter. Det er slett ikke<br \/>\nslik at Gr\u00f8nland er \u00abomringet av kinesiske skip\u00bb, som USAs president hevder,<br \/>\nsier \u00d8ystein Tunsj\u00f8 til Dagsavisen.<\/p>\n<p>                <img decoding=\"async\" src=\"https:\/\/www.europesays.com\/no\/wp-content\/uploads\/2026\/01\/10141900.webp.jpeg\" width=\"480\" height=\"432\" title=\"\u00d8ystein Tunsj\u00f8.\" alt=\"\" loading=\"lazy\" style=\"\"\/><\/p>\n<p>\n            \u00d8ystein Tunsj\u00f8.<br \/>\n            Foto: Forsvarets h\u00f8gskole\n        <\/p>\n<p>Tunsj\u00f8 er professor ved Institutt for forsvarsstudier (IFS),<br \/>\nog har blant annet internasjonal politikk og USA-Kina-relasjoner som<br \/>\nspesialfelt.<\/p>\n<p>Kringsatt av Kina og Russland?<\/p>\n<p>Han viser til en av de ferske Gr\u00f8nland-uttalelsene fra USAs president:<\/p>\n<p>\u2013 Vi trenger Gr\u00f8nland, absolutt, sa\u00a0Trump\u00a0s\u00f8ndag og beskrev \u00f8ya som \u00abomringet\u00a0av russiske og kinesiske skip\u00bb.<\/p>\n<p>P\u00e5standen fra Trump er avvist av en rekke uavhengige eksperter,<br \/>\nskriver NTB. Tunsj\u00f8 f\u00f8yer seg inn i rekken.<\/p>\n<p>\u2013 Kina har ingen tunge interesser p\u00e5 Gr\u00f8nland mer. De pr\u00f8vde<br \/>\nseg p\u00e5 utvinning av mineraler p\u00e5 Gr\u00f8nland for noen \u00e5r siden, men n\u00e5 er de mer<br \/>\neller mindre ferdige. De har ikke et tungt fotavtrykk der. S\u00e5 de har ingen<br \/>\nsterke interesser der som de risikerer \u00e5 miste, forklarer han.<\/p>\n<p>                <img decoding=\"async\" src=\"https:\/\/www.europesays.com\/no\/wp-content\/uploads\/2026\/01\/10141925.webp.jpeg\" width=\"480\" height=\"452\" title=\"\u00abPolitisk kart\u00bb over Arktis. De korte strekene markerer polarsirkelen, og landene innenfor den i den arktiske regionen. Gr\u00f8nland er markert i gr\u00f8nt.\" alt=\"\" loading=\"lazy\" style=\"\"\/><\/p>\n<p>\n            \u00abPolitisk kart\u00bb over Arktis. De korte strekene markerer polarsirkelen, og landene innenfor den i den arktiske regionen. Gr\u00f8nland er markert i gr\u00f8nt.<br \/>\n            Foto: PeterHermesFurian \/ iStock\n        <\/p>\n<p>Tunsj\u00f8 st\u00f8ttes av IFS-kollega og professor Paal Sigurd Hilde, som blant<br \/>\nannet har Nato og nordomr\u00e5dene som spesialfelt.<\/p>\n<p>\u2013 Hele greia er vanskelig \u00e5 skj\u00f8nne. Det Trump sier om at<br \/>\ndet svermer med kinesiske og russiske skip rundt Gr\u00f8nland, er bare tull, sier Hilde<br \/>\ntil Dagsavisen.<\/p>\n<p>                <img decoding=\"async\" src=\"https:\/\/www.europesays.com\/no\/wp-content\/uploads\/2026\/01\/10141902.webp.jpeg\" width=\"480\" height=\"274\" title=\"Professor Paal Sigurd Hilde.\" alt=\"\" loading=\"lazy\" style=\"\"\/><\/p>\n<p>\n            Professor Paal Sigurd Hilde.<br \/>\n            Foto: J\u00f8rn H. Skj\u00e6rpe\n        <\/p>\n<p>\u2013 Dessuten er det logistisk s\u00e5 \u00e5 si umulig \u00e5 tenke seg at<br \/>\nRussland eller Kina skulle g\u00e5 inn og \u00abokkupere\u00bb Gr\u00f8nland. Hvordan skulle det<br \/>\nforeg\u00e5? Skulle de sende inn soldater til Nuuk, og hva da? <\/p>\n<p>Kan miste Europa-st\u00f8tte<\/p>\n<p>Da m\u00e5tte de ha flydd inn forsyninger, noe som ganske enkelt<br \/>\nville blitt stoppet av Nato-land i luften, mener Hilde.<\/p>\n<p>\u2013 Den eneste m\u00e5ten et land som Kina kunne ha tatt over<br \/>\nGr\u00f8nland p\u00e5, m\u00e5tte v\u00e6rt med \u00f8konomiske midler der kinesiske investeringer banet<br \/>\nvei for gr\u00f8nlandsk uavhengighet, for eksempel. Men det er ingen store kinesiske<br \/>\ninvesteringer p\u00e5 Gr\u00f8nland. Delvis fordi det ikke er interessant nok, men ogs\u00e5<br \/>\nfordi b\u00e5de USA og Gr\u00f8nland\/Danmark har motarbeidet det. S\u00e5 denne p\u00e5standen og<br \/>\ntanken om at Kina og Russland skal kunne overta Russland, har intet grunnlag,<br \/>\nsier professoren.<\/p>\n<p>        <a itemprop=\"url\" class=\"\" href=\"https:\/\/www.dagsavisen.no\/nyheter\/det-er-grunnen-til-at-vi-prater-sa-mye-om-kina-i-arktis\/9978029\" data-k5a-url=\"https:\/\/www.dagsavisen.no\/a\/9978029\" rel=\"nofollow noopener\" target=\"_blank\"><\/p>\n<p>            \u2013 Det er grunnen til at vi prater s\u00e5 mye om Kina i Arktis<\/p>\n<p>        <\/a><\/p>\n<p class=\"italic m-italic\" data-lab-italic=\"italic\">\u2013 Hvordan vil Kina se p\u00e5 det hvis det kommer en eller<br \/>\nannen form for amerikansk operasjon p\u00e5 Gr\u00f8nland, \u00d8ystein Tunsj\u00f8?<\/p>\n<p>\u2013 Jeg tror det er veldig lite Kina f\u00e5r gjort med det. Og som<br \/>\nnevnt har de ikke sterke interesser p\u00e5 Gr\u00f8nland, s\u00e5 det p\u00e5virker ikke dem i<br \/>\nstor grad. Men skulle det skje, mener jeg Kina vil v\u00e6re tjent med det. Skulle<br \/>\ndet g\u00e5 s\u00e5 langt at USA tar kontroll over Gr\u00f8nland ved bruk av milit\u00e6r makt, vil<br \/>\ndet f\u00f8re til en total krise i Nato og for transatlantiske forhold. Det vil i<br \/>\ndet store og det hele gagne Kina. Da har ikke USA lenger en stor milit\u00e6r<br \/>\nallianse i Europa, svarer Tunsj\u00f8.<\/p>\n<p>                <img decoding=\"async\" src=\"https:\/\/www.europesays.com\/no\/wp-content\/uploads\/2026\/01\/10142134.webp.jpeg\" width=\"480\" height=\"298\" title=\"Donald Trump overdriver interessen Kina og president Xi Jinping (bildet) har i Gr\u00f8nland, mener ekspert.\" alt=\"\" loading=\"lazy\" style=\"\"\/><\/p>\n<p>\n            Donald Trump overdriver interessen Kina og president Xi Jinping (bildet) har i Gr\u00f8nland, mener ekspert.<br \/>\n            Foto: Li Gang \/ AP \/ NTB\n        <\/p>\n<p>Snakk om at europeerne skal st\u00f8tte amerikanerne i en<br \/>\neventuell konflikt med Kina, vil ogs\u00e5 p\u00e5virkes av hva som skjer med Gr\u00f8nland, if\u00f8lge Tunsj\u00f8. <\/p>\n<p>\u2013 Da kan Kina si at \u00abOK, n\u00e5 ser dere hvor ille USA er, n\u00e5 m\u00e5<br \/>\ndere handle med oss og investere i Kina. La oss samarbeide\u00bb. Det hadde ikke<br \/>\ntrengt \u00e5 bli en allianse som s\u00e5dan, men da kan man se for seg at Europa og Kina<br \/>\nkunne n\u00e6rmet seg hverandre, sier Kina-eksperten.<\/p>\n<p>\u2013 Og skulle USA ta Gr\u00f8nland med milit\u00e6r makt, er det ikke<br \/>\nnoe igjen i normative og moralske argumenter om at ting er bundet opp i<br \/>\nrettsprinsipper og i folkeretten, og s\u00e5 videre. Hvis Kina for eksempel hadde g\u00e5tt l\u00f8s p\u00e5<br \/>\nTaiwan etter at USA hadde tatt Gr\u00f8nland, og USA da hadde kommet med p\u00e5stander<br \/>\nom brudd p\u00e5 folkeretten, ville det ikke ha overbevist noen. S\u00e5 det vil v\u00e6re en<br \/>\nmulig \u00absideeffekt\u00bb i dette, tilf\u00f8yer Tunsj\u00f8.<\/p>\n<p>                <img decoding=\"async\" src=\"https:\/\/www.europesays.com\/no\/wp-content\/uploads\/2026\/01\/10141916.webp.jpeg\" width=\"480\" height=\"274\" title=\"Gr\u00f8nlands hovedstad Nuuk.\" alt=\"\" loading=\"lazy\" style=\"\"\/><\/p>\n<p>\n            Gr\u00f8nlands hovedstad Nuuk.<br \/>\n            Foto: Odd Andersen \/ AFP \/ NTB\n        <\/p>\n<p>Trump og eierskap<\/p>\n<p>Paal Sigurd Hilde stusser veldig over at USA og Trump i det<br \/>\nhele tatt truer med milit\u00e6r maktbruk p\u00e5 Gr\u00f8nland, gitt muligheten amerikanerne<br \/>\nallerede har med sin tilstedev\u00e6relse p\u00e5 \u00f8ya, blant annet gjennom<br \/>\nPituffik-basen.<\/p>\n<p>\u2013 D\u00e9t f\u00e5r meg til \u00e5 tro at det er et eller annet<br \/>\ninnenrikspolitisk i USA som er \u00e5rsaken til utspillene om Gr\u00f8nland. Det er i<br \/>\nhvert fall h\u00e5pet, da, at fornuften til slutt vil r\u00e5de, og at noen kommer til \u00e5<br \/>\nsi \u00abMr. president, this is crazy\u00bb hvis Trump i det hele tatt vurderer noe<br \/>\nmilit\u00e6rt angrep p\u00e5 Gr\u00f8nland, sier Hilde.<\/p>\n<p>                <img decoding=\"async\" src=\"https:\/\/www.europesays.com\/no\/wp-content\/uploads\/2026\/01\/10141910.webp.jpeg\" width=\"480\" height=\"308\" title=\"USAs president Donald Trump uttalte seg igjen om Gr\u00f8nland natt til fredag norsk tid.\" alt=\"\" loading=\"lazy\" style=\"\"\/><\/p>\n<p>\n            USAs president Donald Trump uttalte seg igjen om Gr\u00f8nland natt til fredag norsk tid.<br \/>\n            Foto: Leah Millis \/ Reuters \/ NTB\n        <\/p>\n<p>Natt til fredag norsk tid kommenterte Trump i et intervju<br \/>\nmed New York Times hvorfor han vil \u00abha\u00bb den strategisk viktige \u00f8ya i Arktis, heller<br \/>\nenn \u00e5 \u00abbare\u00bb \u00f8ke amerikansk tilstedev\u00e6relse der gjennom eksisterende avtaler.<\/p>\n<p>\u2013 Jeg mener eierskap gir deg en ting som du ikke kan gj\u00f8re<br \/>\nmed en leieavtale eller en traktat. Eierskap gir deg ting og elementer som du<br \/>\nikke kan f\u00e5 fra bare \u00e5 signere et dokument, sa presidenten, som la til at \u00abeierskap<br \/>\ner sv\u00e6rt viktig\u00bb.<\/p>\n<p>        <a itemprop=\"url\" class=\"\" href=\"https:\/\/www.dagsavisen.no\/nyheter\/et-mini-nato-uten-usa-hvis-det-verste-skulle-skje\/10139690\" data-k5a-url=\"https:\/\/www.dagsavisen.no\/a\/10139690\" rel=\"nofollow noopener\" target=\"_blank\"><\/p>\n<p>            Et \u00abmini-Nato\u00bb uten USA: \u2013 Hvis det verste skulle skje<\/p>\n<p>        <\/a><\/p>\n<p class=\"italic m-italic\" data-lab-italic=\"italic\">F\u00e5 nyhetsbrev fra Dagsavisen. Meld deg p\u00e5\u00a0<a href=\"https:\/\/www.dagsavisen.no\/om-dagsavisen\/2023\/12\/20\/fa-daglig-nyhetsbrev\/\" rel=\"nofollow noopener\" target=\"_blank\">her<\/a>!<\/p>\n","protected":false},"excerpt":{"rendered":"Kina har ingen tunge interesser p\u00e5 Gr\u00f8nland mer, sier professorer om Donald Trumps nye Gr\u00f8nland-p\u00e5stand. USAs Donald Trump&hellip;\n","protected":false},"author":2,"featured_media":133424,"comment_status":"","ping_status":"","sticky":false,"template":"","format":"standard","meta":{"footnotes":""},"categories":[12],"tags":[20,21,24,25,15,22,23,13,30,28,29,14,16,26,27,42,43,44,45],"class_list":{"0":"post-133423","1":"post","2":"type-post","3":"status-publish","4":"format-standard","5":"has-post-thumbnail","7":"category-verden","8":"tag-breaking-news","9":"tag-breakingnews","10":"tag-featured-news","11":"tag-featurednews","12":"tag-headlines","13":"tag-latest-news","14":"tag-latestnews","15":"tag-news","16":"tag-no","17":"tag-norge","18":"tag-norway","19":"tag-nyheter","20":"tag-overskrifter","21":"tag-top-stories","22":"tag-topstories","23":"tag-verden","24":"tag-world","25":"tag-world-news","26":"tag-worldnews"},"share_on_mastodon":{"url":"https:\/\/pubeurope.com\/@no\/115867173990830477","error":""},"_links":{"self":[{"href":"https:\/\/www.europesays.com\/no\/wp-json\/wp\/v2\/posts\/133423","targetHints":{"allow":["GET"]}}],"collection":[{"href":"https:\/\/www.europesays.com\/no\/wp-json\/wp\/v2\/posts"}],"about":[{"href":"https:\/\/www.europesays.com\/no\/wp-json\/wp\/v2\/types\/post"}],"author":[{"embeddable":true,"href":"https:\/\/www.europesays.com\/no\/wp-json\/wp\/v2\/users\/2"}],"replies":[{"embeddable":true,"href":"https:\/\/www.europesays.com\/no\/wp-json\/wp\/v2\/comments?post=133423"}],"version-history":[{"count":0,"href":"https:\/\/www.europesays.com\/no\/wp-json\/wp\/v2\/posts\/133423\/revisions"}],"wp:featuredmedia":[{"embeddable":true,"href":"https:\/\/www.europesays.com\/no\/wp-json\/wp\/v2\/media\/133424"}],"wp:attachment":[{"href":"https:\/\/www.europesays.com\/no\/wp-json\/wp\/v2\/media?parent=133423"}],"wp:term":[{"taxonomy":"category","embeddable":true,"href":"https:\/\/www.europesays.com\/no\/wp-json\/wp\/v2\/categories?post=133423"},{"taxonomy":"post_tag","embeddable":true,"href":"https:\/\/www.europesays.com\/no\/wp-json\/wp\/v2\/tags?post=133423"}],"curies":[{"name":"wp","href":"https:\/\/api.w.org\/{rel}","templated":true}]}}