{"id":133427,"date":"2026-01-09T21:07:23","date_gmt":"2026-01-09T21:07:23","guid":{"rendered":"https:\/\/www.europesays.com\/no\/133427\/"},"modified":"2026-01-09T21:07:23","modified_gmt":"2026-01-09T21:07:23","slug":"tiril-eckhoff-og-skiskyttermiljoet-i-dyp-sorg","status":"publish","type":"post","link":"https:\/\/www.europesays.com\/no\/133427\/","title":{"rendered":"Tiril Eckhoff og skiskyttermilj\u00f8et i dyp sorg"},"content":{"rendered":"<p class=\"kicker \" style=\"\">Tiril Eckhoff<\/p>\n<p>    N\u00e5 \u00e5pner skiskytter-profilen om sin\u00a0sorg og savn\u00a0etter d\u00f8dsfallet.\u00a0<\/p>\n<p>\n    STERKE F\u00d8LELSER: Tiril Eckhoff har tatt d\u00f8dsfallet til Sivert Guttorm Bakke sv\u00e6rt tungt. TV 2s skiskytter-ekspert ble overmannet av f\u00f8lelser da Bakken ble minnet i verdenscuprennet i tyske Oberhof torsdag. Foto: NTB\n  <\/p>\n<p>Skiverden fikk sjokk da den norske skiskytteren Sivert Guttorm Bakken d\u00f8de br\u00e5tt, 27 \u00e5r gammel. Han ble funnet p\u00e5 sitt hotellrom i Lavaz\u00e8 i Italia lille julaften 2025. Bakken var p\u00e5 treningssamling da d\u00f8dsfallet inntraff.<\/p>\n<p>Hans br\u00e5 d\u00f8d har f\u00f8rt til dyp sorg i det norske &#8211; og internasjonale &#8211; skimilj\u00f8et.<\/p>\n<p>        <img loading=\"lazy\" decoding=\"async\" src=\"https:\/\/www.europesays.com\/no\/wp-content\/uploads\/2026\/01\/84076212.webp.webp\" width=\"667\" height=\"721\" title=\"KNAKK SAMMEN: Tirils \u00e5penhjertige innlegg er en hyllest til en god venn og kollega. Faksimile: Instagram Story\" alt=\"\" class=\"\" style=\"--aspect-ratio-image: 0.93; \"\/><\/p>\n<p>\n        KNAKK SAMMEN: Tirils \u00e5penhjertige innlegg er en hyllest til en god venn og kollega. Faksimile: Instagram Story\n    <\/p>\n<p> Under verdenscuprennene i Oberhof ble Sivert Guttorm Bakken hedret torsdag med en minnemarkering. F\u00f8r konkurransene ble det holdt ett minutts stillhet til \u00e6re for den norske skiskytteren.\u00a0<\/p>\n<p>Flere ut\u00f8vere stilte til start med svarte s\u00f8rgeb\u00e5nd som tegn p\u00e5 respekt og sorg.<\/p>\n<p>        LUKSUS: Tiril Eckhoff og Astrid Uhrenholdt Jacobsen viser frem villaen de bodde i. Video: R\u00f8d L\u00f8per<\/p>\n<p>\u00a0Minnemarkeringen i Oberhof ble preget av de sterke f\u00f8lelsene som har omsluttet hele skiskyttermilj\u00f8et siden lille julaften. <\/p>\n<p>Blant dem som har delt om den sterke opplevelsen er Tiril Eckhoff (35). Skiskytterdronningen er n\u00e5 ekspert og reporter for TV 2, og f\u00f8lger fortsatt verdenscupen tett.<\/p>\n<p>        <img loading=\"lazy\" decoding=\"async\" src=\"https:\/\/www.europesays.com\/no\/wp-content\/uploads\/2026\/01\/84076328.webp.webp\" width=\"667\" height=\"474\" title=\"NORSK DOBBEL: Sturla Holm L\u00e6gereid (t.v.) og Sivert Bakken tok dobbeltseier p\u00e5 fellesstarten i verdenscupen i Holmenkollen i 2022. Aller best var Sivert! Foto: NTB\" alt=\"\" class=\"\" style=\"--aspect-ratio-image: 1.41; \"\/><\/p>\n<p>\n        NORSK DOBBEL: Sturla Holm L\u00e6gereid (t.v.) og Sivert Bakken tok dobbeltseier p\u00e5 fellesstarten i verdenscupen i Holmenkollen i 2022. Aller best var Sivert! Foto: NTB\n    <\/p>\n<p>P\u00e5 Instagram Story \u00e5pner hun om sorgen:<\/p>\n<p>&#8211; I dag var kanskje den t\u00f8ffeste dagen jeg har hatt p\u00e5 jobb, med utrolig mange f\u00f8lelser.\u00a0<\/p>\n<p>Hun satte stor pris p\u00e5 Bakken-hyllesten i Oberhof.<\/p>\n<p>        \u00abSKAL VI DANSE\u00bb: Proffdanser Santino Mirenna p\u00e5dro seg en skade etter en ulykke under kveldens generalpr\u00f8ve. Video: Instagram: @tirileckhoff \/ Reporter: Karolina Grace Rusov-Hansen \/ Sanne Holt.<\/p>\n<p>&#8211; Det \u00e5 hedre Sivert Guttorm Bakken p\u00e5 en fin m\u00e5te, det var b\u00e5de r\u00f8rende og sterkt. \u00c5 se gutta p\u00e5 tvers av nasjoner st\u00e5 sammen er noe av det mest r\u00f8rende\u00a0 jeg har sett.<\/p>\n<p>Hun kjente\u00a0 Sivert godt etter mange \u00e5r sammen i verdenscup-sirkuset.<\/p>\n<p>        <img loading=\"lazy\" decoding=\"async\" src=\"https:\/\/www.europesays.com\/no\/wp-content\/uploads\/2026\/01\/84076287.webp.webp\" width=\"667\" height=\"601\" title=\"P\u00c5 LAG: Sivert Guttorm Bakken, Vetle Sj\u00e5stad Christiansen, Tiril Eckhoff og Ingrid Landmark Tandrevold vant mix-stafett i verdenscupen i Otep\u00e4\u00e4 i Estland i 2022. Foto: NTB\" alt=\"\" class=\"\" style=\"--aspect-ratio-image: 1.11; \"\/><\/p>\n<p>\n        P\u00c5 LAG: Sivert Guttorm Bakken, Vetle Sj\u00e5stad Christiansen, Tiril Eckhoff og Ingrid Landmark Tandrevold vant mix-stafett i verdenscupen i Otep\u00e4\u00e4 i Estland i 2022. Foto: NTB\n    <\/p>\n<p>&#8211; Jeg husker Sivert som en skikkelig god mann, med en god positiv kraft rundt seg. Han var en lagspiller &#8211; en som alltid\u00a0 ville andre vel, og som bidro til fellesskapet. Sivert var genuin og ekte, veldig omsorgsfull. Sivert var hel ved. S\u00e5 i dag knakk jeg totalt. Livat ass &#8230; det er skj\u00f8rt, sier Tiril mens t\u00e5rene presser p\u00e5.<\/p>\n<p>        <img loading=\"lazy\" decoding=\"async\" src=\"https:\/\/www.europesays.com\/no\/wp-content\/uploads\/2026\/01\/84076346.webp.webp\" width=\"980\" height=\"559\" title=\"MINNEMARKERING: Sivert ble minnet med ett minutts stillhet og p\u00e5f\u00f8lgende trampeklapp. Han hadde symbolsk f\u00e5tt startnummer 1 i Oberhof. Foto: NTB\" alt=\"\" class=\"\" style=\"--aspect-ratio-image: 1.75; \"\/><\/p>\n<p>\n        MINNEMARKERING: Sivert ble minnet med ett minutts stillhet og p\u00e5f\u00f8lgende trampeklapp. Han hadde symbolsk f\u00e5tt startnummer 1 i Oberhof. Foto: NTB\n    <\/p>\n<p>Konkurransen i Oberhof gikk av stabelen p\u00e5 vanlig m\u00e5te, selv om Sivert Guttorm Bakken var tildelt et symbolsk startnummer 1. Det var et minutts stillhet til hans \u00e6re, etterfulgt av trampeklapp.<\/p>\n<p>Det var italienske Tommaso Giacomel (25) som vant foran tyske Philipp Nawrath (32) og norske Johannes Dale-Skjevdal (28). Alle gikk rennet med svart s\u00f8rgeb\u00e5nd.<\/p>\n<p>        <img loading=\"lazy\" decoding=\"async\" src=\"https:\/\/www.europesays.com\/no\/wp-content\/uploads\/2026\/01\/84076351.webp.webp\" width=\"667\" height=\"381\" title=\"S\u00d8RGEB\u00c5ND: Philipp Nawrath, Tommaso Giacomel og Johannes Dale-Skjevdal kom p\u00e5 seierspallen i Oberhof. Alle gikk med svart s\u00f8rgeb\u00e5nd for \u00e5 \u00e6re Sivert Guttorm Bakken. Foto: NTB\" alt=\"\" class=\"\" style=\"--aspect-ratio-image: 1.75; \"\/><\/p>\n<p>\n        S\u00d8RGEB\u00c5ND: Philipp Nawrath, Tommaso Giacomel og Johannes Dale-Skjevdal kom p\u00e5 seierspallen i Oberhof. Alle gikk med svart s\u00f8rgeb\u00e5nd for \u00e5 \u00e6re Sivert Guttorm Bakken. Foto: NTB\n    <\/p>\n<p>&#8211; Kanskje aller mest imponert er jeg over de som klarte \u00e5 stille p\u00e5 start i dag og prestere etter en forferdelig trist juleferie, Giacomel og Johannes. Wow, skriver Tiril videre.<\/p>\n<p>    <a itemprop=\"url\" href=\"https:\/\/www.seher.no\/kjendis\/ble-gravlagt-i-piknik-kurv\/84070344\" rel=\"nofollow noopener\" target=\"_blank\"><\/p>\n<p>        <img loading=\"lazy\" decoding=\"async\" src=\"https:\/\/www.europesays.com\/no\/wp-content\/uploads\/2026\/01\/84070689.webp.webp\" width=\"147\" height=\"98\" title=\"Gravlagt i \u00abpiknik-kurv\u00bb\" alt=\"\" class=\"lazyload\" style=\"--aspect-ratio-image: 1.50; \"\/><\/p>\n<p>        Gravlagt i \u00abpiknik-kurv\u00bb<\/p>\n<p>    <\/a><\/p>\n<p>Italiensk politi har opplyst at det ikke ble funnet tegn til ytre vold, og d\u00f8ds\u00e5rsaken er forel\u00f8pig ikke offentlig kjent. Det er gjennomf\u00f8rt obduksjon, men resultatene er enn\u00e5 ikke offentliggjort. De ventes i mars.<\/p>\n<p>        <img loading=\"lazy\" decoding=\"async\" src=\"https:\/\/www.europesays.com\/no\/wp-content\/uploads\/2026\/01\/84076234.webp.webp\" width=\"980\" height=\"559\" title=\"HER BLE HAN FUNNET: Hotel Dolomiti i Lavaz\u00e9 ble stengt etter at den norske skiskytteren ble funnet d\u00f8d lille julaften. Foto: NTB\" alt=\"\" class=\"\" style=\"--aspect-ratio-image: 1.75; \"\/><\/p>\n<p>\n        HER BLE HAN FUNNET: Hotel Dolomiti i Lavaz\u00e9 ble stengt etter at den norske skiskytteren ble funnet d\u00f8d lille julaften. Foto: NTB\n    <\/p>\n<p>Bakken ble funnet if\u00f8rt en h\u00f8ydemaske, et treningsutstyr som simulerer lavere oksygenniv\u00e5. Det er ikke fastsl\u00e5tt at dette hadde sammenheng med d\u00f8dsfallet, men hendelsen har f\u00f8rt til \u00f8kt oppmerksomhet rundt bruken av slikt utstyr.<\/p>\n","protected":false},"excerpt":{"rendered":"Tiril Eckhoff N\u00e5 \u00e5pner skiskytter-profilen om sin\u00a0sorg og savn\u00a0etter d\u00f8dsfallet.\u00a0 STERKE F\u00d8LELSER: Tiril Eckhoff har tatt d\u00f8dsfallet til&hellip;\n","protected":false},"author":2,"featured_media":133428,"comment_status":"","ping_status":"","sticky":false,"template":"","format":"standard","meta":{"footnotes":""},"categories":[59],"tags":[576,4104,479,30,28,29,13042,769,83,82,2287],"class_list":{"0":"post-133427","1":"post","2":"type-post","3":"status-publish","4":"format-standard","5":"has-post-thumbnail","7":"category-sport","8":"tag-dodsfall","9":"tag-eksklusivt","10":"tag-kjendis","11":"tag-no","12":"tag-norge","13":"tag-norway","14":"tag-sivert-guttorm-bakken","15":"tag-skiskyting","16":"tag-sport","17":"tag-sports","18":"tag-tiril-eckhoff"},"share_on_mastodon":{"url":"https:\/\/pubeurope.com\/@no\/115867185521157042","error":""},"_links":{"self":[{"href":"https:\/\/www.europesays.com\/no\/wp-json\/wp\/v2\/posts\/133427","targetHints":{"allow":["GET"]}}],"collection":[{"href":"https:\/\/www.europesays.com\/no\/wp-json\/wp\/v2\/posts"}],"about":[{"href":"https:\/\/www.europesays.com\/no\/wp-json\/wp\/v2\/types\/post"}],"author":[{"embeddable":true,"href":"https:\/\/www.europesays.com\/no\/wp-json\/wp\/v2\/users\/2"}],"replies":[{"embeddable":true,"href":"https:\/\/www.europesays.com\/no\/wp-json\/wp\/v2\/comments?post=133427"}],"version-history":[{"count":0,"href":"https:\/\/www.europesays.com\/no\/wp-json\/wp\/v2\/posts\/133427\/revisions"}],"wp:featuredmedia":[{"embeddable":true,"href":"https:\/\/www.europesays.com\/no\/wp-json\/wp\/v2\/media\/133428"}],"wp:attachment":[{"href":"https:\/\/www.europesays.com\/no\/wp-json\/wp\/v2\/media?parent=133427"}],"wp:term":[{"taxonomy":"category","embeddable":true,"href":"https:\/\/www.europesays.com\/no\/wp-json\/wp\/v2\/categories?post=133427"},{"taxonomy":"post_tag","embeddable":true,"href":"https:\/\/www.europesays.com\/no\/wp-json\/wp\/v2\/tags?post=133427"}],"curies":[{"name":"wp","href":"https:\/\/api.w.org\/{rel}","templated":true}]}}