{"id":133429,"date":"2026-01-09T21:15:08","date_gmt":"2026-01-09T21:15:08","guid":{"rendered":"https:\/\/www.europesays.com\/no\/133429\/"},"modified":"2026-01-09T21:15:08","modified_gmt":"2026-01-09T21:15:08","slug":"ben-hodges-donald-trump-usas-eks-haersjef-for-europa-ben-hodges-ber-norge-og-europeiske-ledere-slutte-a-syte","status":"publish","type":"post","link":"https:\/\/www.europesays.com\/no\/133429\/","title":{"rendered":"Ben Hodges, Donald Trump | USAs eks-h\u00e6rsjef for Europa, Ben Hodges, ber Norge og europeiske ledere slutte \u00e5 syte"},"content":{"rendered":"\n<p>USAs president Donald Trump erkl\u00e6rer i et intervju i <a href=\"https:\/\/www.nytimes.com\/2026\/01\/08\/us\/politics\/trump-interview-power-morality.html\" rel=\"Follow nofollow noopener\" target=\"_blank\">The New York Times<\/a> at det er kun hans \u00abegen moral\u00bb som begrenser hans makt som USAs \u00f8verstkommanderende.<\/p>\n<p>Trump feier dermed til side b\u00e5de  og andre  som begrenser presidentens mulighet til \u00e5 angripe, invadere eller presse andre nasjoner, skriver The New York Times.<\/p>\n<p>Storavisen sp\u00f8r presidenten om det er noen begrensning p\u00e5 hans globale maktut\u00f8velse.<\/p>\n<p>\u2013 Ja, det er en ting. Min egen moral. Min egen vurdering. Det er det eneste som kan stoppe meg, svarer president Trump.<\/p>\n<p>\u2013 Jeg trenger ikke folkeretten, sier Trump.<\/p>\n<p>\u2013 Jeg er ikke ute etter \u00e5 skade folk, legger han til.<\/p>\n<p>Pensjonert generall\u00f8ytnant Ben Hodges var \u00f8verstkommanderende for de amerikanske styrkene i Europa fra 2014 til 2018.<\/p>\n<p>Nettavisen sp\u00f8r Hodges hva han tenker om utspillet om at det er kun Trumps egen moral som setter begrensningene for presidentens globale maktut\u00f8velse.<\/p>\n<p><b>\u2013 Jeg tror Kongressen og amerikanske velgere vil ha noe \u00e5 si om dette. Kongressen har allerede startet en prosess for \u00e5 sl\u00e5 tilbake. Jeg tror ikke medlemmene av Kongressen er like skremte av Trump i \u00e5r som de var i fjor, sier Hodges til Nettavisen. <\/b><\/p>\n<p><b>Les ogs\u00e5: <a class=\"simple-relation related-teaser article--c-eRUmMG article--c-eRUmMG-fZoQSp-design-nettavisen article--c-eRUmMG-gwthdJ-cv\" href=\"https:\/\/www.nettavisen.no\/vance-om-gronland-ta-trump-seriost\/s\/5-95-2815632\" rel=\"nofollow noopener\" target=\"_blank\">Vance om Gr\u00f8nland: \u2013 Ta Trump seri\u00f8st<\/a><\/b><\/p>\n<p>Tror det blir mer press p\u00e5 Trump<\/p>\n<p>Den pensjonerte h\u00e6rsjefen viser til et lovforslag som behandles i Kongressen denne uken.<\/p>\n<p>Representantenes hus har fremmet et lovforslag som skal hindre president Trump fra \u00e5 gjennomf\u00f8re nye milit\u00e6raksjoner mot Venezuela uten Kongressens samtykke. Forslaget skal n\u00e5 behandles i Senatet.<\/p>\n<p>I henhold til den amerikanske grunnloven m\u00e5 presidenten i utgangspunktet ha godkjenning av Kongressen for \u00e5 igangsette st\u00f8rre milit\u00e6re operasjoner. Mange presidenter, inkludert Trump, har imidlertid omg\u00e5tt Kongress-godkjenning p\u00e5 ulike m\u00e5ter.<\/p>\n<p>Hodges h\u00e5per velgerne og Kongressen vil minne Trump om at det er grunnloven, og ikke hans egen moral, som setter grenser for presidentens maktut\u00f8velse.<\/p>\n<p>\u2013 Velgerne i november kommer til \u00e5 uttrykke seg. Og jeg tror det vil bli mer press p\u00e5 Trump-administrasjonen etter mellomvalget, sier han.<\/p>\n<p><b>Les ogs\u00e5: <a class=\"simple-relation related-teaser article--c-eRUmMG article--c-eRUmMG-fZoQSp-design-nettavisen article--c-eRUmMG-gwthdJ-cv\" href=\"https:\/\/www.nettavisen.no\/hver-tredje-nordmann-tror-trump-kan-forarsake-nato-kollaps\/s\/5-95-2814074\" rel=\"nofollow noopener\" target=\"_blank\">Hver tredje nordmann tror Trump kan for\u00e5rsake Nato-kollaps<\/a><\/b><\/p>\n<p>   <img decoding=\"async\" width=\"4642\" height=\"3053\" fetchpriority=\"low\"  loading=\"lazy\"  src=\"https:\/\/www.europesays.com\/no\/wp-content\/uploads\/2026\/01\/NTB_ifzLJAdtXUc.jpg\" alt=\"FILE - In this March 24, 2016 file photo Commander of U.S. Army Europe Lt. Gen. Ben Hodges speaks to the media during the joint NATO military exercise at the Rukla military base some 120 km. (75 miles) west of the capital Vilnius, Lithuania. Hodges will is retiring.  (AP Photo\/Mindaugas Kulbis, file)\" class=\"brick-c-cFOWSL\" style=\"--brick-image-ratio: 4642 \/ 3053;\"\/><\/p>\n<p>      EKS-H\u00c6RSJEF: Ben Hodges avbildet under en Nato-\u00f8velse i Litauen i 2016, da han fortsatt var sjef for de amerikanske styrkene i Europa.<br \/>\n      Foto: Mindaugas Kulbis\n    <\/p>\n<p>  \u2013 Jeg er lei av all sytingen<\/p>\n<p>Hodges mener velgere, politikere og journalister alle har et ansvar for \u00e5 holde den amerikanske presidenten og administrasjonen ansvarlige, og for \u00e5 sikre at de etterlever sine forpliktelser overfor grunnloven og folkeretten.<\/p>\n<p>Den pensjonerte amerikanske generall\u00f8ytnanten retter ogs\u00e5 kritikk mot europeiske ledere i h\u00e5ndteringen av Gr\u00f8nland-dramaet.<\/p>\n<p>\u2013 V\u00e5re europeiske allierte er heller ikke uten innflytelse. USA kom over til Europa for \u00e5 hjelpe i to verdenskriger og ble v\u00e6rende i Europa i 80 \u00e5r. N\u00e5 er det p\u00e5 tide at Europa hjelper USA, sier Hodges.<\/p>\n<p>\u2013 Det hjelper ikke n\u00e5r europeiske ledere legger seg flate og gir etter. Minn v\u00e5re ledere p\u00e5 \u00e5 st\u00e5 til ansvar overfor grunnloven og hjelpe oss med \u00e5 leve opp til forpliktelsene overfor folkeretten.<\/p>\n<p><b>\u2013 Dette er en sjanse for Europa til \u00e5 hevde seg. Norge er et arktisk land. Hvis Trump hevder at dette handler om sikkerhet, b\u00f8r alle allierte stille opp og hjelpe USA. Ikke bare klag. Jeg er lei av all sytingen. Hvis dette handler om sikkerhet, s\u00e5 fortell USA at dere skal hjelpe til. At nordmenn, dansker, canadiere, islendinger, finner og svensker skal hjelpe til med \u00e5 beskytte USAs arktiske grense, og at dere (USA) ikke trenger \u00e5 gj\u00f8re det selv, sier Hodges. <\/b><\/p>\n<p>\u2013 Valg mellom Nato og Gr\u00f8nland<\/p>\n<p>Trump har denne uken gjentatt sine \u00f8nsker om \u00e5 f\u00e5 Gr\u00f8nland p\u00e5 amerikanske hender. Gr\u00f8nland er en del av Kongeriket Danmark, som sammen med USA er et av de opprinnelige Nato-landene.<\/p>\n<p>Trump uttalte nylig til pressen at USA trenger Gr\u00f8nland av hensyn til nasjonal sikkerhet.<\/p>\n<p><b>Les ogs\u00e5: <a class=\"simple-relation related-teaser article--c-eRUmMG article--c-eRUmMG-fZoQSp-design-nettavisen article--c-eRUmMG-gwthdJ-cv\" href=\"https:\/\/www.nettavisen.no\/norsk-gronland-maling-halvparten-tror-usa-vil-bruke-makt\/s\/5-95-2812933\" rel=\"nofollow noopener\" target=\"_blank\">Norsk Gr\u00f8nland-m\u00e5ling: Halvparten tror USA vil bruke makt<\/a><\/b><\/p>\n<p>Danmarks statsminister Mette Frederiksen har uttalt at en amerikansk annektering av Gr\u00f8nland kan v\u00e6re slutten p\u00e5 Nato.<\/p>\n<p>The New York Times spurte ogs\u00e5 Trump i intervjuet om hva presidenten prioriterer h\u00f8yest: \u00c5 f\u00e5 kontroll over Gr\u00f8nland eller \u00e5 bevare Nato.<\/p>\n<p>Han nekter \u00e5 svare direkte p\u00e5 sp\u00f8rsm\u00e5let, men erkjenner at \u00abdet kan bli et valg\u00bb.<\/p>\n","protected":false},"excerpt":{"rendered":"USAs president Donald Trump erkl\u00e6rer i et intervju i The New York Times at det er kun hans&hellip;\n","protected":false},"author":2,"featured_media":133430,"comment_status":"","ping_status":"","sticky":false,"template":"","format":"standard","meta":{"footnotes":""},"categories":[12],"tags":[20,21,24,25,15,22,23,13,30,28,29,14,16,26,27,42,43,44,45],"class_list":{"0":"post-133429","1":"post","2":"type-post","3":"status-publish","4":"format-standard","5":"has-post-thumbnail","7":"category-verden","8":"tag-breaking-news","9":"tag-breakingnews","10":"tag-featured-news","11":"tag-featurednews","12":"tag-headlines","13":"tag-latest-news","14":"tag-latestnews","15":"tag-news","16":"tag-no","17":"tag-norge","18":"tag-norway","19":"tag-nyheter","20":"tag-overskrifter","21":"tag-top-stories","22":"tag-topstories","23":"tag-verden","24":"tag-world","25":"tag-world-news","26":"tag-worldnews"},"share_on_mastodon":{"url":"https:\/\/pubeurope.com\/@no\/115867217038429570","error":""},"_links":{"self":[{"href":"https:\/\/www.europesays.com\/no\/wp-json\/wp\/v2\/posts\/133429","targetHints":{"allow":["GET"]}}],"collection":[{"href":"https:\/\/www.europesays.com\/no\/wp-json\/wp\/v2\/posts"}],"about":[{"href":"https:\/\/www.europesays.com\/no\/wp-json\/wp\/v2\/types\/post"}],"author":[{"embeddable":true,"href":"https:\/\/www.europesays.com\/no\/wp-json\/wp\/v2\/users\/2"}],"replies":[{"embeddable":true,"href":"https:\/\/www.europesays.com\/no\/wp-json\/wp\/v2\/comments?post=133429"}],"version-history":[{"count":0,"href":"https:\/\/www.europesays.com\/no\/wp-json\/wp\/v2\/posts\/133429\/revisions"}],"wp:featuredmedia":[{"embeddable":true,"href":"https:\/\/www.europesays.com\/no\/wp-json\/wp\/v2\/media\/133430"}],"wp:attachment":[{"href":"https:\/\/www.europesays.com\/no\/wp-json\/wp\/v2\/media?parent=133429"}],"wp:term":[{"taxonomy":"category","embeddable":true,"href":"https:\/\/www.europesays.com\/no\/wp-json\/wp\/v2\/categories?post=133429"},{"taxonomy":"post_tag","embeddable":true,"href":"https:\/\/www.europesays.com\/no\/wp-json\/wp\/v2\/tags?post=133429"}],"curies":[{"name":"wp","href":"https:\/\/api.w.org\/{rel}","templated":true}]}}