{"id":133453,"date":"2026-01-09T21:45:07","date_gmt":"2026-01-09T21:45:07","guid":{"rendered":"https:\/\/www.europesays.com\/no\/133453\/"},"modified":"2026-01-09T21:45:07","modified_gmt":"2026-01-09T21:45:07","slug":"ny-video-viser-drap-i-minneapolis-fra-ice-agentens-perspektiv-nrk-urix-utenriksnyheter-og-dokumentarer","status":"publish","type":"post","link":"https:\/\/www.europesays.com\/no\/133453\/","title":{"rendered":"Ny video viser drap i Minneapolis fra ICE-agentens perspektiv \u2013 NRK Urix \u2013 Utenriksnyheter og -dokumentarer"},"content":{"rendered":"<p>Stemningen har v\u00e6rt sv\u00e6rt anspent i Minneapolis i USA etter at en ICE-agent skj\u00f8t og drepte <a href=\"https:\/\/www.nrk.no\/urix\/dette-vet-vi-om-kvinnen-som-ble-drept-av-ice-i-minnesota-i-usa-1.17719733\" ec-id=\"pp:article:1.17719733\" ec-name=\"Renee Nicole Good\" rel=\"nofollow noopener\" target=\"_blank\">Renee Nicole Good<\/a> (37) onsdag.<\/p>\n<p>NRK har allerede omtalt og <a href=\"http:\/\/www.nrk.no\/urix\/her-skyter-og-dreper-en-ice-agent-en-kvinne-i-en-bil-i-minneapolis-i-usa-1.17718467\" ec-id=\"pp:article:1.17718467\" ec-name=\"publisert en video\" rel=\"nofollow noopener\" target=\"_blank\">publisert en video<\/a> som viser \u00f8yeblikket da ICE-agenten avfyrte tre skudd mot bilen Good kj\u00f8rte.<\/p>\n<p><strong>N\u00e5 sirkulerer en ny video filmet med mobiltelefon av ICE-agenten.<\/strong><\/p>\n<p><img decoding=\"async\"   src=\"data:image\/gif;base64,R0lGODlhAQABAIAAAAAAAP\/\/\/yH5BAEAAAAALAAAAAABAAEAAAIBRAA7\" loading=\"eager\" alt=\"To personer i taktisk bekledning st\u00e5r i bakgrunnen ved en bil med skudds\u00e5r i frontruten. Den skadde bilen er av m\u00f8rk farge og har synlige sprekker rundt hullet. Omgivelsene ser ut til \u00e5 v\u00e6re et urbant omr\u00e5de, med en SUV synlig bak personene. Det ser ut til \u00e5 v\u00e6re en situasjon med h\u00f8y beredskap. (Bildebeskrivelsen er laget av en KI-tjeneste)\" title=\"Foto: Tim Evans \/ Reuters \/ NTB\"\/><\/p>\n<p class=\"\">Synlig kulehull i frontruta p\u00e5 f\u00f8rersiden av bilen Renee Nicole Goodman kj\u00f8rte da hun ble skutt og drept.<\/p>\n<p>Foto: Tim Evans \/ Reuters \/ NTB<\/p>\n<p>Videoen ble f\u00f8rst publisert p\u00e5 X av nettstedet Alpha News. Innlegget er senere delt av Det hvite hus. NRK vet ikke om videoen er publisert i sin helhet. Videostrekket er verifisert av Reuters.<\/p>\n<p>Den nye videoen starter med at agenten g\u00e5r ut av en bil. Midt i veien st\u00e5r den burgunderr\u00f8de bilen som Good kj\u00f8rte da hun ble drept.<\/p>\n<p>Ut av vinduet i baksetet p\u00e5 bilen stikker hodet til en svart hund.<\/p>\n<p>\u2013 Er ikke sint p\u00e5 deg<\/p>\n<p>ICE-agenten g\u00e5r rundt bilen, og kommer opp p\u00e5 f\u00f8rersiden, hvor Good sitter med \u00e5pent vindu.<\/p>\n<p><strong>\u2013 Det g\u00e5r fint, \u00abdude\u00bb, jeg er ikke sint p\u00e5 deg, sier Good, mens hun ser rett mot ICE-agenten.<\/strong><\/p>\n<p>Da Good ble drept onsdag, var hun til stede som juridisk observat\u00f8r for \u00e5 overv\u00e5ke ICE, skriver <a href=\"https:\/\/www.bbc.com\/news\/articles\/c1jepdjy256o\" ec-id=\"https:\/\/www.bbc.com\/news\/articles\/c1jepdjy256o\" ec-name=\"BBC\" rel=\"nofollow noopener\" target=\"_blank\">BBC<\/a>, som siterer personer med ledende roller i Minneapolis.<\/p>\n<p>En juridisk observat\u00f8rs oppgave er normalt \u00e5 overv\u00e5ke om myndigheter eller demonstranter f\u00f8lger loven.<\/p>\n<p><img decoding=\"async\"   src=\"data:image\/gif;base64,R0lGODlhAQABAIAAAAAAAP\/\/\/yH5BAEAAAAALAAAAAABAAEAAAIBRAA7\" loading=\"eager\" alt=\"En kvinne som st\u00e5r foran et vann.\" title=\"Foto: Sosiale medier\"\/><\/p>\n<p class=\"\">Det var Renee Nicole Good (37) som onsdag ble skutt og drept av en ICE-agent i Minneapolis i Minnesota i USA.<\/p>\n<p>Foto: Sosiale medier<\/p>\n<p>Agenten g\u00e5r videre rundt bilen, og filmer skiltet. I gjenskinnen i bilvinduet ser man at agenten holder telefonen i h\u00e5nda mens han filmer.<\/p>\n<p>P\u00e5 baksiden av bilen treffer han kona til Good, som selv filmer med en telefon.<\/p>\n<p>\u2013 Det g\u00e5r bra, vi bytter ikke skiltene hver morgen, bare s\u00e5 du vet det. Skiltene vil v\u00e6re de samme n\u00e5r du kommer og snakker med oss senere, sier kona.<\/p>\n<p>ICE-agenten g\u00e5r videre rundt bilen, mens kona f\u00f8lger etter.<\/p>\n<p><strong>\u2013 Vil du pr\u00f8ve deg p\u00e5 oss? Jeg foresl\u00e5r at du g\u00e5r og f\u00e5r deg noe lunsj, store gutt, sier kona, mens hun filmer.<\/strong><\/p>\n<p>Roper og skyter<\/p>\n<p>ICE-agenten fortsetter rundt bilen, n\u00e5 foran panseret. I mellomtiden har en annen ICE-agent kommet til. Fra tidligere videoer vet vi at han g\u00e5r mot f\u00f8rersiden, og ber Good komme seg \u00abut av den j\u00e6vla bilen\u00bb.<\/p>\n<p>P\u00e5 dette tidspunktet er ICE-agenten som drepte Good skr\u00e5tt foran f\u00f8rersiden av bilen.<\/p>\n<p><strong>I mobilvideoen ser man at Good legger rattet hardt over til h\u00f8yre, alts\u00e5 i retning bort fra ICE-agenten, og gir fart.<\/strong><\/p>\n<p>Agenten roper til. S\u00e5 h\u00f8res lyden av tre skudd i rask rekkef\u00f8lge. Mobiltelefonen filmer opp i luften, og noe v\u00e5pen er ikke synlig.<\/p>\n<p><strong>\u2013 J\u00e6vla bitch, sier en mannsstemme i bakgrunnen.<\/strong><\/p>\n<p>Bilen med Good kj\u00f8rer bort, f\u00f8r den krasjer i en parkert bil og blir st\u00e5ende og spinne litt.<\/p>\n<p>Raser mot hverandre<\/p>\n<p>I ettertid har det v\u00e6rt stor uenighet om hva som skjedde.<\/p>\n<p>F\u00f8derale myndigheter og president Donald Trump mener ICE-agenten handlet i selvforsvar. <a href=\"https:\/\/truthsocial.com\/@realDonaldTrump\/posts\/115855701696773990\" ec-id=\"https:\/\/truthsocial.com\/@realDonaldTrump\/posts\/115855701696773990\" ec-name=\"Trump mener\" rel=\"nofollow noopener\" target=\"_blank\">Trump mener<\/a> kvinnen handlet forsettlig og farlig, og at hun \u00abkj\u00f8rte over\u00bb ICE-agenten.<\/p>\n<p>Lokale myndigheter mener dette ikke kan stemme. Ordf\u00f8rer Jacob Frey i Minneapolis ba ICE om \u00e5 komme seg \u00abtil helvete ut\u00bb av byen. Guvern\u00f8r Tim Walz mener fremstillingen av at agenten handlet i selvforsvar er propaganda.<\/p>\n<p>Nektes innsyn<\/p>\n<p>ICE er den f\u00f8derale etaten som h\u00e5ndterer lover rundt blant annet innvandring. De etterforsker og arresterer ogs\u00e5 personer som oppholder seg ulovlig i landet.<\/p>\n<p><strong>USAs visepresident J.D. Vance hevder at drapsmannen ikke kan straffes, fordi han deltok i en f\u00f8deral operasjon.<\/strong><\/p>\n<p><img decoding=\"async\"   src=\"data:image\/gif;base64,R0lGODlhAQABAIAAAAAAAP\/\/\/yH5BAEAAAAALAAAAAABAAEAAAIBRAA7\" loading=\"eager\" alt=\"En representant holder pressebriefing i Det hvite hus. Bakgrunnen viser det offisielle signet og amerikanske flagg. Datoen for briefing er 8. januar 2026. Publikum er synlig i nedre del av bildet.\" title=\"Foto: Evan Vucci \/ AP \/ NTB\"\/><\/p>\n<p class=\"\">J.D. Vance p\u00e5 en pressebrifing i Det hvite hus.<\/p>\n<p>Foto: Evan Vucci \/ AP \/ NTB<\/p>\n<p>Samtidig f\u00e5r ikke det lokale politiet i Minnesota delta i etterforskningen av drapet.<\/p>\n<p>Riksadvokaten i Minnesota, Keith Ellison, sier til <a href=\"https:\/\/www.cnn.com\/us\/live-news\/minneapolis-ice-shooting-01-08-26?post-id=cmk5nskyd0012356pjdgyzcg5\" ec-id=\"https:\/\/www.cnn.com\/us\/live-news\/minneapolis-ice-shooting-01-08-26\" ec-name=\"CNN\" rel=\"nofollow noopener\" target=\"_blank\">CNN<\/a> at beslutningen er dypt urovekkende og ekstremt skuffende.<\/p>\n<p><strong>\u2013 Mitt sp\u00f8rsm\u00e5l er \u00abHva er dere redde for? Hvorfor er dere redde for en uavhengig etterforskning\u00bb? sa Ellison.<\/strong><\/p>\n<p>P\u00e5stander om trygdesvindel<\/p>\n<p>I forkant av drapet planla Trump-administrasjonen \u00e5 utplassere ytterligere 2000 f\u00f8derale agenter i Minnesota i tiden fremover, skrev <a href=\"https:\/\/apnews.com\/article\/immigration-enforcement-ice-noem-minnesota-somali-db661df6de1131a034da2bda4bb3d817\" ec-id=\"https:\/\/apnews.com\/article\/immigration-enforcement-ice-noem-minnesota-somali-db661df6de1131a034da2bda4bb3d817\" ec-name=\"nyhetsbyr\u00e5et AP tirsdag\" rel=\"nofollow noopener\" target=\"_blank\">nyhetsbyr\u00e5et AP tirsdag<\/a>.<\/p>\n<p><strong>Bakgrunnen for operasjonen var p\u00e5stander om trygdesvindel i delstaten.<\/strong><\/p>\n<p>P\u00e5stander om trygdesvindel i Minnesota<\/p>\n<ul>\n<li>I romjulen la den konservative YouTube\u2011skaperen Nick Shirley ut en video hvor han hevdet at barnehager drevet av somalisk-amerikanere i Minnesota hadde svindlet til seg betydelige midler.<\/li>\n<li>Shirley har ikke lagt frem s\u00e6rlig mye bevis som st\u00f8tter hans p\u00e5stander, <a href=\"https:\/\/www.nrk.no\/urix\/ny-video-viser-at-george-floyd-grat-av-redsel-under-arrestasjonen-1.15110121\" ec-id=\"pp:article:1.15110121\" ec-name=\"if\u00f8lge CNN\" rel=\"nofollow noopener\" target=\"_blank\">if\u00f8lge CNN<\/a>.<\/li>\n<li>Videoen ble blant annet delt p\u00e5 X av USAs visepresident J.D. Vance, og har f\u00e5tt flere millioner visninger p\u00e5 forskjellige plattformer.<\/li>\n<li>Trump-administrasjonen tok raskt grep. Sikkerhetsdepartementet (DHS) og FBI \u00f8kte tilstedev\u00e6relsen sin i Minnesota, og f\u00f8deral st\u00f8tte til barneomsorg i hele delstaten ble frosset, <a href=\"https:\/\/edition.cnn.com\/2026\/01\/05\/us\/minnesota-child-care-fraud-investigation\" ec-id=\"https:\/\/edition.cnn.com\/2026\/01\/05\/us\/minnesota-child-care-fraud-investigation\" ec-name=\"skriver CNN\" rel=\"nofollow noopener\" target=\"_blank\">skriver CNN<\/a>.<\/li>\n<li>Mandag kunngjorde tidligere visepresidentkandidat Tim Walz at han ikke stiller til gjenvalg som guvern\u00f8r i Minnesota.<\/li>\n<\/ul>\n<p>Etter drapet har flere i Minneapolis tatt til gatene for \u00e5 demonstrere.<\/p>\n<p>\u2013 Dette er starten p\u00e5 at vi hever v\u00e5re stemmer. Vi vil v\u00e6re her hver kveld. Vi vet hvilket hotell ICE-offiserene bor p\u00e5 og vi skal s\u00f8rge for at de ikke f\u00e5r sove. Vi vil ha rettferdighet og krever at Donald Trump stopper med det han holder p\u00e5 med, har demonstrant Haakon Gisvold <a href=\"https:\/\/www.nrk.no\/urix\/demonstrant-i-minneapolis__-jeg-tror-ikke-han-forstar-hvem-han-kodder-med-1.17720352\" ec-id=\"pp:article:1.17720352\" ec-name=\"sagt til NRK\" rel=\"nofollow noopener\" target=\"_blank\">sagt til NRK<\/a>.<\/p>\n<p>Publisert<\/p>\n<p>09.01.2026, kl. 22.17<\/p>\n","protected":false},"excerpt":{"rendered":"Stemningen har v\u00e6rt sv\u00e6rt anspent i Minneapolis i USA etter at en ICE-agent skj\u00f8t og drepte Renee Nicole&hellip;\n","protected":false},"author":2,"featured_media":133454,"comment_status":"","ping_status":"","sticky":false,"template":"","format":"standard","meta":{"footnotes":""},"categories":[5],"tags":[20,21,24,25,15,19,22,23,17,18,13,30,28,29,14,16,26,27],"class_list":{"0":"post-133453","1":"post","2":"type-post","3":"status-publish","4":"format-standard","5":"has-post-thumbnail","7":"category-overskrifter","8":"tag-breaking-news","9":"tag-breakingnews","10":"tag-featured-news","11":"tag-featurednews","12":"tag-headlines","13":"tag-hovedoppslag","14":"tag-latest-news","15":"tag-latestnews","16":"tag-main-news","17":"tag-mainnews","18":"tag-news","19":"tag-no","20":"tag-norge","21":"tag-norway","22":"tag-nyheter","23":"tag-overskrifter","24":"tag-top-stories","25":"tag-topstories"},"share_on_mastodon":{"url":"https:\/\/pubeurope.com\/@no\/115867334954589465","error":""},"_links":{"self":[{"href":"https:\/\/www.europesays.com\/no\/wp-json\/wp\/v2\/posts\/133453","targetHints":{"allow":["GET"]}}],"collection":[{"href":"https:\/\/www.europesays.com\/no\/wp-json\/wp\/v2\/posts"}],"about":[{"href":"https:\/\/www.europesays.com\/no\/wp-json\/wp\/v2\/types\/post"}],"author":[{"embeddable":true,"href":"https:\/\/www.europesays.com\/no\/wp-json\/wp\/v2\/users\/2"}],"replies":[{"embeddable":true,"href":"https:\/\/www.europesays.com\/no\/wp-json\/wp\/v2\/comments?post=133453"}],"version-history":[{"count":0,"href":"https:\/\/www.europesays.com\/no\/wp-json\/wp\/v2\/posts\/133453\/revisions"}],"wp:featuredmedia":[{"embeddable":true,"href":"https:\/\/www.europesays.com\/no\/wp-json\/wp\/v2\/media\/133454"}],"wp:attachment":[{"href":"https:\/\/www.europesays.com\/no\/wp-json\/wp\/v2\/media?parent=133453"}],"wp:term":[{"taxonomy":"category","embeddable":true,"href":"https:\/\/www.europesays.com\/no\/wp-json\/wp\/v2\/categories?post=133453"},{"taxonomy":"post_tag","embeddable":true,"href":"https:\/\/www.europesays.com\/no\/wp-json\/wp\/v2\/tags?post=133453"}],"curies":[{"name":"wp","href":"https:\/\/api.w.org\/{rel}","templated":true}]}}