{"id":133457,"date":"2026-01-09T21:50:07","date_gmt":"2026-01-09T21:50:07","guid":{"rendered":"https:\/\/www.europesays.com\/no\/133457\/"},"modified":"2026-01-09T21:50:07","modified_gmt":"2026-01-09T21:50:07","slug":"unge-hoyre-vil-kutte-ut-obligatorisk-10-klasse","status":"publish","type":"post","link":"https:\/\/www.europesays.com\/no\/133457\/","title":{"rendered":"Unge H\u00f8yre vil kutte ut obligatorisk 10. klasse"},"content":{"rendered":"\n<ul class=\"_list_o9xde_3 _list_64s2r_85 _unordered_o9xde_106 text-sans-m\">\n<li class=\"_item_o9xde_30\">Unge H\u00f8yre foresl\u00e5r \u00e5 vurdere \u00e5 gj\u00f8re 10. klasse frivillig for \u00e5 \u00f8ke elevenes motivasjon og f\u00e5 ungdom raskere ut i jobb.<\/li>\n<li class=\"_item_o9xde_30\">Debatten skal avgj\u00f8res p\u00e5 H\u00f8yres landsm\u00f8te den 13.\u201315. februar.<\/li>\n<li class=\"_item_o9xde_30\">H\u00f8yres Mathilde Tybring-Gjedde vil beholde 10. klasse og mener det forhindrer frafall.<\/li>\n<\/ul>\n<p>Vis mer <\/p>\n<p class=\"_paragraph_o9xde_4 _paragraph_xtcu6_10 layout-component text-serif-m layout-normal text-serif-m layout-padded\">\u2013 Elevenes motivasjon p\u00e5 skolen har falt veldig de siste \u00e5rene. Samtidig er det vanskelig \u00e5 se hva vi egentlig har tjent p\u00e5 at skolen har blitt mer omfattende med flere \u00e5r og flere timer, sier Unge H\u00f8yre-nestleder Nicolai \u00d8steby til VG.<\/p>\n<p class=\"_paragraph_o9xde_4 _paragraph_xtcu6_10 layout-component text-serif-m layout-normal text-serif-m layout-padded\">Han viser til at tallene p\u00e5 elevenes motivasjon i 10. klasse har falt betydelig p\u00e5 flere omr\u00e5der siden 2018, if\u00f8lge Elevunders\u00f8kelsen. Det er f\u00e6rre elever som sier at de liker \u00e5 l\u00e6re, gleder seg til skolen og liker skolearbeidet, p\u00e5 tross av at tallene viste litt fremgang i fjor. <\/p>\n<p>Elevenes motivasjon i 10. klasse<\/p>\n<p class=\"_paragraph_o9xde_4 _paragraph_xtcu6_10 _paragraph_16v91_10 layout-component text-serif-m layout-normal text-sans-m layout-padded\">10.-klassingene gj\u00f8r det konsekvent verre enn 7.-klassingene og elever i f\u00f8rsteklasse p\u00e5 videreg\u00e5ende b\u00e5de n\u00e5r de sp\u00f8rres om de liker skolearbeidet og om de gleder seg til skolen. <\/p>\n<p class=\"_paragraph_o9xde_4 _paragraph_xtcu6_10 _paragraph_16v91_10 layout-component text-serif-m layout-normal text-sans-m layout-padded\">I fjor var det f\u00f8rste \u00e5ret 10.-klassingen sk\u00e5ret likt med 7.-klassingene p\u00e5 sp\u00f8rsm\u00e5l om de liker \u00e5 l\u00e6re i ulike fag. 10.-klassingene har gjort det d\u00e5rligere i alle m\u00e5lingen siden 2018 f\u00f8r fjor\u00e5ret. <\/p>\n<p class=\"_paragraph_o9xde_4 _paragraph_xtcu6_10 _paragraph_16v91_10 layout-component text-serif-m layout-normal text-sans-m layout-padded\">I 2018 svarte 68 prosent av 10.-klassingene at de likte \u00e5 l\u00e6re \u00abI mange\u00bb eller \u00abI alle eller de fleste fag\u00bb. I 2025 svarte 58 prosent det samme, opp fra 55 prosent \u00e5ret f\u00f8r. <\/p>\n<p class=\"_paragraph_o9xde_4 _paragraph_xtcu6_10 _paragraph_16v91_10 layout-component text-serif-m layout-normal text-sans-m layout-padded\">I 2018 svarte 40 prosent av 10.-klassingene at de likte skolearbeidet \u00abgodt\u00bb eller \u00absv\u00e6rt godt\u00bb. I 2025 svarte 29 prosent det samme, opp fra 27 prosent \u00e5ret f\u00f8r. <\/p>\n<p class=\"_paragraph_o9xde_4 _paragraph_xtcu6_10 _paragraph_16v91_10 layout-component text-serif-m layout-normal text-sans-m layout-padded\">I 2018 svarte 51 prosent av 10.-klassingene at de var \u00abLitt\u00bb eller \u00abHelt enig\u00bb i at de gledet seg til \u00e5 g\u00e5 p\u00e5 skolen. I 2025 svarte 44 prosent det samme, opp fra 42 prosent \u00e5ret f\u00f8r. <\/p>\n<p class=\"_paragraph_o9xde_4 _paragraph_xtcu6_10 _paragraph_16v91_10 layout-component text-serif-m layout-normal text-sans-m layout-padded\">Kilde: <a href=\"https:\/\/www.udir.no\/tall-og-forskning\/statistikk\/analyser\/2025\/elevundersokelsen-farre-opplever-mobbing-flere-motiverte\/elevenes-motivasjon\/\" class=\"_link_o9xde_39\" rel=\"nofollow noopener\" target=\"_blank\">Elevunders\u00f8kelsen, Utdanningsdirektoratet<\/a><\/p>\n<p>Vis mer<\/p>\n<p class=\"_paragraph_o9xde_4 _paragraph_xtcu6_10 layout-component text-serif-m layout-normal text-serif-m layout-padded\">\u2013 Vi b\u00f8r heller g\u00e5 i motsatt retning, ved \u00e5 g\u00e5 ned p\u00e5 antall \u00e5r p\u00e5 skolen. Da kan vi f\u00e5 folk raskere ut i arbeidslivet og kanskje heve motivasjonen til elevene, sier han.<\/p>\n<p class=\"_paragraph_o9xde_4 _paragraph_xtcu6_10 layout-component text-serif-m layout-normal text-serif-m layout-padded\">H\u00f8yre skal vedta ny skolepolitikk p\u00e5 landsm\u00f8tet sitt den 13.\u201315. februar. <\/p>\n<p class=\"_paragraph_o9xde_4 _paragraph_xtcu6_10 layout-component text-serif-m layout-normal text-serif-m layout-padded\">Unge H\u00f8yres nestleder, Nicolai \u00d8steby, sitter i resolusjonskomiteen, men vil g\u00e5 lenger enn resten av komiteen p\u00e5 ett punkt: <\/p>\n<p class=\"_paragraph_o9xde_4 _paragraph_xtcu6_10 layout-component text-serif-m layout-normal text-serif-m layout-padded\"><strong class=\"_strong_o9xde_25\">Han mener at H\u00f8yre m\u00e5 vurdere \u00e5 kutte ut obligatorisk 10. klasse, og la skole\u00e5ret v\u00e6re frivillig for de som trenger det. <\/strong><\/p>\n<p>Ordlyden i forslaget<\/p>\n<p class=\"_paragraph_o9xde_4 _paragraph_xtcu6_10 _paragraph_16v91_10 layout-component text-serif-m layout-normal text-sans-m layout-padded\">Et mindretall i resolusjonskomiteen, best\u00e5ende av \u00d8steby, vil legge til dette punktet i H\u00f8yres storresolusjon om skole p\u00e5 landsm\u00f8tet: <\/p>\n<p class=\"_paragraph_o9xde_4 _paragraph_xtcu6_10 _paragraph_16v91_10 layout-component text-serif-m layout-normal text-sans-m layout-padded\">Vurdere \u00e5 redusere antall \u00e5r i grunnskolen fra 10 til 9 \u00e5r, og \u00e5pne for et frivillig 10. skole\u00e5r for elever som har behov for det.<\/p>\n<p>Vis mer<\/p>\n<p class=\"_paragraph_o9xde_4 _paragraph_xtcu6_10 layout-component text-serif-m layout-normal text-serif-m layout-padded\">\u2013 Det er ganske vanlig med en ni\u00e5rig grunnskole i land vi liker \u00e5 sammenligne oss med. Det er klokt for Norge \u00e5 f\u00f8lge etter og bruke f\u00e6rre \u00e5r p\u00e5 \u00e5 ferdigutdanne folk, sier han.\u00a0<\/p>\n<p class=\"_paragraph_o9xde_4 _paragraph_xtcu6_10 layout-component text-serif-m layout-normal text-serif-m layout-padded\">Han trekker frem FinlandFinlandNi\u00e5rig grunnskole, men videreg\u00e5ende er obligatorisk, Estland, \u00d8sterrike og Sveits som land hvor grunnskolen varer i ni \u00e5r. <\/p>\n<p class=\"_paragraph_o9xde_4 _paragraph_xtcu6_10 layout-component text-serif-m layout-normal text-serif-m layout-padded\">\u2013 Hvorfor vil dere kun vurdere \u00e5 kutte obligatorisk 10. klasse, og ikke si at dere g\u00e5r inn for det?<\/p>\n<p class=\"_paragraph_o9xde_4 _paragraph_xtcu6_10 layout-component text-serif-m layout-normal text-serif-m layout-padded\"><strong class=\"_strong_o9xde_25\">\u2013 Vi m\u00e5 vite mer om hvordan vi skal gjennomf\u00f8re det i praksis, men intensjonen v\u00e5r er veldig klar. Vi vil gjennomf\u00f8re dette og h\u00e5per vi f\u00e5r med oss H\u00f8yre p\u00e5 det, sier \u00d8steby.\u00a0<\/strong><\/p>\n<p><img alt=\"LANSERTE SKOLEL\u00d8FTE: Unge H\u00f8yre-leder Ola Svenneby, nestleder Tina Bru og H\u00f8yre-leder Erna Solberg lanserte H\u00f8yres l\u00f8fte om mer skole for de minste i valgkampen.   Foto: Lars Martin Hunstad \/ VG\" class=\"_image_qp4xg_65 layout-component layout-normal\" data-fullscreen- data-track-element-type=\"Article image fullscreen\" data-track-name=\"ImageFullscreen\" decoding=\"async\" loading=\"lazy\" height=\"3712\" itemprop=\"image\"  src=\"https:\/\/www.europesays.com\/no\/wp-content\/uploads\/2026\/01\/6ebb125f-015c-4647-ac62-85b68c6d5aeb.png\"  style=\"object-position:0% 0%\" width=\"5568\"\/>LANSERTE SKOLEL\u00d8FTE: Unge H\u00f8yre-leder Ola Svenneby, nestleder Tina Bru og H\u00f8yre-leder Erna Solberg lanserte H\u00f8yres l\u00f8fte om mer skole for de minste i valgkampen.   Foto: Lars Martin Hunstad \/ VG<\/p>\n<p class=\"_paragraph_o9xde_4 _paragraph_xtcu6_10 layout-component text-serif-m layout-normal text-serif-m layout-padded\">S\u00e5 sent som i valgkampen i fjor h\u00f8st lovet H\u00f8yre <a href=\"https:\/\/www.vg.no\/nyheter\/i\/vgodQB\/hoeyre-presenterer-ny-skolepolitikk-en-sfo-time-til-timeplanen-for-1-klasse\" data-track-element-type=\"Link\" data-track-id=\"link:vgodQB\" class=\"_link_o9xde_39\" rel=\"nofollow noopener\" target=\"_blank\">\u00e9n ekstra time p\u00e5 skolen for de minste barna<\/a>. \u00d8steby mener det n\u00e5 trengs et st\u00f8rre skoleoppgj\u00f8r.<\/p>\n<p class=\"_paragraph_o9xde_4 _paragraph_xtcu6_10 layout-component text-serif-m layout-normal text-serif-m layout-padded\">\u2013 Noe av utfordringen til H\u00f8yre i skolepolitikken handler ikke bare om at vi har v\u00e6rt for sent ute i noen debatter, men ogs\u00e5 at vi ikke t\u00f8r \u00e5 ta i de st\u00f8rre systemdebattene og snakke om reform av skolen. Det tror jeg H\u00f8yre hadde hatt godt av \u00e5 gj\u00f8re, sier han.<\/p>\n<p class=\"_paragraph_o9xde_4 _paragraph_xtcu6_10 layout-component text-serif-m layout-normal text-serif-m layout-padded\">\u2013 Hvorfor et s\u00e5 radikalt brudd med H\u00f8yres tidligere politikk?<\/p>\n<p class=\"_paragraph_o9xde_4 _paragraph_xtcu6_10 layout-component text-serif-m layout-normal text-serif-m layout-padded\">\u2013 Det er en erkjennelse av at det ikke har gitt resultater etter intensjonen. Norske elever g\u00e5r stadig flere timer p\u00e5 skolen, men resultatene blir d\u00e5rligere og motivasjonen blir d\u00e5rligere. Da m\u00e5 vi erkjenne at politikken har v\u00e6rt feilsl\u00e5tt og heller g\u00e5 i den andre retningen. H\u00f8yre m\u00e5 g\u00e5 i seg selv, sier han.\u00a0<\/p>\n<p>Tror p\u00e5 flertall<\/p>\n<p class=\"_paragraph_o9xde_4 _paragraph_xtcu6_10 layout-component text-serif-m layout-normal text-serif-m layout-padded\">\u00d8steby understreker at grepet med \u00e5 kutte ut 10. klasse kommer p\u00e5 toppen av en rekke nye grep i resolusjonen som g\u00e5r p\u00e5 innholdet i skolen, b\u00e5de for \u00e5 gj\u00f8re den mer praktisk og gj\u00f8re barna bedre til \u00e5 konsentrere seg. <\/p>\n<p class=\"_paragraph_o9xde_4 _paragraph_xtcu6_10 layout-component text-serif-m layout-normal text-serif-m layout-padded\">\u00a0Han tror et kutt i antall skole\u00e5r vil hjelpe b\u00e5de skoleflinke og skoletr\u00f8tte elever:<\/p>\n<p class=\"_paragraph_o9xde_4 _paragraph_xtcu6_10 layout-component text-serif-m layout-normal text-serif-m layout-padded\">\u2013 Hvis elever ikke er motiverte for \u00e5 g\u00e5 p\u00e5 skolen, er det heller ikke lett \u00e5 prestere godt. Skoleresultatene har falt sammen med motivasjonen. Leseferdighetene er d\u00e5rligere, mange sliter med realfagene. Jeg tror motiverte elever gj\u00f8r det bedre p\u00e5 skolen, sier \u00d8steby.<\/p>\n<p class=\"_paragraph_o9xde_4 _paragraph_xtcu6_10 layout-component text-serif-m layout-normal text-serif-m layout-padded\">\u2013 Jeg tror elever som trenger ekstra utfordringer trenger dette vel s\u00e5 mye. Sjansen for \u00e5 kjede seg fort er ganske h\u00f8y. Dette vil v\u00e6re en god l\u00f8sning p\u00e5 tvers av ulike elevgrupper, sier han. <\/p>\n<p class=\"_paragraph_o9xde_4 _paragraph_xtcu6_10 layout-component text-serif-m layout-normal text-serif-m layout-padded\">Han tror de har en god sjanse til \u00e5 f\u00e5 flertall p\u00e5 H\u00f8yre-landsm\u00f8tet.\u00a0<\/p>\n<p class=\"_paragraph_o9xde_4 _paragraph_xtcu6_10 layout-component text-serif-m layout-normal text-serif-m layout-padded\">\u2013 Jeg tror sannsynligheten for flertall er h\u00f8y. Vi skal i alle fall jobbe for det.<\/p>\n<p>F\u00e5r motstand<\/p>\n<p class=\"_paragraph_o9xde_4 _paragraph_xtcu6_10 layout-component text-serif-m layout-normal text-serif-m layout-padded\">H\u00f8yres nye skolesjef, Mathilde Tybring-Gjedde, har flertall i komiteen p\u00e5 \u00e5 beholde 10. klasse som i dag. N\u00e5 m\u00e5 hun overbevise landsm\u00f8tet. <\/p>\n<p class=\"_paragraph_o9xde_4 _paragraph_xtcu6_10 layout-component text-serif-m layout-normal text-serif-m layout-padded\">\u2013 Jeg er opptatt av mer kvalitet i de timene vi allerede har. At skolen blir mer fleksibel og praktisk for alle elever. Derfor g\u00e5r vi inn for utsatt skolestart for flere elever, mer tilpasset undervisning, og flere alternative oppl\u00e6ringsarenaer for ungdomsskoleelever som trenger et annet tilbud. Vi vil ogs\u00e5 at flere skal rett inn i bedrift p\u00e5 yrkesfag, istedenfor \u00e5 g\u00e5 tilbake til skolebenken, sier Mathilde Tybring-Gjedde til VG.\u00a0<\/p>\n<p><img alt=\"P\u00c5 KATTA: Mathilde Tybring-Gjedde leder utdanningskomiteen p\u00e5 Stortinget.   Foto: Frank Ertesv\u00e5g \/ VG\" class=\"_image_qp4xg_65 layout-component layout-normal\" data-fullscreen- data-track-element-type=\"Article image fullscreen\" data-track-name=\"ImageFullscreen\" decoding=\"async\" loading=\"lazy\" height=\"4032\" itemprop=\"image\"  src=\"https:\/\/www.europesays.com\/no\/wp-content\/uploads\/2026\/01\/fe085ab9-2e63-4994-a8dd-acf9f88fb7da.png\"  style=\"object-position:0% 0%\" width=\"3024\"\/>P\u00c5 KATTA: Mathilde Tybring-Gjedde leder utdanningskomiteen p\u00e5 Stortinget.   Foto: Frank Ertesv\u00e5g \/ VG<\/p>\n<p class=\"_paragraph_o9xde_4 _paragraph_xtcu6_10 layout-component text-serif-m layout-normal text-serif-m layout-padded\">\u2013 Jeg tror det vil gi en skole der flere l\u00e6rer \u00e5 lese og regne, opplever flere mestrings\u00f8yeblikk og fullf\u00f8rer. Det \u00e5 kutte et skole\u00e5r tror jeg vil f\u00f8re til st\u00f8rre frafall, s\u00e6rlig blant guttene, sier hun.<\/p>\n<p class=\"_paragraph_o9xde_4 _paragraph_xtcu6_10 layout-component text-serif-m layout-normal text-serif-m layout-padded\">\u2013 Hvorfor det?<\/p>\n<p class=\"_paragraph_o9xde_4 _paragraph_xtcu6_10 layout-component text-serif-m layout-normal text-serif-m layout-padded\">\u2013 Mange elever\u00a0som starter p\u00e5 videreg\u00e5ende i dag er ikke modne og forberedt nok allerede i dag. Det ender med at de g\u00e5r p\u00e5 skole i mange \u00e5r uten \u00e5 fullf\u00f8re. Guttene modnes senere og f\u00e5r d\u00e5rligere karakterer i alle fag i grunnskolen, utenom gym. Ved \u00e5 kutte et skole\u00e5r tvinger man dem til \u00e5 velge retning tidligere og gj\u00f8r grunnskolen om til ni intensive \u00e5r, sier Tybring-Gjedde. <\/p>\n<p>\u2013 En feilslutning<\/p>\n<p class=\"_paragraph_o9xde_4 _paragraph_xtcu6_10 layout-component text-serif-m layout-normal text-serif-m layout-padded\">\u2013 Jeg tror vinningen g\u00e5r opp i spinningen, og at forskjellene kan \u00f8ke. Vi m\u00e5 starte i riktig ende med en mer fleksibel skolestart, og mer tilpasset og praktisk undervisning i lesing og regning, sier hun. <\/p>\n<p class=\"_paragraph_o9xde_4 _paragraph_xtcu6_10 layout-component text-serif-m layout-normal text-serif-m layout-padded\">Tybring-Gjedde sier at de g\u00e5r langt i \u00e5 endre skolen med den nye skolepolitikken de n\u00e5 foresl\u00e5r.\u00a0Flertallet i komiteen g\u00e5r inn for \u00e5 ikke \u00f8ke timeantallet i skolen n\u00e5.<\/p>\n<p class=\"_paragraph_o9xde_4 _paragraph_xtcu6_10 layout-component text-serif-m layout-normal text-serif-m layout-padded\">Hun forsvarer samtidig behovet for dagens antall skoletimer.\u00a0<\/p>\n<p class=\"_paragraph_o9xde_4 _paragraph_xtcu6_10 layout-component text-serif-m layout-normal text-serif-m layout-padded\">\u2013 Antall skoletimer er ikke det eneste avgj\u00f8rende, men resultatene har ikke g\u00e5tt ned fordi elevene har for mye kvalitetstid med dyktige l\u00e6rere. Det er en feilslutning n\u00e5r Arbeiderpartiet vil ha <a href=\"https:\/\/www.aftenposten.no\/norge\/politikk\/i\/wr6Ppn\/kari-nessa-nordtun-oensker-aa-kutte-ut-tre-skolefag-i-barneskolen\" class=\"_link_o9xde_39\" rel=\"nofollow noopener\" target=\"_blank\">flere timer p\u00e5 SFO<\/a> og \u00d8steby vil kutte et skole\u00e5r. Jeg er uenig i at du f\u00e5r mer l\u00e6ring ved \u00e5 kutte 10. klasse, sier hun.\u00a0<\/p>\n","protected":false},"excerpt":{"rendered":"Unge H\u00f8yre foresl\u00e5r \u00e5 vurdere \u00e5 gj\u00f8re 10. klasse frivillig for \u00e5 \u00f8ke elevenes motivasjon og f\u00e5 ungdom&hellip;\n","protected":false},"author":2,"featured_media":133458,"comment_status":"","ping_status":"","sticky":false,"template":"","format":"standard","meta":{"footnotes":""},"categories":[12],"tags":[20,21,24,25,15,1213,22,23,10646,13,30,28,281,29,14,16,804,26,27,42,205,43,44,45],"class_list":{"0":"post-133457","1":"post","2":"type-post","3":"status-publish","4":"format-standard","5":"has-post-thumbnail","7":"category-verden","8":"tag-breaking-news","9":"tag-breakingnews","10":"tag-featured-news","11":"tag-featurednews","12":"tag-headlines","13":"tag-hoyre-h","14":"tag-latest-news","15":"tag-latestnews","16":"tag-mathilde-tybring-gjedde","17":"tag-news","18":"tag-no","19":"tag-norge","20":"tag-norsk-politikk","21":"tag-norway","22":"tag-nyheter","23":"tag-overskrifter","24":"tag-skole","25":"tag-top-stories","26":"tag-topstories","27":"tag-verden","28":"tag-vgsamfunn","29":"tag-world","30":"tag-world-news","31":"tag-worldnews"},"share_on_mastodon":{"url":"https:\/\/pubeurope.com\/@no\/115867354676367509","error":""},"_links":{"self":[{"href":"https:\/\/www.europesays.com\/no\/wp-json\/wp\/v2\/posts\/133457","targetHints":{"allow":["GET"]}}],"collection":[{"href":"https:\/\/www.europesays.com\/no\/wp-json\/wp\/v2\/posts"}],"about":[{"href":"https:\/\/www.europesays.com\/no\/wp-json\/wp\/v2\/types\/post"}],"author":[{"embeddable":true,"href":"https:\/\/www.europesays.com\/no\/wp-json\/wp\/v2\/users\/2"}],"replies":[{"embeddable":true,"href":"https:\/\/www.europesays.com\/no\/wp-json\/wp\/v2\/comments?post=133457"}],"version-history":[{"count":0,"href":"https:\/\/www.europesays.com\/no\/wp-json\/wp\/v2\/posts\/133457\/revisions"}],"wp:featuredmedia":[{"embeddable":true,"href":"https:\/\/www.europesays.com\/no\/wp-json\/wp\/v2\/media\/133458"}],"wp:attachment":[{"href":"https:\/\/www.europesays.com\/no\/wp-json\/wp\/v2\/media?parent=133457"}],"wp:term":[{"taxonomy":"category","embeddable":true,"href":"https:\/\/www.europesays.com\/no\/wp-json\/wp\/v2\/categories?post=133457"},{"taxonomy":"post_tag","embeddable":true,"href":"https:\/\/www.europesays.com\/no\/wp-json\/wp\/v2\/tags?post=133457"}],"curies":[{"name":"wp","href":"https:\/\/api.w.org\/{rel}","templated":true}]}}