{"id":133467,"date":"2026-01-09T21:58:20","date_gmt":"2026-01-09T21:58:20","guid":{"rendered":"https:\/\/www.europesays.com\/no\/133467\/"},"modified":"2026-01-09T21:58:20","modified_gmt":"2026-01-09T21:58:20","slug":"karasjok-kulde-bikkjekaldt-i-samenes-hovedstad-skolebussen-innstilt","status":"publish","type":"post","link":"https:\/\/www.europesays.com\/no\/133467\/","title":{"rendered":"Karasjok, Kulde | Bikkjekaldt i samenes hovedstad, skolebussen innstilt"},"content":{"rendered":"\n<p>41,4 kuldegrader klokka 6 i morges. Det er laveste temperatur siden 2017, forteller Meteorologisk institutt oss. Vi ringer kommunedirekt\u00f8ren i Karasjok for \u00e5 fortelle ham det:<\/p>\n<p>\u2013 \u00c5 ja? flirer kommunedirekt\u00f8r Rune Fjellheim. <\/p>\n<p>Ikke overraskende er han klar over temperatursituasjonen, og mener ogs\u00e5 \u00e5 ha grei oversikt over f\u00f8lgene kulda har f\u00e5tt i hans kommune.<\/p>\n<p>Skolebussen<\/p>\n<p>Oppsummert kan man nok si at Karasjok kommune er vant til \u00e5 h\u00e5ndtere kalde dager:<\/p>\n<p>\u2013 Skolebussen har ikke g\u00e5tt i dag. Der g\u00e5r grensen ved 40 grader, s\u00e5 da det var 41 i morges s\u00e5 ble det avgjort. Men skolen har v\u00e6rt \u00e5pen og i drift, forteller Fjellheim.<\/p>\n<p>\u2013 Hvordan har det g\u00e5tt ellers, kommer hjemmetjenesten seg ut og s\u00e5 videre?<\/p>\n<p>\u2013 Vi har ingen meldinger om at ting har stoppet opp. Drifta g\u00e5r som normalt, det ruller og g\u00e5r, svarer han.<\/p>\n<p>\u2013 Det er litt diskusjon om elbil og kulde n\u00e5. Har Karasjok innf\u00f8rt elbiler i tjenesten?<\/p>\n<p>\u2013 Det er veldig begrenset. Vi har ikke kj\u00f8pt inn s\u00e5 mye biler i det siste, s\u00e5 det alle meste g\u00e5r med forbrenningsmotorer. Men de er jo heller ikke unntatt fra \u00e5 f\u00e5 startproblemer i kulda. Selv har jeg elbil, og det fungerer kjempegodt. Riktig nok startet den fra varm garasje, men det gikk n\u00e5 bra i g\u00e5r da jeg skulle hjem, forteller en optimistisk kommunedirekt\u00f8r i Karasjok, Rune Fjellheim.<\/p>\n<p>Dessuten blir jo oftere mildere utover dagen, og vi sp\u00f8r om temperaturen akkurat n\u00e5:<\/p>\n<p>\u2013 40 grader, svarer han.<\/p>\n<p>Fortsatt ikke mildt nok til at skolebussen kj\u00f8rer, forst\u00e5r vi.<\/p>\n","protected":false},"excerpt":{"rendered":"41,4 kuldegrader klokka 6 i morges. Det er laveste temperatur siden 2017, forteller Meteorologisk institutt oss. Vi ringer&hellip;\n","protected":false},"author":2,"featured_media":133468,"comment_status":"","ping_status":"","sticky":false,"template":"","format":"standard","meta":{"footnotes":""},"categories":[10],"tags":[36,20,21,24,25,15,4961,8981,22,23,13,30,28,29,14,16,1510,26,27,553],"class_list":{"0":"post-133467","1":"post","2":"type-post","3":"status-publish","4":"format-standard","5":"has-post-thumbnail","7":"category-norge","8":"tag-art","9":"tag-breaking-news","10":"tag-breakingnews","11":"tag-featured-news","12":"tag-featurednews","13":"tag-headlines","14":"tag-karasjok","15":"tag-kulde","16":"tag-latest-news","17":"tag-latestnews","18":"tag-news","19":"tag-no","20":"tag-norge","21":"tag-norway","22":"tag-nyheter","23":"tag-overskrifter","24":"tag-story","25":"tag-top-stories","26":"tag-topstories","27":"tag-vaer"},"share_on_mastodon":{"url":"https:\/\/pubeurope.com\/@no\/115867386204322034","error":""},"_links":{"self":[{"href":"https:\/\/www.europesays.com\/no\/wp-json\/wp\/v2\/posts\/133467","targetHints":{"allow":["GET"]}}],"collection":[{"href":"https:\/\/www.europesays.com\/no\/wp-json\/wp\/v2\/posts"}],"about":[{"href":"https:\/\/www.europesays.com\/no\/wp-json\/wp\/v2\/types\/post"}],"author":[{"embeddable":true,"href":"https:\/\/www.europesays.com\/no\/wp-json\/wp\/v2\/users\/2"}],"replies":[{"embeddable":true,"href":"https:\/\/www.europesays.com\/no\/wp-json\/wp\/v2\/comments?post=133467"}],"version-history":[{"count":0,"href":"https:\/\/www.europesays.com\/no\/wp-json\/wp\/v2\/posts\/133467\/revisions"}],"wp:featuredmedia":[{"embeddable":true,"href":"https:\/\/www.europesays.com\/no\/wp-json\/wp\/v2\/media\/133468"}],"wp:attachment":[{"href":"https:\/\/www.europesays.com\/no\/wp-json\/wp\/v2\/media?parent=133467"}],"wp:term":[{"taxonomy":"category","embeddable":true,"href":"https:\/\/www.europesays.com\/no\/wp-json\/wp\/v2\/categories?post=133467"},{"taxonomy":"post_tag","embeddable":true,"href":"https:\/\/www.europesays.com\/no\/wp-json\/wp\/v2\/tags?post=133467"}],"curies":[{"name":"wp","href":"https:\/\/api.w.org\/{rel}","templated":true}]}}