{"id":133475,"date":"2026-01-09T22:06:14","date_gmt":"2026-01-09T22:06:14","guid":{"rendered":"https:\/\/www.europesays.com\/no\/133475\/"},"modified":"2026-01-09T22:06:14","modified_gmt":"2026-01-09T22:06:14","slug":"equinor-truer-med-a-droppe-usa-prosjekt-kan-tape-over-50-milliarder","status":"publish","type":"post","link":"https:\/\/www.europesays.com\/no\/133475\/","title":{"rendered":"Equinor truer med \u00e5 droppe USA-prosjekt \u2013 kan tape over 50 milliarder"},"content":{"rendered":"<p class=\"txt-ind\">Amerikanske myndigheter innf\u00f8rte i desember stoppordre for fem havvindprosjekter av nasjonale sikkerhetshensyn. Equinor-prosjektet er ett av disse. Ogs\u00e5 i p\u00e5sken i fjor innf\u00f8rte Trump-administrasjonen en pause, som senere ble opphevet.<\/p>\n<p class=\"txt-ind\">Muligheten for at hele havvindprosjektet Empire Wind n\u00e5 kan bli skrinlagt, kommer fram i et dokument Equinor har sendt til en amerikansk domstol denne uken, if\u00f8lge <a href=\"https:\/\/e24.no\/energi-og-klima\/i\/L4nAyR\/maa-i-gang-foer-16-januar-truer-med-aa-droppe-usa-prosjekt\" target=\"_blank\" rel=\"noopener nofollow\">E24.<\/a><\/p>\n<p class=\"txt-ind\">I begj\u00e6ringen om midlertidig forf\u00f8yning skriver selskapet at hvis byggingen ikke f\u00e5r starte innen neste fredag, 16. januar, kan hele prosjektet m\u00e5tte droppes. Kravet skal behandles i retten neste onsdag.<\/p>\n<p class=\"txt-ind\">Equinor p\u00e5peker at selskapet m\u00e5 forholde seg til visse tidsvinduer for \u00e5 kunne gjennomf\u00f8re Empire Wind, fordi l\u00f8ftefart\u00f8yene som benyttes skal videre p\u00e5 nye jobber.<\/p>\n<p class=\"txt-ind\">Hvis Empire Wind blir kansellert, vil Equinor tape fire milliarder dollar i direkte investeringer. Kombinert med blant annet avviklingskostnader vil det totale tapet bli p\u00e5 5,3 milliarder dollar, tilsvarende 53,5 milliarder kroner, opplyser selskapet.<\/p>\n<p class=\"txt-ind\">\u2013 F\u00e5r vi ikke komme raskt i gang igjen med byggingen, s\u00e5 er det fare for at prosjektet kanselleres, sier Equinor-talsperson Magnus Frantzen Eidsvold til E24.<\/p>\n<p><a class=\"group clear-both w-full !no-underline my-8 sm:my-12 bg-stone-50 dark:bg-brandStone-700 dark:text-brandNeutral-100 flex items-stretch flex-nowrap\" href=\"https:\/\/www.tu.no\/artikler\/equinor-tjente-6-21-milliarder-dollar-i-tredje-kvartal\/563809\" rel=\"nofollow noopener\" target=\"_blank\"><img decoding=\"async\" class=\" object-cover h-full w-full transition-transform duration-700 ease-in-out group-hover:scale-[1.05] will-change-transform\" src=\"https:\/\/www.europesays.com\/no\/wp-content\/uploads\/2026\/01\/DSC08518-Edit.jpg\"  alt=\"Equinor-sjef Anders Opedal (t.h.) er forn\u00f8yd med driften. Til venstre Torgrim Reitan, konserndirekt\u00f8r for \u00f8konomi og finans.\" loading=\"lazy\"\/><\/p>\n<p>Les ogs\u00e5:<\/p>\n<p class=\"group-hover:underline text-brandNeutral-900 dark:text-brandNeutral-100 mt-2 text-base sm:text-xl leading-5 sm:leading-6 font-bold\">Equinor: Tjente 62 milliarder i tredje kvartal<\/p>\n<p><\/a><\/p>\n","protected":false},"excerpt":{"rendered":"Amerikanske myndigheter innf\u00f8rte i desember stoppordre for fem havvindprosjekter av nasjonale sikkerhetshensyn. Equinor-prosjektet er ett av disse. Ogs\u00e5&hellip;\n","protected":false},"author":2,"featured_media":133476,"comment_status":"","ping_status":"","sticky":false,"template":"","format":"standard","meta":{"footnotes":""},"categories":[5],"tags":[20,21,382,24,25,379,15,19,22,23,17,18,13,30,28,29,14,16,26,27,1454],"class_list":{"0":"post-133475","1":"post","2":"type-post","3":"status-publish","4":"format-standard","5":"has-post-thumbnail","7":"category-overskrifter","8":"tag-breaking-news","9":"tag-breakingnews","10":"tag-energi","11":"tag-featured-news","12":"tag-featurednews","13":"tag-havvind","14":"tag-headlines","15":"tag-hovedoppslag","16":"tag-latest-news","17":"tag-latestnews","18":"tag-main-news","19":"tag-mainnews","20":"tag-news","21":"tag-no","22":"tag-norge","23":"tag-norway","24":"tag-nyheter","25":"tag-overskrifter","26":"tag-top-stories","27":"tag-topstories","28":"tag-vindkraft"},"share_on_mastodon":{"url":"https:\/\/pubeurope.com\/@no\/115867417558216862","error":""},"_links":{"self":[{"href":"https:\/\/www.europesays.com\/no\/wp-json\/wp\/v2\/posts\/133475","targetHints":{"allow":["GET"]}}],"collection":[{"href":"https:\/\/www.europesays.com\/no\/wp-json\/wp\/v2\/posts"}],"about":[{"href":"https:\/\/www.europesays.com\/no\/wp-json\/wp\/v2\/types\/post"}],"author":[{"embeddable":true,"href":"https:\/\/www.europesays.com\/no\/wp-json\/wp\/v2\/users\/2"}],"replies":[{"embeddable":true,"href":"https:\/\/www.europesays.com\/no\/wp-json\/wp\/v2\/comments?post=133475"}],"version-history":[{"count":0,"href":"https:\/\/www.europesays.com\/no\/wp-json\/wp\/v2\/posts\/133475\/revisions"}],"wp:featuredmedia":[{"embeddable":true,"href":"https:\/\/www.europesays.com\/no\/wp-json\/wp\/v2\/media\/133476"}],"wp:attachment":[{"href":"https:\/\/www.europesays.com\/no\/wp-json\/wp\/v2\/media?parent=133475"}],"wp:term":[{"taxonomy":"category","embeddable":true,"href":"https:\/\/www.europesays.com\/no\/wp-json\/wp\/v2\/categories?post=133475"},{"taxonomy":"post_tag","embeddable":true,"href":"https:\/\/www.europesays.com\/no\/wp-json\/wp\/v2\/tags?post=133475"}],"curies":[{"name":"wp","href":"https:\/\/api.w.org\/{rel}","templated":true}]}}