{"id":133481,"date":"2026-01-09T22:12:15","date_gmt":"2026-01-09T22:12:15","guid":{"rendered":"https:\/\/www.europesays.com\/no\/133481\/"},"modified":"2026-01-09T22:12:15","modified_gmt":"2026-01-09T22:12:15","slug":"kulda-biter-men-mange-har-ikke-valgt-norgespris","status":"publish","type":"post","link":"https:\/\/www.europesays.com\/no\/133481\/","title":{"rendered":"Kulda biter, men mange har ikke valgt Norgespris"},"content":{"rendered":"\n<ul class=\"_list_o9xde_3 _list_64s2r_85 _unordered_o9xde_106 text-sans-m\">\n<li class=\"_item_o9xde_30\">Mange str\u00f8mkunder i S\u00f8r-Norge har ikke valgt Norgespris, til tross for at det har v\u00e6rt l\u00f8nnsomt.<\/li>\n<li class=\"_item_o9xde_30\">I NO1 har 53 prosent og i NO2 har 67 prosent valgt Norgespris.<\/li>\n<li class=\"_item_o9xde_30\">Analysesjef Sigbj\u00f8rn Seland anbefaler Norgespris sterkt for husholdninger i NO1, 2 og 5.<\/li>\n<\/ul>\n<p>Vis mer <\/p>\n<p class=\"_paragraph_o9xde_4 _paragraph_xtcu6_10 layout-component text-serif-m layout-normal text-serif-m layout-padded\">Siden ordningen ble innf\u00f8rt 1. oktober har bare 53 prosent av husholdningene i str\u00f8mregion NO1 (S\u00f8r\u00f8st-Norge) og 68 prosent i NO2 (S\u00f8rvest-Norge) valgt Norgespris. Det viser tall per 6. januar fra <a href=\"https:\/\/elhub.no\/data-og-innsikt\/statistikk-for-norgespris\" class=\"_link_o9xde_39\" rel=\"nofollow noopener\" target=\"_blank\">Elhub.<\/a> I NO5 (Vest-Norge) har 48 prosent av husholdningene bundet seg til Norgespris ut 2026.<\/p>\n<p class=\"_paragraph_o9xde_4 _paragraph_xtcu6_10 layout-component text-serif-m layout-normal text-serif-m layout-padded\">Gammeldags vinterv\u00e6r har gjort str\u00f8mmen ekstra dyr ved inngangen til det nye \u00e5ret, og den forventes \u00e5 holde seg oppe ogs\u00e5 fremover, if\u00f8lge analysesjef Sigbj\u00f8rn Seland i Storm Geo.<\/p>\n<p>\u2013 Jeg skj\u00f8nner ikke<\/p>\n<p class=\"_paragraph_o9xde_4 _paragraph_xtcu6_10 layout-component text-serif-m layout-normal text-serif-m layout-padded\">\u2013 For NO1, 2 og 5 \u2013 alts\u00e5 hele S\u00f8r-Norge \u2013 har det v\u00e6rt ganske \u00e5penbart fra starten av at man bare skulle si ja takk til Norgespris, s\u00e5 jeg skj\u00f8nner egentlig ikke hvorfor s\u00e5 mange ikke har gjort det, sier Seland til VG. <\/p>\n<p class=\"_paragraph_o9xde_4 _paragraph_xtcu6_10 layout-component text-serif-m layout-normal text-serif-m layout-padded\">Norgespris gir en fast str\u00f8mpris p\u00e5 40 \u00f8re (50 \u00f8re inkludert moms) per kilowattime. Prisen gjelder bare selve str\u00f8mmen. Nettleie, avgifter og p\u00e5slag fra str\u00f8mselskapene kommer i tillegg. Ordningen er et frivillig alternativ til den opprinnelige str\u00f8mst\u00f8tten \u2013 som fortsatt gjelder \u2013 og hvor staten dekker 90 prosent av str\u00f8mprisen som overstiger 77 \u00f8re eksklusiv moms.<\/p>\n<p class=\"_paragraph_o9xde_4 _paragraph_xtcu6_10 layout-component text-serif-m layout-normal text-serif-m layout-padded\">I S\u00f8r\u00f8st-Norge var snittprisen torsdag 184,68\u00a0\u00f8re. Med str\u00f8mst\u00f8tte 85,97\u00a0\u00f8re. Fredag hadde snittprisen i denne regionen falt til 96,33<\/p>\n<p>Slik bestiller du Norgespris<\/p>\n<ul class=\"_list_o9xde_3 _list_xtcu6_9 _list_16v91_9 _unordered_o9xde_106 layout-component text-serif-m layout-normal text-sans-m layout-padded\">\n<li class=\"_item_o9xde_30\">Bestilling av Norgespris skjer via Elhub sine nettsider.<\/li>\n<li class=\"_item_o9xde_30\">Der logger man seg inn via BankID.<\/li>\n<li class=\"_item_o9xde_30\">P\u00e5 nettsidene f\u00e5r du oversikt over hvilke str\u00f8mm\u00e5lere som er registrert i ditt navn, og du kan se en beregning som viser om Norgespris kunne ha l\u00f8nt seg for deg \u2013 basert p\u00e5 tidligere str\u00f8mforbruk.<\/li>\n<\/ul>\n<p>Vis mer<\/p>\n<p class=\"_paragraph_o9xde_4 _paragraph_xtcu6_10 layout-component text-serif-m layout-normal text-serif-m layout-padded\">\u2013 Det er tydeligvis mange, som for meg av ukjente grunner, ikke vil ha Norgespris selv om det ville gitt betydelig besparelser for en husholdning i S\u00f8r-Norge. Jeg kan ikke huske \u00e5 ha sett noen som har anbefalt \u00e5 ikke velge Norgespris for en husholdning i S\u00f8r-Norge. Hvorfor s\u00e5 mange likevel ikke velger det, synes jeg er litt rart, sier Seland.<\/p>\n<p class=\"_paragraph_o9xde_4 _paragraph_xtcu6_10 layout-component text-serif-m layout-normal text-serif-m layout-padded\">Han forventer h\u00f8ye str\u00f8mpriser b\u00e5de denne uken og neste.<\/p>\n<p>Gir et klart r\u00e5d<\/p>\n<p class=\"_paragraph_o9xde_4 _paragraph_xtcu6_10 layout-component text-serif-m layout-normal text-serif-m layout-padded\">\u2013 S\u00e5 roer det seg litt. Men if\u00f8lge v\u00e5re prognoser vil det v\u00e6re h\u00f8ye priser i str\u00f8mregion 1 og 2 b\u00e5de i januar og februar. Vi snakker fort om tett p\u00e5 en krone i ren kraftpris. Det er veldig h\u00f8yt. Region 5 kommer til \u00e5 kanskje til \u00e5 ligge 10\u201315 \u00f8re lavere mens NO3 vil ha 55\u201360 \u00f8re per kilowattime i januar og februar og Nord-Norge forventingsvis kanskje 35 til 40 \u00f8re, sier han.<\/p>\n<p class=\"_paragraph_o9xde_4 _paragraph_xtcu6_10 layout-component text-serif-m layout-normal text-serif-m layout-padded\">\u2013 Hva er ditt r\u00e5d til husholdningene?<\/p>\n<p class=\"_paragraph_o9xde_4 _paragraph_xtcu6_10 layout-component text-serif-m layout-normal text-serif-m layout-padded\">\u2013 For NO1, 2 og 5 er det klinkende klart at Norgespris er en veldig god deal. Selv tok jeg Norgespris fra f\u00f8rste dag, sier Seland og legger til:<\/p>\n<p class=\"_paragraph_o9xde_4 _paragraph_xtcu6_10 layout-component text-serif-m layout-normal text-serif-m layout-padded\">\u2013 Jeg tror det vil l\u00f8nne seg for NO3 (Midt-Norge) ogs\u00e5, men der er det litt mer p\u00e5 marginen. I Nord-Norge (NO4) er det ikke noe poeng med Norgespris.<\/p>\n<p>Dette er Norgespris<\/p>\n<ul class=\"_list_o9xde_3 _list_xtcu6_9 _list_16v91_9 _unordered_o9xde_106 layout-component text-serif-m layout-normal text-sans-m layout-padded\">\n<li class=\"_item_o9xde_30\">Du betaler Norgespris p\u00e5 50 \u00f8re per kWh inkludert mva. (40 \u00f8re uten mva.). Velger du Norgespris, betaler du 50 \u00f8re\/kWh med mva. hele \u00e5ret. Det betyr at du enten vil f\u00e5 et fradrag eller et tillegg p\u00e5 nettleiefakturaen din.<\/li>\n<li class=\"_item_o9xde_30\">Norgespris har bindingstid fra du bestiller til 31. desember 2026.<\/li>\n<li class=\"_item_o9xde_30\">I tillegg til \u00e5 betale Norgespris m\u00e5 du ogs\u00e5 betale nettleie, avgifter og eventuelt p\u00e5slag fra str\u00f8mleverand\u00f8ren.<\/li>\n<li class=\"_item_o9xde_30\">Du m\u00e5 fortsatt ha en str\u00f8mavtale med en str\u00f8mleverand\u00f8r.<\/li>\n<li class=\"_item_o9xde_30\">Du m\u00e5 selv bestille Norgespris dersom du \u00f8nsker \u00e5 ta del i ordningen.<\/li>\n<li class=\"_item_o9xde_30\">Du kan ikke f\u00e5 b\u00e5de str\u00f8mst\u00f8tte og Norgespris. Dersom du mottar str\u00f8mst\u00f8tte i dag, og ikke velger Norgespris, fortsetter du automatisk med dagens str\u00f8mst\u00f8tte.<\/li>\n<li class=\"_item_o9xde_30\">N\u00e5r prisen er h\u00f8yere enn 50 \u00f8re, betaler Staten differansen (forskjellen). For eksempel: Er spotprisen p\u00e5 65 \u00f8re, vil Staten betale det som er over 50 \u00f8re = 15 \u00f8re.*<\/li>\n<li class=\"_item_o9xde_30\">N\u00e5r prisen er lavere enn 50 \u00f8re, betaler du differansen (forskjellen). For eksempel: er spotprisen 30 \u00f8re, m\u00e5 du likevel betale 50 \u00f8re. Da betaler du 20 \u00f8re tilbake til staten.*<\/li>\n<\/ul>\n<p class=\"_paragraph_o9xde_4 _paragraph_xtcu6_10 _paragraph_16v91_10 layout-component text-serif-m layout-normal text-sans-m layout-padded\"> I tillegg til \u00e5 betale Norgespris m\u00e5 du ogs\u00e5 betale nettleie, avgifter og eventuelt p\u00e5slag fra str\u00f8mleverand\u00f8ren.<\/p>\n<p class=\"_paragraph_o9xde_4 _paragraph_xtcu6_10 _paragraph_16v91_10 layout-component text-serif-m layout-normal text-sans-m layout-padded\">Norgespris\u00a0gjelder opp til en maksgrense\u00a0per m\u00e5ned:<\/p>\n<ul class=\"_list_o9xde_3 _list_xtcu6_9 _list_16v91_9 _unordered_o9xde_106 layout-component text-serif-m layout-normal text-sans-m layout-padded\">\n<li class=\"_item_o9xde_30\">5\u202f000 kWh for husholdninger<\/li>\n<li class=\"_item_o9xde_30\">1\u202f000 kWh for hytte\/fritidsboliger<\/li>\n<li class=\"_item_o9xde_30\">3\u202f500 kWh for fjernvarmekunder<\/li>\n<\/ul>\n<p class=\"_paragraph_o9xde_4 _paragraph_xtcu6_10 _paragraph_16v91_10 layout-component text-serif-m layout-normal text-sans-m layout-padded\">* Merk at innbyggere i deler av NO4 (Nordland, Troms og Finnmark) er fritatt fra \u00e5 betale merverdiavgift p\u00e5 str\u00f8m. Norgesprisen er uten mva. i disse omr\u00e5dene.\u202f\u00a0Kilde: NVE<\/p>\n<p>Vis mer<\/p>\n<p class=\"_paragraph_o9xde_4 _paragraph_xtcu6_10 layout-component text-serif-m layout-normal text-serif-m layout-padded\">I september var det mer tvilsomt om det ville l\u00f8nne seg med Norgespris i Midt-Norge, men n\u00e5r man ser i bakspeilet har det siden midten av november v\u00e6rt et godt valg. Her har knappe to prosent av husholdningene valgt Norgespris.<\/p>\n<p class=\"_paragraph_o9xde_4 _paragraph_xtcu6_10 layout-component text-serif-m layout-normal text-serif-m layout-padded\"><a href=\"https:\/\/www.vg.no\/tag\/tor-reier-lilleholt?utm_source=vg-article&amp;utm_medium=auto-tagger&amp;utm_campaign=xr3AVR\" class=\"_link_o9xde_39\" rel=\"nofollow noopener\" target=\"_blank\">Tor Reier Lilleholt<\/a>, analysesjef i Insight by Volue, mener tr\u00f8nderne har potensial til \u00e5 spare ca. 2000 kroner p\u00e5 str\u00f8mregningen resten av \u00e5ret med Norgespris, ut fra dagens markedsutsikter.<\/p>\n<p class=\"_paragraph_o9xde_4 _paragraph_xtcu6_10 layout-component text-serif-m layout-normal text-serif-m layout-padded\">\u2013 Ikke v\u00e6r redd for \u00e5 vurdere Norgespris, er hans budskap til Midt-Norge.<\/p>\n<p class=\"_paragraph_o9xde_4 _paragraph_xtcu6_10 layout-component text-serif-m layout-normal text-serif-m layout-padded\">\u2013 Det er ogs\u00e5 en fordel at man fordeler fakturaene mer. Med en flat pris betaler man mindre n\u00e5r man bruker mye str\u00f8m og f\u00e5r heller litt h\u00f8yere str\u00f8mregninger om sommeren n\u00e5r man bruker mindre, sier Lilleholt. Men jo lenger man venter, jo mindre gunstig blir det \u00e5 bytte til Norgespris siden man bruker mest str\u00f8m om vinteren.<\/p>\n<p class=\"_paragraph_o9xde_4 _paragraph_xtcu6_10 layout-component text-serif-m layout-normal text-serif-m layout-padded\">\u2013 Det er ikke for sent for folk i Tr\u00f8ndelag \u00e5 bytte, sier Lilleholt.<\/p>\n<p class=\"_paragraph_o9xde_4 _paragraph_xtcu6_10 layout-component text-serif-m layout-normal text-serif-m layout-padded\">Selv har han siden 1. oktober, takket v\u00e6re Norgespris, f\u00e5tt redusert str\u00f8mregningen med fem tusen kroner p\u00e5 en bolig som bruker 20 000 kilowattimer i \u00e5ret.<\/p>\n<p class=\"_paragraph_o9xde_4 _paragraph_xtcu6_10 layout-component text-serif-m layout-normal text-serif-m layout-padded\">Han tror at en av \u00e5rsakene til at mange ikke har valgt Norgespris kan v\u00e6re at en del av dem som bor i byene har oppvarming og varmt vann inkludert i felleskostnadene.<\/p>\n<p class=\"_paragraph_o9xde_4 _paragraph_xtcu6_10 layout-component text-serif-m layout-normal text-serif-m layout-padded\">\u2013 Da er incentivet til \u00e5 bytte kanskje mindre. En del f\u00f8lger ikke ordentlig med mens andre ikke tar seg tiden til \u00e5 gj\u00f8re det fysiske byttet, sier Lilleholt.<\/p>\n<p>Rekordh\u00f8yt forbruk<\/p>\n<p class=\"_paragraph_o9xde_4 _paragraph_xtcu6_10 layout-component text-serif-m layout-normal text-serif-m layout-padded\">Men str\u00f8m m\u00e5 man ha, og onsdag brukte Norge rekordmye elektrisitet.<\/p>\n<p class=\"_paragraph_o9xde_4 _paragraph_xtcu6_10 layout-component text-serif-m layout-normal text-serif-m layout-padded\">\u2013 Det er aldri v\u00e6rt brukt mer str\u00f8m i Norge, sier Lilleholt. <\/p>\n<p class=\"_paragraph_o9xde_4 _paragraph_xtcu6_10 layout-component text-serif-m layout-normal text-serif-m layout-padded\">Det er riktignok kaldt, men ikke ekstreme temperaturer. Analysesjefen tror Norgespris kan ha virket litt inn siden den ikke gir incentiver til \u00e5 spare p\u00e5 str\u00f8mmen, men han peker ogs\u00e5 p\u00e5 at vi begynner \u00e5 se effekten av flere datasentre og generell elektrifisering av samfunnet. <\/p>\n<p class=\"_paragraph_o9xde_4 _paragraph_xtcu6_10 layout-component text-serif-m layout-normal text-serif-m layout-padded\">Lilleholt er ikke i tvil om at Norgespris er gunstig for alle som bor s\u00f8r for Dovre.<\/p>\n<p class=\"_paragraph_o9xde_4 _paragraph_xtcu6_10 layout-component text-serif-m layout-normal text-serif-m layout-padded\">\u2013 Har man anledning til \u00e5 bytte, b\u00f8r man det.<\/p>\n","protected":false},"excerpt":{"rendered":"Mange str\u00f8mkunder i S\u00f8r-Norge har ikke valgt Norgespris, til tross for at det har v\u00e6rt l\u00f8nnsomt. I NO1&hellip;\n","protected":false},"author":2,"featured_media":133482,"comment_status":"","ping_status":"","sticky":false,"template":"","format":"standard","meta":{"footnotes":""},"categories":[10],"tags":[20,21,24,25,15,22,23,13,30,28,3333,29,14,16,243,1500,26,27,7102],"class_list":{"0":"post-133481","1":"post","2":"type-post","3":"status-publish","4":"format-standard","5":"has-post-thumbnail","7":"category-norge","8":"tag-breaking-news","9":"tag-breakingnews","10":"tag-featured-news","11":"tag-featurednews","12":"tag-headlines","13":"tag-latest-news","14":"tag-latestnews","15":"tag-news","16":"tag-no","17":"tag-norge","18":"tag-norgespris","19":"tag-norway","20":"tag-nyheter","21":"tag-overskrifter","22":"tag-strom","23":"tag-stromstotte","24":"tag-top-stories","25":"tag-topstories","26":"tag-tor-reier-lilleholt"},"share_on_mastodon":{"url":"https:\/\/pubeurope.com\/@no\/115867441574381637","error":""},"_links":{"self":[{"href":"https:\/\/www.europesays.com\/no\/wp-json\/wp\/v2\/posts\/133481","targetHints":{"allow":["GET"]}}],"collection":[{"href":"https:\/\/www.europesays.com\/no\/wp-json\/wp\/v2\/posts"}],"about":[{"href":"https:\/\/www.europesays.com\/no\/wp-json\/wp\/v2\/types\/post"}],"author":[{"embeddable":true,"href":"https:\/\/www.europesays.com\/no\/wp-json\/wp\/v2\/users\/2"}],"replies":[{"embeddable":true,"href":"https:\/\/www.europesays.com\/no\/wp-json\/wp\/v2\/comments?post=133481"}],"version-history":[{"count":0,"href":"https:\/\/www.europesays.com\/no\/wp-json\/wp\/v2\/posts\/133481\/revisions"}],"wp:featuredmedia":[{"embeddable":true,"href":"https:\/\/www.europesays.com\/no\/wp-json\/wp\/v2\/media\/133482"}],"wp:attachment":[{"href":"https:\/\/www.europesays.com\/no\/wp-json\/wp\/v2\/media?parent=133481"}],"wp:term":[{"taxonomy":"category","embeddable":true,"href":"https:\/\/www.europesays.com\/no\/wp-json\/wp\/v2\/categories?post=133481"},{"taxonomy":"post_tag","embeddable":true,"href":"https:\/\/www.europesays.com\/no\/wp-json\/wp\/v2\/tags?post=133481"}],"curies":[{"name":"wp","href":"https:\/\/api.w.org\/{rel}","templated":true}]}}