{"id":133491,"date":"2026-01-09T22:22:12","date_gmt":"2026-01-09T22:22:12","guid":{"rendered":"https:\/\/www.europesays.com\/no\/133491\/"},"modified":"2026-01-09T22:22:12","modified_gmt":"2026-01-09T22:22:12","slug":"alix-earle-og-tom-brady-i-het-flort-na-reagerer-ekskjaeresten","status":"publish","type":"post","link":"https:\/\/www.europesays.com\/no\/133491\/","title":{"rendered":"Alix Earle og Tom Brady i het fl\u00f8rt: N\u00e5 reagerer ekskj\u00e6resten"},"content":{"rendered":"<p class=\"kicker \" style=\"\">Braxton Berrios og\u00a0Alix Earle:<\/p>\n<p>    Bare uker etter at bruddet ble bekreftet, ble influenseren observert i het omfavnelse med ny mann. N\u00e5 reagerer eksen.\u00a0<\/p>\n<p>\n    GIKK FRA HVERANDRE: Braxton Berrios og Alix Earle gjorde det slutt like etter at sistnevnte var ferdig med \u00abDancing With the Stars\u00bb. Foto: Skjermdump fra Instagram \/ @alixearle\n  <\/p>\n<p> I midten av desember bekreftet den amerikanske influenseren Alix Earle (24) at det var slutt mellom henne og NFL-stjernen Braxton Berrios (30), etter over to \u00e5r sammen.<\/p>\n<p>    <a itemprop=\"url\" href=\"https:\/\/www.seher.no\/kjendis\/het-flort-med-ny-mann\/84047399\" rel=\"nofollow noopener\" target=\"_blank\"><\/p>\n<p>        <img loading=\"lazy\" decoding=\"async\" src=\"https:\/\/www.europesays.com\/no\/wp-content\/uploads\/2026\/01\/1767997328_51_83903799.webp.webp\" width=\"147\" height=\"98\" title=\"Het fl\u00f8rt med ny mann\" alt=\"\" class=\"lazyload\" style=\"--aspect-ratio-image: 1.50; \"\/><\/p>\n<p>        Het fl\u00f8rt med ny mann<\/p>\n<p>    <\/a><\/p>\n<p>&#8211; Braxton og jeg er ikke sammen lenger. Vi har i praksis hatt langdistanseforhold siden juni, og vi har ikke f\u00e5tt sett hverandre s\u00e5 ofte. Det har v\u00e6rt veldig vanskelig for meg, sier hun i videoen med t\u00e5rer i \u00f8ynene, sa hun i en video p\u00e5\u00a0<a href=\"https:\/\/www.tiktok.com\/@alixearle\/video\/7583540947712003359?_r=1&amp;_t=ZT-92CkjCKBEsQ\" rel=\"nofollow noopener\" target=\"_blank\">Tiktok<\/a>.<\/p>\n<p>        ROMANSERYKTER: Sondre Sundby har endelig f\u00e5tt seg kj\u00e6reste, men r\u00f8per at dama kan bli sjalu p\u00e5 forholdet hans til \u00abFarmen kjendis\u00bb-kollegaen. Reporter: Thea Hope\/Nora Skavhaug. Video: Sanne Holt\/ TV 2\/ R\u00f8d L\u00f8per<\/p>\n<p>Fjernet eksen\t<\/p>\n<p>Bare noen uker etter reiste nysingle Alix til\u00a0den karibiske \u00f8yen Saint-Barth\u00e9lemy, ogs\u00e5 kjent som St. Barths. Der feiret hun nytt\u00e5rsaften med flere andre kjendiser som Nina Dobrev (37), Glenn Powell (37), samt ekteparet Keleigh Teller (33) og Miles Teller (38).\u00a0<\/p>\n<p>    <a itemprop=\"url\" href=\"https:\/\/www.seher.no\/kjendis\/bekrefter-brudd\/83982050\" rel=\"nofollow noopener\" target=\"_blank\"><\/p>\n<p>        <img loading=\"lazy\" decoding=\"async\" src=\"https:\/\/www.europesays.com\/no\/wp-content\/uploads\/2026\/01\/83982007.webp.webp\" width=\"147\" height=\"98\" title=\"Bekrefter brudd\" alt=\"\" class=\"lazyload\" style=\"--aspect-ratio-image: 1.50; \"\/><\/p>\n<p>        Bekrefter brudd<\/p>\n<p>    <\/a><\/p>\n<p>Under feiringen ble Alix observert i <a href=\"https:\/\/www.seher.no\/kjendis\/het-flort-med-ny-mann\/84047399\" rel=\"nofollow noopener\" target=\"_blank\">het omfavnelse med ingen ringere enn NFL-legende<\/a><a href=\"https:\/\/www.seher.no\/kjendis\/het-flort-med-ny-mann\/84047399\" rel=\"nofollow noopener\" target=\"_blank\">n Tom Brady (48)<\/a>, som tidligere var gift med supermodellen Gisele\u00a0B\u00fcndchen (45).<\/p>\n<p>I en video hentet inn av <a href=\"https:\/\/people.com\/tom-brady-alix-earle-spotted-cozying-up-st-barths-club-new-years-eve-11878226\" rel=\"nofollow noopener\" target=\"_blank\">People<\/a> kunne man tydelig se duoen snakke, le og svinge seg p\u00e5 dansegulvet sammen. P\u00e5 et tidspunkt smilte Alix lunt mot Tom, f\u00f8r hun lente seg inntil ham for \u00e5 hviske noe i \u00f8ret hans, med h\u00e5nden mykt plassert p\u00e5 ryggen hans.\u00a0<\/p>\n<p class=\"font-weight-bold m-font-weight-bold\" data-lab-font_weight=\"font-weight-bold\">N\u00e5 skriver <a href=\"https:\/\/pagesix.com\/2026\/01\/09\/celebrity-news\/braxton-berrios-reacts-to-ex-alix-earle-tom-bradys-romance-rumors-with-pointed-message\/\" rel=\"nofollow noopener\" target=\"_blank\">Page Six<\/a> at ekskj\u00e6resten\u00a0har sluttet \u00e5 f\u00f8lge Alix p\u00e5 TikTok. Dette skjer kort tid etter at fl\u00f8rten med Tom ble en \u00absnakkis\u00bb i flere utenlandske medier.\u00a0\u00a0<\/p>\n<p>        <img loading=\"lazy\" decoding=\"async\" src=\"https:\/\/www.europesays.com\/no\/wp-content\/uploads\/2026\/01\/84080085.webp.webp\" width=\"686\" height=\"460\" title=\"LANG KARRIERE: Tom Brady har flest Super Bowl-triumfer i NFL-historien. Han la opp som fotballspiller i 2023. Foto. Matt Patterson \/ AP \/ NTB\" alt=\"\" class=\"\" style=\"--aspect-ratio-image: 1.49; \"\/><\/p>\n<p>\n        LANG KARRIERE: Tom Brady har flest Super Bowl-triumfer i NFL-historien. Han la opp som fotballspiller i 2023. Foto. Matt Patterson \/ AP \/ NTB\n    <\/p>\n<p>Alix&#8217; konto var tidligere den eneste Braxton fulgte p\u00e5 plattformen. Men fredag viste f\u00f8lgerlisten hans null. Han f\u00f8lger imidlertid fortsatt henne p\u00e5 Instagram.\u00a0<\/p>\n<p>Verken Alix eller Berrios&#8217; representanter har besvart Page Six sine henvendelser om saken.<\/p>\n<p>        SVARER: Dette sier Hedda Skaug om romanserykter med Oskar Westerlin etter \u00abSpillet\u00bb-innspilling. Video: Thea Hope \/ R\u00f8d L\u00f8per<\/p>\n<p>&#8211; Ikke noe drama\t<\/p>\n<p>I videoen p\u00e5 Tiktok \u00e5pnet Alix seg n\u00e6rmere om bruddet, og fortalte\u00a0at hun f\u00f8lte seg \u00abveldig motivert\u00bb til \u00e5 bo i Los Angeles under sin tid i \u00abDancing With the Stars\u00bb, og at hun har vurdert \u00e5 flytte dit permanent. <\/p>\n<p class=\"font-weight-bold m-font-weight-bold\" data-lab-font_weight=\"font-weight-bold\"> &#8211; Jeg tror det var skummelt for meg \u00e5 innse, fordi det betydde at vi ikke ville v\u00e6re p\u00e5 samme sted. En del av meg vil ogs\u00e5 virkelig fokusere p\u00e5 meg selv akkurat n\u00e5. Jeg f\u00f8ler bare at jeg ikke kan v\u00e6re det Braxton trenger, forklarte hun.<\/p>\n<p>        <img loading=\"lazy\" decoding=\"async\" src=\"https:\/\/www.europesays.com\/no\/wp-content\/uploads\/2026\/01\/84080093.webp.webp\" width=\"667\" height=\"841\" title=\"BRUDD: Braxton Berrios og Alix Earle var sammen i over to \u00e5r, f\u00f8r sistnevnte bekreftet i desember at de hadde g\u00e5tt fra hverandre. Foto: Skjermdump fra Instagram \/ @alixearle\" alt=\"\" class=\"\" style=\"--aspect-ratio-image: 0.79; \"\/><\/p>\n<p>\n        BRUDD: Braxton Berrios og Alix Earle var sammen i over to \u00e5r, f\u00f8r sistnevnte bekreftet i desember at de hadde g\u00e5tt fra hverandre. Foto: Skjermdump fra Instagram \/ @alixearle\n    <\/p>\n<p>Influenseren la ikke skjul p\u00e5 at det var en vanskelig avgj\u00f8relse, ettersom hun ans\u00e5 Braxton som sin \u00abbeste venn\u00bb.<\/p>\n<p>    <a itemprop=\"url\" href=\"https:\/\/www.seher.no\/kjendis\/brudd-med-manageren\/84077353\" rel=\"nofollow noopener\" target=\"_blank\"><\/p>\n<p>        <img loading=\"lazy\" decoding=\"async\" src=\"https:\/\/www.europesays.com\/no\/wp-content\/uploads\/2026\/01\/1767997332_404_84077666.webp.webp\" width=\"147\" height=\"98\" title=\"Brudd med manageren\" alt=\"\" class=\"lazyload\" style=\"--aspect-ratio-image: 1.50; \"\/><\/p>\n<p>        Brudd med manageren<\/p>\n<p>    <\/a><\/p>\n<p> Hun p\u00e5pekte at bruddet ikke hadde noe \u00e5 gj\u00f8re med at Berrios gikk glipp av \u00abDancing With the Stars\u00bb-opptredenene hennes p\u00e5 grunn av NFL-sesongen. <\/p>\n<p>&#8211; Jeg tror jeg til slutt bare ville stole p\u00e5 f\u00f8lelsene mine. Det er ikke drama. Det er ikke fordi han gjorde noe galt eller at jeg gjorde noe galt. Det f\u00f8ltes bare ikke som det fungerte, i \u00f8yeblikket, sier hun.<\/p>\n<p><script async src=\"\/\/www.tiktok.com\/embed.js\"><\/script><\/p>\n","protected":false},"excerpt":{"rendered":"Braxton Berrios og\u00a0Alix Earle: Bare uker etter at bruddet ble bekreftet, ble influenseren observert i het omfavnelse med&hellip;\n","protected":false},"author":2,"featured_media":133492,"comment_status":"","ping_status":"","sticky":false,"template":"","format":"standard","meta":{"footnotes":""},"categories":[58],"tags":[13497,13498,4085,5938,71,479,2543,30,28,29,15394,15066,72],"class_list":{"0":"post-133491","1":"post","2":"type-post","3":"status-publish","4":"format-standard","5":"has-post-thumbnail","7":"category-underholdning","8":"tag-alix-earle","9":"tag-braxton-berrios","10":"tag-brudd","11":"tag-ekskjaerester","12":"tag-entertainment","13":"tag-kjendis","14":"tag-kjendisdesken","15":"tag-no","16":"tag-norge","17":"tag-norway","18":"tag-ny-flort","19":"tag-tom-brady","20":"tag-underholdning"},"share_on_mastodon":{"url":"https:\/\/pubeurope.com\/@no\/115867480474307763","error":""},"_links":{"self":[{"href":"https:\/\/www.europesays.com\/no\/wp-json\/wp\/v2\/posts\/133491","targetHints":{"allow":["GET"]}}],"collection":[{"href":"https:\/\/www.europesays.com\/no\/wp-json\/wp\/v2\/posts"}],"about":[{"href":"https:\/\/www.europesays.com\/no\/wp-json\/wp\/v2\/types\/post"}],"author":[{"embeddable":true,"href":"https:\/\/www.europesays.com\/no\/wp-json\/wp\/v2\/users\/2"}],"replies":[{"embeddable":true,"href":"https:\/\/www.europesays.com\/no\/wp-json\/wp\/v2\/comments?post=133491"}],"version-history":[{"count":0,"href":"https:\/\/www.europesays.com\/no\/wp-json\/wp\/v2\/posts\/133491\/revisions"}],"wp:featuredmedia":[{"embeddable":true,"href":"https:\/\/www.europesays.com\/no\/wp-json\/wp\/v2\/media\/133492"}],"wp:attachment":[{"href":"https:\/\/www.europesays.com\/no\/wp-json\/wp\/v2\/media?parent=133491"}],"wp:term":[{"taxonomy":"category","embeddable":true,"href":"https:\/\/www.europesays.com\/no\/wp-json\/wp\/v2\/categories?post=133491"},{"taxonomy":"post_tag","embeddable":true,"href":"https:\/\/www.europesays.com\/no\/wp-json\/wp\/v2\/tags?post=133491"}],"curies":[{"name":"wp","href":"https:\/\/api.w.org\/{rel}","templated":true}]}}