{"id":133493,"date":"2026-01-09T22:30:11","date_gmt":"2026-01-09T22:30:11","guid":{"rendered":"https:\/\/www.europesays.com\/no\/133493\/"},"modified":"2026-01-09T22:30:11","modified_gmt":"2026-01-09T22:30:11","slug":"sveits-crans-montana-barbrannen-i-sveits-driftslederen-pagrepet","status":"publish","type":"post","link":"https:\/\/www.europesays.com\/no\/133493\/","title":{"rendered":"Sveits, Crans-Montana | Barbrannen i Sveits: Driftslederen p\u00e5grepet"},"content":{"rendered":"\n<p>Mannen ble p\u00e5grepet fredag i byen Sion, skriver avisa <a rel=\"noopener nofollow\" href=\"https:\/\/www.24heures.ch\/crans-montana-le-patron-du-constellation-place-en-detention-365745170209\" target=\"_blank\">24 Heures<\/a> , som viser til opplysninger fra ikke navngitte kilder.<\/p>\n<p>Ogs\u00e5 nyhetsbyr\u00e5et AFP har snakket med en kilde som sier at en av eierne er p\u00e5grepet og satt i varetekt.<\/p>\n<p>Ekteparet som eier baren og nattklubben Le Constellation i Crans-Montana, har v\u00e6rt avh\u00f8rt av politiet og er siktet for blant annet uaktsomt drap.<\/p>\n<p><b>Les ogs\u00e5: <a class=\"simple-relation related-teaser article--c-eRUmMG article--c-eRUmMG-fZoQSp-design-nettavisen article--c-eRUmMG-gwthdJ-cv\" href=\"https:\/\/www.nettavisen.no\/flere-barn-blant-brannofre-i-sveits\/s\/5-95-2806468\" rel=\"nofollow noopener\" target=\"_blank\">Flere barn blant brannofre i Sveits<\/a><\/b><\/p>\n<p>P\u00e5talemyndigheten mener det har v\u00e6rt en mulig risiko for at mannen som n\u00e5 er p\u00e5grepet, skulle stikke av, skriver <a rel=\"noopener nofollow\" href=\"https:\/\/www.24heures.ch\/crans-montana-le-patron-du-constellation-place-en-detention-365745170209\" target=\"_blank\">24 Heures. Mannen er fransk statsborger og kommer opprinnelig fra \u00f8ya Korsika.<\/a><\/p>\n<p>40 mistet livet og over 100 ble skadet i brannen p\u00e5 baren og nattklubben Le Constellation. Mange av dem var ten\u00e5ringer.<\/p>\n<p>Sveitsisk politi har konkludert med at brannen trolig ble utl\u00f8st av gnister fra flasker med isfontener som ble hevet i v\u00e6ret, og som antente det lydisolerende skummet som ble brukt i taket p\u00e5 lokalet. Det fantes to n\u00f8dutganger i lokalet.<\/p>\n<p>Tirsdag sa ordf\u00f8rer Nicolas Feraud i Crans-Montana at isfontener n\u00e5 forbys hos serveringssteder i Crans-Montana.<\/p>\n<p>   <img decoding=\"async\" width=\"964\" height=\"927\" fetchpriority=\"low\"  loading=\"lazy\"  src=\"https:\/\/www.europesays.com\/no\/wp-content\/uploads\/2026\/01\/Brann+Sveits.jpg\" alt=\"\" class=\"brick-c-cFOWSL\" style=\"--brick-image-ratio: 964 \/ 927;\"\/><\/p>\n<p>      FORBYS: S\u00e5kalte isfakler forbys i Crans-Montana.<br \/>\n      Foto: Skjermdump (X)\n    <\/p>\n<p><b>Les ogs\u00e5: <a class=\"simple-relation related-teaser article--c-eRUmMG article--c-eRUmMG-fZoQSp-design-nettavisen article--c-eRUmMG-gwthdJ-cv\" href=\"https:\/\/www.nettavisen.no\/sveitsisk-ordforer-forbyr-isfakler-innendors-etter-dodsbrannen\/s\/5-95-2809676\" rel=\"nofollow noopener\" target=\"_blank\">Sveitsisk ordf\u00f8rer forbyr isfakler innend\u00f8rs etter d\u00f8dsbrannen<\/a><\/b><\/p>\n<p>Det lydisolerende skummet i taket ble ansett som akseptabel ved barens forrige branninspeksjon i 2019, og brannalarm var ikke p\u00e5krevd p\u00e5 grunn av barens st\u00f8rrelse, if\u00f8lge ordf\u00f8reren.<\/p>\n<p>\u2013 Det ble aldri gjennomf\u00f8rt kontroller av denne lydisolasjonsplasten. V\u00e5re sikkerhetspersoner ans\u00e5 det ikke som n\u00f8dvendig, sier Feraud.<\/p>\n","protected":false},"excerpt":{"rendered":"Mannen ble p\u00e5grepet fredag i byen Sion, skriver avisa 24 Heures , som viser til opplysninger fra ikke&hellip;\n","protected":false},"author":2,"featured_media":133494,"comment_status":"","ping_status":"","sticky":false,"template":"","format":"standard","meta":{"footnotes":""},"categories":[12],"tags":[20,21,24,25,15,22,23,13,30,28,29,14,16,26,27,42,43,44,45],"class_list":{"0":"post-133493","1":"post","2":"type-post","3":"status-publish","4":"format-standard","5":"has-post-thumbnail","7":"category-verden","8":"tag-breaking-news","9":"tag-breakingnews","10":"tag-featured-news","11":"tag-featurednews","12":"tag-headlines","13":"tag-latest-news","14":"tag-latestnews","15":"tag-news","16":"tag-no","17":"tag-norge","18":"tag-norway","19":"tag-nyheter","20":"tag-overskrifter","21":"tag-top-stories","22":"tag-topstories","23":"tag-verden","24":"tag-world","25":"tag-world-news","26":"tag-worldnews"},"share_on_mastodon":{"url":"https:\/\/pubeurope.com\/@no\/115867511885365926","error":""},"_links":{"self":[{"href":"https:\/\/www.europesays.com\/no\/wp-json\/wp\/v2\/posts\/133493","targetHints":{"allow":["GET"]}}],"collection":[{"href":"https:\/\/www.europesays.com\/no\/wp-json\/wp\/v2\/posts"}],"about":[{"href":"https:\/\/www.europesays.com\/no\/wp-json\/wp\/v2\/types\/post"}],"author":[{"embeddable":true,"href":"https:\/\/www.europesays.com\/no\/wp-json\/wp\/v2\/users\/2"}],"replies":[{"embeddable":true,"href":"https:\/\/www.europesays.com\/no\/wp-json\/wp\/v2\/comments?post=133493"}],"version-history":[{"count":0,"href":"https:\/\/www.europesays.com\/no\/wp-json\/wp\/v2\/posts\/133493\/revisions"}],"wp:featuredmedia":[{"embeddable":true,"href":"https:\/\/www.europesays.com\/no\/wp-json\/wp\/v2\/media\/133494"}],"wp:attachment":[{"href":"https:\/\/www.europesays.com\/no\/wp-json\/wp\/v2\/media?parent=133493"}],"wp:term":[{"taxonomy":"category","embeddable":true,"href":"https:\/\/www.europesays.com\/no\/wp-json\/wp\/v2\/categories?post=133493"},{"taxonomy":"post_tag","embeddable":true,"href":"https:\/\/www.europesays.com\/no\/wp-json\/wp\/v2\/tags?post=133493"}],"curies":[{"name":"wp","href":"https:\/\/api.w.org\/{rel}","templated":true}]}}