{"id":133495,"date":"2026-01-09T22:32:16","date_gmt":"2026-01-09T22:32:16","guid":{"rendered":"https:\/\/www.europesays.com\/no\/133495\/"},"modified":"2026-01-09T22:32:16","modified_gmt":"2026-01-09T22:32:16","slug":"bjarne-brondbo-om-trakassering-pa-oslo-lufthavn","status":"publish","type":"post","link":"https:\/\/www.europesays.com\/no\/133495\/","title":{"rendered":"Bjarne Br\u00f8ndbo om \u00abtrakassering\u00bb p\u00e5 Oslo Lufthavn"},"content":{"rendered":"<p class=\"kicker \" style=\"\">Bjarne Br\u00f8ndbo:\u00a0<\/p>\n<p>    D.D.E.-vokalist Bjarne Br\u00f8ndbo reagerer kraftig etter en episode i sikkerhetskontrollen p\u00e5 Gardermoen.<\/p>\n<p>\n    REAGERER: If\u00f8lge Bjarne Br\u00f8ndbo ble det ubehagelig da han skulle sjekke inn bagasje p\u00e5 Oslo lufthavn f\u00f8r jul. Foto: Hans A Vedlog\/Dagbladet\n  <\/p>\n<p>    Kort fortalt<\/p>\n<ul lang=\"nb-NO\">\n<li>Bjarne Br\u00f8ndbo, vokalist i D.D.E., klager p\u00e5 det han kaller trakassering av sikkerhetspersonell p\u00e5 Oslo Lufthavn.<\/li>\n<li>Hendelsen skjedde f\u00f8r jul da Br\u00f8ndbo ble beskyldt for \u00e5 snike i k\u00f8en ved sikkerhetskontrollen.<\/li>\n<li>Br\u00f8ndbo beskriver situasjonen som ubehagelig og mener det skyldes hans offentlige profil.<\/li>\n<li>Avinor tar klagen p\u00e5 alvor og etterstreber gode passasjeropplevelser.<\/li>\n<\/ul>\n<p class=\"italic ai-disclaimer\" data-lab-italic=\"italic\">Sammendraget er laget av ChatGPT og godkjent av Dagbladet.<\/p>\n<p>      Vis mer<br \/>\n      Vis mindre<\/p>\n<p>D.D.E-vokalist Bjarne Br\u00f8ndbo (57) hevder at han ble trakassert av sikkerhetspersonell p\u00e5 Oslo Lufthavn f\u00f8r jul. Det gj\u00f8r han i en formell klage til Avinor.\u00a0<\/p>\n<p> Opplevelsen skal ha funnet sted i sikkerhetskontrollen p\u00e5 Oslo Lufthavn f\u00f8r jul, da Br\u00f8ndbo skulle legge h\u00e5ndbagasjen p\u00e5 b\u00e5ndet f\u00f8r r\u00f8ntgenkontrollen. <\/p>\n<p>&#8211; Beskyldt for \u00e5 snike\t<\/p>\n<p class=\"font-weight-normal m-font-weight-normal\" data-lab-font_weight=\"font-weight-normal\">61-\u00e5ringen har n\u00e5 sendt inn en klage til Avinor der han beskriver hendelsen som \u00abmeget ubehagelig\u00bb.\u00a0<a href=\"https:\/\/flysmart24.no\/2026\/01\/09\/bjarne-brondbo-trakassert-pa-flyplassen\/?fbclid=IwY2xjawPNmAdleHRuA2FlbQIxMQBzcnRjBmFwcF9pZBAyMjIwMzkxNzg4MjAwODkyAAEeetn8OEydWRNlrQRARYp0Yx3OSt3H3sIrxJBeSshfhMJ6xXVfMT3cKzdbOM4_aem_6i3B34H3H2L18_en7f55Sw\" rel=\"nofollow noopener\" target=\"_blank\">Flysmart24<\/a>\u00a0omtalte saken f\u00f8rst.<\/p>\n<p>I klagen, som er gjengitt av overnevnte nettavis, forklarer Br\u00f8ndbo at en vakt ved sikkerhetskontrollen skulle bestemme n\u00e5r hans kasser med h\u00e5ndbagasje fikk plass p\u00e5 b\u00e5ndet.\u00a0<\/p>\n<p>Dagbladet har fors\u00f8kt \u00e5 komme i kontakt med Bjarne Br\u00f8ndbo, forel\u00f8pig uten svar.<\/p>\n<p class=\"font-weight-bold m-font-weight-bold\" data-lab-font_weight=\"font-weight-bold\">Han m\u00e5tte vente og hevder han fikk kjeft for \u00e5 flytte kasser som allerede var plassert p\u00e5 b\u00e5ndet.<\/p>\n<p data-lab-font_weight=\"\">&#8211; N\u00e5r jeg s\u00e5 endelig fikk plassert de tre plastkassene mine, ble jeg beskyldt for \u00e5 snike i k\u00f8en f\u00f8r r\u00f8ntgen\/metalldetektoren. Jeg stod jo naturlig fremst, men ble beordret bakerst av alle. Trakassering kaller jeg dette. Som en offentlig kjent person s\u00e5 var hele situasjonen meget ubehagelig, skriver Br\u00f8ndbo i klagen if\u00f8lge Flysmart24.<\/p>\n<p>        <img loading=\"lazy\" decoding=\"async\" src=\"https:\/\/www.europesays.com\/no\/wp-content\/uploads\/2026\/01\/84077885.webp.webp\" width=\"686\" height=\"460\" title=\"SPILTE: DDE spilte p\u00e5 Idrettsgallaen i 2018, med Bjarne Br\u00f8ndbo med trekkspill i spissen. Foto: Geir Olsen \/ NTB\" alt=\"\" class=\"\" style=\"--aspect-ratio-image: 1.49; \"\/><\/p>\n<p>\n        SPILTE: DDE spilte p\u00e5 Idrettsgallaen i 2018, med Bjarne Br\u00f8ndbo med trekkspill i spissen. Foto: Geir Olsen \/ NTB\n    <\/p>\n<p>&#8211; H\u00e5per at den ansatte kan kurses i \u00e5 ikke v\u00e6re s\u00e5 maktsyk i sin uniformposisjon, skriver han videre.\u00a0<\/p>\n<p>Avinor tar klagen p\u00e5 alvor og beklager, opplyser pressevakt Karoline Pedersen til Dagbladet.<\/p>\n<p>        G\u00c5RDSROMANSE?: Sondre Sundby har endelig f\u00e5tt seg kj\u00e6reste, men r\u00f8per at dama kan bli sjalu p\u00e5 forholdet hans til \u00abFarmen kjendis\u00bb-kollegaen. Reporter: Thea Hope\/Nora Skavhaug. Video: Sanne Holt\/ TV 2\/ R\u00f8d L\u00f8per<\/p>\n<p>&#8211; Vi er opptatt av gode passasjeropplevelser og tar derfor klagen p\u00e5 alvor, slik vi ogs\u00e5 gj\u00f8r med andre klager vi mottar. Vi har beklaget skriftlig overfor Br\u00f8ndbo og synes det er synd at han f\u00f8ler seg urettferdig behandlet, sier hun.<\/p>\n<p>Pedersen forklarer videre at sikkerhetsakt\u00f8renes rolle er \u00e5 h\u00e5ndheve gjeldende sikkerhetsbestemmelser, og at de i perioder med h\u00f8yt trykk har mandat til \u00e5 styre k\u00f8ene.<\/p>\n<p>    <a itemprop=\"url\" href=\"https:\/\/www.dagbladet.no\/kjendis\/vil-bli-frisk\/82485614\" rel=\"nofollow noopener\" target=\"_blank\"><\/p>\n<p>        <img loading=\"lazy\" decoding=\"async\" src=\"https:\/\/www.europesays.com\/no\/wp-content\/uploads\/2026\/01\/82490605.webp.webp\" width=\"980\" height=\"441\" title=\"- Vil bli frisk\" alt=\"\" class=\"lazyload\" style=\"--aspect-ratio-image: 2.22; \"\/><\/p>\n<p>        &#8211; Vil bli frisk<\/p>\n<p>    <\/a><\/p>\n<p>D\u00e5rlig erfaring med flyplass\t<\/p>\n<p>Det er ikke f\u00f8rste gang Br\u00f8ndbo havner i en <a href=\"https:\/\/www.dagbladet.no\/kjendis\/saerdeles-skuffet\/80516358\" rel=\"nofollow noopener\" target=\"_blank\">ubehagelig situasjon p\u00e5 en flyplass<\/a>. I 2023 gikk han hardt ut etter en annen opplevelse, og skrev et meningsinnlegg i\u00a0<a href=\"https:\/\/www.namdalsavisa.no\/darlig-behandlet-pa-namsos-lufthavn\/o\/5-121-1249114?fbclid=IwAR2p3h3mi7QYL7ZYBf1CtCXwCEDmS6ucyv_qmX49PA9bbmCv_KV35sR81co\" rel=\"nofollow noopener\" target=\"_blank\">Namdalsavisa<\/a>. <\/p>\n<p> \u00abSom en av dem som virkelig benytter flyplassen langt over gjennomsnittet, ble jeg veldig overrasket da jeg opplevde \u00e5 f\u00e5 kjeft for \u00e5 v\u00e6re ett minutt for sein til innsjekk\u00bb, forklarte Br\u00f8ndbo. <\/p>\n<p>        <img loading=\"lazy\" decoding=\"async\" src=\"https:\/\/www.europesays.com\/no\/wp-content\/uploads\/2026\/01\/84077936.webp.webp\" width=\"667\" height=\"421\" title=\"FLYR MYE: D.D.E-vokalisten er mye p\u00e5 reising, og m\u00e5 dermed belage seg \u00e5 tilbringe tid p\u00e5 flyplasser. Foto: Jonas F\u00e6ste Laksekj\u00f8n \/ NTB\" alt=\"\" class=\"\" style=\"--aspect-ratio-image: 1.58; \"\/><\/p>\n<p>\n        FLYR MYE: D.D.E-vokalisten er mye p\u00e5 reising, og m\u00e5 dermed belage seg \u00e5 tilbringe tid p\u00e5 flyplasser. Foto: Jonas F\u00e6ste Laksekj\u00f8n \/ NTB\n    <\/p>\n<p> 59-\u00e5ringen fortalte den gang at han bare bor to minutter unna flyplassen og at det derfor kan v\u00e6re vanskelig \u00e5 beregne n\u00f8yaktig tid. If\u00f8lge ham var det ikke k\u00f8 p\u00e5 flyplassen da han skulle reise. <\/p>\n<p> \u00abJeg tror ikke kommentaren om at &#8216;n\u00e5 har vi egentlig stengt innsjekken&#8217; hadde kommet om at jeg ikke var Bjarne Br\u00f8ndbo. Janteloven lever ogs\u00e5 p\u00e5 flyplassen\u00bb, skrev D.D.E.-vokalisten. <\/p>\n<p>    <a itemprop=\"url\" href=\"https:\/\/www.dagbladet.no\/kjendis\/blodde-noe-voldsomt\/81195024\" rel=\"nofollow noopener\" target=\"_blank\"><\/p>\n<p>        <img loading=\"lazy\" decoding=\"async\" src=\"https:\/\/www.europesays.com\/no\/wp-content\/uploads\/2026\/01\/81195049.webp.webp\" width=\"980\" height=\"441\" title=\"- Bl\u00f8dde noe voldsomt\" alt=\"\" class=\"lazyload\" style=\"--aspect-ratio-image: 2.22; \"\/><\/p>\n<p>        &#8211; Bl\u00f8dde noe voldsomt<\/p>\n<p>    <\/a><\/p>\n","protected":false},"excerpt":{"rendered":"Bjarne Br\u00f8ndbo:\u00a0 D.D.E.-vokalist Bjarne Br\u00f8ndbo reagerer kraftig etter en episode i sikkerhetskontrollen p\u00e5 Gardermoen. REAGERER: If\u00f8lge Bjarne Br\u00f8ndbo&hellip;\n","protected":false},"author":2,"featured_media":133496,"comment_status":"","ping_status":"","sticky":false,"template":"","format":"standard","meta":{"footnotes":""},"categories":[5],"tags":[5980,20,21,24,25,2582,15,19,479,12089,22,23,17,18,13,30,28,29,14,16,26,27],"class_list":{"0":"post-133495","1":"post","2":"type-post","3":"status-publish","4":"format-standard","5":"has-post-thumbnail","7":"category-overskrifter","8":"tag-bjarne-brondbo","9":"tag-breaking-news","10":"tag-breakingnews","11":"tag-featured-news","12":"tag-featurednews","13":"tag-flyplass","14":"tag-headlines","15":"tag-hovedoppslag","16":"tag-kjendis","17":"tag-klage","18":"tag-latest-news","19":"tag-latestnews","20":"tag-main-news","21":"tag-mainnews","22":"tag-news","23":"tag-no","24":"tag-norge","25":"tag-norway","26":"tag-nyheter","27":"tag-overskrifter","28":"tag-top-stories","29":"tag-topstories"},"share_on_mastodon":{"url":"https:\/\/pubeurope.com\/@no\/115867519775025894","error":""},"_links":{"self":[{"href":"https:\/\/www.europesays.com\/no\/wp-json\/wp\/v2\/posts\/133495","targetHints":{"allow":["GET"]}}],"collection":[{"href":"https:\/\/www.europesays.com\/no\/wp-json\/wp\/v2\/posts"}],"about":[{"href":"https:\/\/www.europesays.com\/no\/wp-json\/wp\/v2\/types\/post"}],"author":[{"embeddable":true,"href":"https:\/\/www.europesays.com\/no\/wp-json\/wp\/v2\/users\/2"}],"replies":[{"embeddable":true,"href":"https:\/\/www.europesays.com\/no\/wp-json\/wp\/v2\/comments?post=133495"}],"version-history":[{"count":0,"href":"https:\/\/www.europesays.com\/no\/wp-json\/wp\/v2\/posts\/133495\/revisions"}],"wp:featuredmedia":[{"embeddable":true,"href":"https:\/\/www.europesays.com\/no\/wp-json\/wp\/v2\/media\/133496"}],"wp:attachment":[{"href":"https:\/\/www.europesays.com\/no\/wp-json\/wp\/v2\/media?parent=133495"}],"wp:term":[{"taxonomy":"category","embeddable":true,"href":"https:\/\/www.europesays.com\/no\/wp-json\/wp\/v2\/categories?post=133495"},{"taxonomy":"post_tag","embeddable":true,"href":"https:\/\/www.europesays.com\/no\/wp-json\/wp\/v2\/tags?post=133495"}],"curies":[{"name":"wp","href":"https:\/\/api.w.org\/{rel}","templated":true}]}}