{"id":133505,"date":"2026-01-09T22:46:14","date_gmt":"2026-01-09T22:46:14","guid":{"rendered":"https:\/\/www.europesays.com\/no\/133505\/"},"modified":"2026-01-09T22:46:14","modified_gmt":"2026-01-09T22:46:14","slug":"iran-i-oppror-regimet-kan-falle","status":"publish","type":"post","link":"https:\/\/www.europesays.com\/no\/133505\/","title":{"rendered":"Iran i oppr\u00f8r: &#8211; Regimet kan falle"},"content":{"rendered":"<p>        Saken oppsummert<\/p>\n<ul lang=\"nb-NO\">\n<li>Store folkemengder protesterer i Teheran og andre iranske byer mot regimet. <\/li>\n<li>Protestene er utl\u00f8st av \u00f8konomisk kollaps og har spredt seg til over 100 byer. <\/li>\n<li>Midt\u00f8sten-ekspert mener regimet har mistet grepet om befolkningen, men klamrer seg til makten med et sterkt sikkerhetsapparat. <\/li>\n<li>Minst 45 demonstranter er drept, if\u00f8lge Iran Human Rights. <\/li>\n<li>Internett er stengt i Iran.<\/li>\n<\/ul>\n<p class=\"italic ai-disclaimer\" data-lab-italic=\"italic\">Oppsummeringen er laget med kunstig intelligens (KI) fra OpenAI. Innholdet er kvalitetssikret av TV 2s journalister. <a target=\"_blank\" href=\"https:\/\/hjelp.tv2.no\/info\/artikkel\/slik-jobber-vi-med-ki-i-tv-2\" title=\"Les om hvordan vi jobber med KI\" rel=\"nofollow noopener\">Les om hvordan vi jobber med KI<\/a><\/p>\n<p> Store folkemengder har marsjert gjennom Teheran og andre iranske byer i det som beskrives som de st\u00f8rste protestene mot regimet p\u00e5 flere \u00e5r. <\/p>\n<p>I snart to uker har landet opplevd uro som har spredt seg til over 100 byer og tettsteder i alle Irans 31 provinser, if\u00f8lge menneskerettighetsgrupper.<\/p>\n<p>Protestene ble utl\u00f8st av sinne over den iranske valutaens kollaps.<\/p>\n<p>Dag Henrik Tuastad, Midt\u00f8sten-forsker, tegner et bilde av et regime som har mistet grepet om befolkningen, men som fremdeles klamrer seg til makten gjennom et sterkt sikkerhetsapparat.<\/p>\n<p>        <img class=\"image__img lazyload\" itemprop=\"image\" title=\"Foto: Torjus Sagenes \/ TV 2\" alt=\"EKSPERT: Dag Henrik Tuastad er professor i Midt\u00f8sten-studier ved Universitetet i Oslo. Foto: Torjus Sagenes \/ TV 2\" width=\"675\" height=\"453\" bad-src=\"https:\/\/www.europesays.com\/no\/wp-content\/uploads\/2026\/01\/18449303.webp.jpeg\" fetchpriority=\"auto\" \/><\/p>\n<p>      EKSPERT: Dag Henrik Tuastad er professor i Midt\u00f8sten-studier ved Universitetet i Oslo.<br \/>\n         Foto: Torjus Sagenes \/ TV 2<\/p>\n<p>\u2013 Regimet har mistet en generasjon og har ikke lenger noen ideologisk makt. Det \u00e5 ha en \u00f8verste islamsk leder er ekstremt lite popul\u00e6rt i befolkningen, sier Tuastad.<\/p>\n<p>Store protester\u00a0<\/p>\n<p>Videoer som er verifisert av nyhetsbyr\u00e5et Reuters viser demonstranter som marsjerer gjennom gatene uten \u00e5 bli stoppet av sikkerhetsstyrker.\u00a0<\/p>\n<p> De roper slagord om \u00e5 styrte Irans \u00f8verste leder, ayatolla Ali Khamenei, og krever at eksilprinsen Reza Pahlavi, s\u00f8nn av den siste sjahen, skal vende tilbake. <\/p>\n<p>Pahlavi hadde tidligere oppfordret sine st\u00f8ttespillere til \u00e5 g\u00e5 ut i gatene.<\/p>\n<p> Tuastad tror ikke ropene etter Pahlavi er et uttrykk for massiv st\u00f8tte til ham personlig.<\/p>\n<p>\u2013 Det er et uttrykk for misn\u00f8ye med regimet. Opposisjonen er sammensatt, fra liberale til venstreorienterte, og det eneste som forener dem er hatet mot regimet. <\/p>\n<p>        <img class=\"image__img lazyload\" itemprop=\"image\" title=\"Foto: Joel Saget \/ AFP \/ NTB\" alt=\"OPPFORDRING: Reza Pahlavi, s\u00f8nnen til Irans siste sjah, holder pressekonferanse i Paris 23. juni 2025. Pahlavi har i forkant av de nylige protestene oppfordret til demonstrasjoner i Iran. Foto: Joel Saget \/ AFP \/ NTB\" width=\"675\" height=\"453\" bad-src=\"https:\/\/www.europesays.com\/no\/wp-content\/uploads\/2026\/01\/18448371.webp.jpeg\" fetchpriority=\"auto\" \/><\/p>\n<p>      OPPFORDRING: Reza Pahlavi, s\u00f8nnen til Irans siste sjah, holder pressekonferanse i Paris 23. juni 2025. Pahlavi har i forkant av de nylige protestene oppfordret til demonstrasjoner i Iran.<br \/>\n         Foto: Joel Saget \/ AFP \/ NTB<\/p>\n<p>Til tross for massiv misn\u00f8ye og \u00f8konomisk kollaps, tror han ikke prestestyret faller som et korthus med det f\u00f8rste.<\/p>\n<p>\u2013 Alle de organiserte politiske gruppene er enten i eksil eller i fengsel, sier Tuastad.\u00a0<\/p>\n<p> Han understreker protestene er mest synlige der sikkerhetsapparatet er mindre til stede, som i kurderomr\u00e5dene. <\/p>\n<p> \u2013 At basarene er stengt i Teheran er kanskje det mest oppsiktsvekkende, for det er ofte det som velter regimer, sier Tuastad.<\/p>\n<p>\n            <video oncontextmenu=\"return false;\" class=\"lazy-autoplay\" loop=\"\" muted=\"\" autoplay=\"\" playsinline=\"\" controlslist=\"nodownload nofullscreen noremoteplayback\" disablepictureinpicture=\"\" style=\"transform:translate(-33%,0%);width:291%;height:auto;aspect-ratio:auto\"><\/p>\n<p>                Beklager, din nettleser st\u00f8tter ikke avspilling av videoklipp<br \/>\n            <\/video>\n        <\/p>\n<p>          RIVER FLAGGET: Videoklipp viser demonstranter som river et iransk flagg fra hverandre. Videoen skal v\u00e6re fra Irans nest st\u00f8rste by, Mashad.<br \/>\n             Foto: Sosiale medier via Reuters<\/p>\n<p>Midt\u00f8sten-eksperten mener regimet fremst\u00e5r svakere enn noen gang.\u00a0<\/p>\n<p>\u2013 \u00d8konomien er i total kollaps. Sanksjonene virker enormt sterkt, og de har ingen eksterne akt\u00f8rer som Russland eller Kina til \u00e5 redde dem \u00f8konomisk. \u00d8konomien er s\u00e5 r\u00e5tten p\u00e5 rot at det finnes ingen kjappe l\u00f8sninger, understreker han.\u00a0<\/p>\n<p>\u2013 Flere drepte\u00a0<\/p>\n<p>If\u00f8lge organisasjonen Iran Human Rights (IHR) er minst 45 demonstranter drept, inkludert \u00e5tte mindre\u00e5rige barn.<\/p>\n<p>\u2013 B\u00e5de protestene \u00f8ker i omfang, og regimets voldsbruk blir stadig mer brutal, sier leder for IHR Mahmood Amiry-Moghaddam til TV 2 fredag formiddag.\u00a0<\/p>\n<p>Han venter at d\u00f8dstallet vil stige.<\/p>\n<p>Internett ble frakoblet i Iran torsdag kveld og er fortsatt nede. Amiry-Moghaddam mener dette gir grunn til alvorlig bekymring.<\/p>\n<p>        <img class=\"image__img lazyload\" itemprop=\"image\" title=\"Foto: Javad Parsa \/ NTB\" alt=\"Mahmood Amiry-Moghaddam, leder for Iran Human Rights (IHR) i Norge, under en markering for iranske kvinner foran Stortinget i Oslo, 2. oktober 2022. Foto: Javad Parsa \/ NTB\" width=\"675\" height=\"453\" bad-src=\"https:\/\/www.europesays.com\/no\/wp-content\/uploads\/2026\/01\/18448424.webp.jpeg\" fetchpriority=\"auto\" \/><\/p>\n<p>      Mahmood Amiry-Moghaddam, leder for Iran Human Rights (IHR) i Norge, under en markering for iranske kvinner foran Stortinget i Oslo, 2. oktober 2022.<br \/>\n         Foto: Javad Parsa \/ NTB<\/p>\n<p>\u2013 Sist gang Iran opplevde en total internett-nedstengning, i november 2019, ble flere hundre mennesker drept i l\u00f8pet av f\u00e5 dager, sier Amiry-Moghaddam.<\/p>\n<p>Amiry-Moghaddam mener protestene denne gangen fremst\u00e5r mer m\u00e5lrettede, ofte ledsaget av streik.<\/p>\n<p>\u2013 Butikker i en rekke byer har holdt stengt. Dette tyder p\u00e5 at befolkningen har st\u00f8rre h\u00e5p om reell forandring og trolig ogs\u00e5 en bedre grad av organisering. Samtidig er regimet svakere enn noen gang og har lite \u00e5 tilby befolkningen utover \u00f8kt vold og undertrykkelse.<\/p>\n<p>Han mener Den islamske republikken mangler legitimitet.<\/p>\n<p>\u2013 Det eneste som holder regimet ved makten, er systematisk bruk av frykt og vold, sier Amiry-Moghaddam.\u00a0<\/p>\n<p>        <img class=\"image__img lazyload\" itemprop=\"image\" title=\"Foto: AP \/ NTB\" alt=\"PROTESTER: Bilder viser mennesker som blokkerer et kryss under en protest i Teheran, Iran, torsdag 8. januar 2026. Foto: AP \/ NTB\" width=\"675\" height=\"453\" bad-src=\"https:\/\/www.europesays.com\/no\/wp-content\/uploads\/2026\/01\/18448439.webp.jpeg\" fetchpriority=\"auto\" \/><\/p>\n<p>      PROTESTER: Bilder viser mennesker som blokkerer et kryss under en protest i Teheran, Iran, torsdag 8. januar 2026.<br \/>\n         Foto: AP \/ NTB<\/p>\n<p>Han mener landet beveger seg mot et regimeskifte.\u00a0<\/p>\n<p>\u2013 Selv om myndighetene skulle lykkes i \u00e5 knuse disse protestene, vil nye protester komme. Derfor beveger vi oss stadig n\u00e6rmere et regimeskifte.<\/p>\n<p>\u2013 Begynnelsen p\u00e5 slutten<\/p>\n<p>Selv om situasjonen er kritisk, advarer Tuastad mot \u00e5 tro p\u00e5 en umiddelbar kollaps.<\/p>\n<p>\u2013 Dette kan v\u00e6re begynnelsen p\u00e5 slutten, men sikkerhetsapparatet er massivt, sier Tuastad.<\/p>\n<p>Han p\u00e5peker at Revolusjonsgarden ogs\u00e5 er \u00f8konomisk alliert med regimet og kjemper for sin egen overlevelse.<\/p>\n<p>\u2013 Du f\u00e5r heller en kamp mellom ulike elementer i regimet, kanskje et milit\u00e6rkupp, sier Tuastad.\u00a0<\/p>\n<p>        <img class=\"image__img lazyload\" itemprop=\"image\" title=\"Foto: Office of the Iranian Supreme Leader\/WANA \/ Reuters \/ NTB\" alt=\"ADVARER: Irans \u00f8verste leder, ayatolla Ali Khamenei, taler under et m\u00f8te i Teheran, Iran, 3. januar 2026. Foto: Office of the Iranian Supreme Leader\/WANA \/ Reuters \/ NTB\" width=\"675\" height=\"446\" bad-src=\"https:\/\/www.europesays.com\/no\/wp-content\/uploads\/2026\/01\/18448411.webp.jpeg\" fetchpriority=\"auto\" \/><\/p>\n<p>      ADVARER: Irans \u00f8verste leder, ayatolla Ali Khamenei, taler under et m\u00f8te i Teheran, Iran, 3. januar 2026.<br \/>\n         Foto: Office of the Iranian Supreme Leader\/WANA \/ Reuters \/ NTB<\/p>\n<p>Han tror ikke man vil se folkelig revolusjon hvor sikkerhetsstyrkene bare snur, slik som i 1979.<\/p>\n<p>Irans \u00f8verste leder ayatolla Ali Khamenei har anklaget demonstrantene for \u00e5 \u00ab\u00f8delegge sine egne gater for \u00e5 blidgj\u00f8re presidenten i et annet land\u00bb, med henvisning til USAs president Donald Trump.\u00a0<\/p>\n<p>Khamenei oppfordrer Irans befolkning til \u00e5 holde sammen, og sier at myndighetene \u00abikke vil tolerere leiesoldater for utlendinger\u00bb.<\/p>\n<p>Regimets fors\u00f8k p\u00e5 \u00e5 legge skylden p\u00e5 Israel og USA har if\u00f8lge Tuastad mistet sin kraft.<\/p>\n<p>\u2013 Jeg tror retorikken om at dette er eksternt styrt biter veldig lite n\u00e5. Folk vet at misn\u00f8yen blant annet skyldes \u00f8konomisk kollaps, sier han.\u00a0<\/p>\n","protected":false},"excerpt":{"rendered":"Saken oppsummert Store folkemengder protesterer i Teheran og andre iranske byer mot regimet. Protestene er utl\u00f8st av \u00f8konomisk&hellip;\n","protected":false},"author":2,"featured_media":133506,"comment_status":"","ping_status":"","sticky":false,"template":"","format":"standard","meta":{"footnotes":""},"categories":[5],"tags":[20,21,24,25,15,19,22,23,17,18,13,30,28,29,14,16,26,27],"class_list":{"0":"post-133505","1":"post","2":"type-post","3":"status-publish","4":"format-standard","5":"has-post-thumbnail","7":"category-overskrifter","8":"tag-breaking-news","9":"tag-breakingnews","10":"tag-featured-news","11":"tag-featurednews","12":"tag-headlines","13":"tag-hovedoppslag","14":"tag-latest-news","15":"tag-latestnews","16":"tag-main-news","17":"tag-mainnews","18":"tag-news","19":"tag-no","20":"tag-norge","21":"tag-norway","22":"tag-nyheter","23":"tag-overskrifter","24":"tag-top-stories","25":"tag-topstories"},"share_on_mastodon":{"url":"https:\/\/pubeurope.com\/@no\/115867574951494999","error":""},"_links":{"self":[{"href":"https:\/\/www.europesays.com\/no\/wp-json\/wp\/v2\/posts\/133505","targetHints":{"allow":["GET"]}}],"collection":[{"href":"https:\/\/www.europesays.com\/no\/wp-json\/wp\/v2\/posts"}],"about":[{"href":"https:\/\/www.europesays.com\/no\/wp-json\/wp\/v2\/types\/post"}],"author":[{"embeddable":true,"href":"https:\/\/www.europesays.com\/no\/wp-json\/wp\/v2\/users\/2"}],"replies":[{"embeddable":true,"href":"https:\/\/www.europesays.com\/no\/wp-json\/wp\/v2\/comments?post=133505"}],"version-history":[{"count":0,"href":"https:\/\/www.europesays.com\/no\/wp-json\/wp\/v2\/posts\/133505\/revisions"}],"wp:featuredmedia":[{"embeddable":true,"href":"https:\/\/www.europesays.com\/no\/wp-json\/wp\/v2\/media\/133506"}],"wp:attachment":[{"href":"https:\/\/www.europesays.com\/no\/wp-json\/wp\/v2\/media?parent=133505"}],"wp:term":[{"taxonomy":"category","embeddable":true,"href":"https:\/\/www.europesays.com\/no\/wp-json\/wp\/v2\/categories?post=133505"},{"taxonomy":"post_tag","embeddable":true,"href":"https:\/\/www.europesays.com\/no\/wp-json\/wp\/v2\/tags?post=133505"}],"curies":[{"name":"wp","href":"https:\/\/api.w.org\/{rel}","templated":true}]}}