{"id":133519,"date":"2026-01-09T23:22:14","date_gmt":"2026-01-09T23:22:14","guid":{"rendered":"https:\/\/www.europesays.com\/no\/133519\/"},"modified":"2026-01-09T23:22:14","modified_gmt":"2026-01-09T23:22:14","slug":"ute-av-mesternes-mester-veldig-kjedelig","status":"publish","type":"post","link":"https:\/\/www.europesays.com\/no\/133519\/","title":{"rendered":"Ute av \u00abMesternes mester: \u2013 Veldig kjedelig"},"content":{"rendered":"\n<p class=\"_lead_o9xde_2 _lead_xtcu6_50 layout-component text-serif-m layout-normal text-serif-l layout-component layout-wide layout-padded _wide_17hqh_1 layout-padded\">Ikke uventet ble det et leit farvel \u00e5 ryke ut av konkurransen p\u00e5 et s\u00e5 tidlig stadium.<\/p>\n<p><img alt=\"\u00c5rets deltagere i \u00abMesternes mester\u00bb har blitt \u00e9n f\u00e6rre. \u00d8verst fra venstre Edvald Boasson Hagen, Daniel-Andr\u00e9 Tande, Jarl Magnus Riiber og Mushaga Bakenga. Foran fra venstre: Marte Olsbu R\u00f8iseland, Kristin St\u00f8rmer Steira, Isabelle Pedersen, Ayla \u00c5gren (r\u00f8k ut i episode 2), Isabell Herlovsen og Emil Lybekk. Foto: Tonje Jakobsen, Nordisk Banijai\/NRK\" class=\"_image_qp4xg_65 layout-component layout-wide\" data-fullscreen- data-track-element-type=\"Article image fullscreen\" data-track-name=\"ImageFullscreen\" fetchpriority=\"high\" decoding=\"sync\" loading=\"eager\" height=\"2666\" itemprop=\"image\"  src=\"https:\/\/www.europesays.com\/no\/wp-content\/uploads\/2026\/01\/fdd1658b-6543-44e9-8cf5-762e93f6d24f.png\"  style=\"object-position:51.6% 60.82145536384096%\" width=\"4000\"\/>\u00c5rets deltagere i \u00abMesternes mester\u00bb har blitt \u00e9n f\u00e6rre. \u00d8verst fra venstre Edvald Boasson Hagen, Daniel-Andr\u00e9 Tande, Jarl Magnus Riiber og Mushaga Bakenga. Foran fra venstre: Marte Olsbu R\u00f8iseland, Kristin St\u00f8rmer Steira, Isabelle Pedersen, Ayla \u00c5gren (r\u00f8k ut i episode 2), Isabell Herlovsen og Emil Lybekk. Foto: Tonje Jakobsen, Nordisk Banijai\/NRK<\/p>\n<ul aria-hidden=\"true\" class=\"_images_ntbth_112\">\n<li><a class=\"_link_ntbth_117\" href=\"https:\/\/www.vg.no\/forfatter\/stein-oestboe\" style=\"z-index:1\" title=\"Stein \u00d8stb\u00f8\" rel=\"nofollow noopener\" target=\"_blank\"><img alt=\"Bilde av Stein \u00d8stb\u00f8\" class=\"_image_ntbth_93\" fetchpriority=\"low\" loading=\"lazy\" decoding=\"async\" itemprop=\"image\"  src=\"https:\/\/www.europesays.com\/no\/wp-content\/uploads\/2026\/01\/1768000933_514_22e70fc8-5f6d-446c-8991-a91d598e4754.jpeg\"  width=\"480\"\/><\/a><\/li>\n<\/ul>\n<p> Oppdatert fredag 9. januar kl. 21:00     <\/p>\n<p class=\"_paragraph_o9xde_4 _paragraph_xtcu6_10 layout-component text-serif-m layout-normal text-serif-m layout-padded\">\u2013 Det var veldig kjedelig, jeg skulle gjerne ha v\u00e6rt der litt lengre, for dette hadde jeg gledet meg lenge til. Samtidig visste jeg jo at alt kunne skje, jeg har jo sett p\u00e5 \u00abMesternes mester\u00bb f\u00f8r, sier hun.<\/p>\n<p class=\"_paragraph_o9xde_4 _paragraph_xtcu6_10 layout-component text-serif-m layout-normal text-serif-m layout-padded\">Hun r\u00f8k til slutt p\u00e5 nattesten, eks-skiskytteren <a href=\"https:\/\/www.vg.no\/tag\/marte-olsbu-roeiseland?utm_source=vg-article&amp;utm_medium=auto-tagger&amp;utm_campaign=8pmge1\" class=\"_link_o9xde_39\" rel=\"nofollow noopener\" target=\"_blank\">Marte Olsbu R\u00f8iseland<\/a> (35). <\/p>\n<p class=\"_paragraph_o9xde_4 _paragraph_xtcu6_10 layout-component text-serif-m layout-normal text-serif-m layout-padded\">Der gikk hun ut i duell med sin gode venninne, den tidligere fotballstjernen Isabell Herlovsen (37). Som i utgangspunktet alts\u00e5 har erfaringer med en st\u00f8rre ball enn den lille som er gjemt inne i balanser\u00f8ret p\u00e5 nattesten. <\/p>\n<p class=\"_paragraph_o9xde_4 _paragraph_xtcu6_10 layout-component text-serif-m layout-normal text-serif-m layout-padded\">For Marte Olsbu R\u00f8iseland spilte ikke st\u00f8rrelsen noen rolle uansett.<\/p>\n<p><img alt=\"Marte Olsbu R\u00f8iseland.  Foto: Tonje Jakobsen, Nordisk Banijai\/NRK\" class=\"_image_qp4xg_65 layout-component layout-normal\" data-fullscreen- data-track-element-type=\"Article image fullscreen\" data-track-name=\"ImageFullscreen\" decoding=\"async\" loading=\"lazy\" height=\"853\" itemprop=\"image\"  src=\"https:\/\/www.europesays.com\/no\/wp-content\/uploads\/2026\/01\/ab18067d-d847-4c0f-b9a9-5964360a4b9f.png\"  style=\"object-position:45.3515625% 32.00468933177022%\" width=\"1280\"\/>Marte Olsbu R\u00f8iseland.  Foto: Tonje Jakobsen, Nordisk Banijai\/NRK<\/p>\n<p class=\"_paragraph_o9xde_4 _paragraph_xtcu6_10 layout-component text-serif-m layout-normal text-serif-m layout-padded\">\u2013 Da jeg s\u00e5 det inkluderte balanse med ball, tenkte jeg at; dette taper jeg. Jeg har blitt mobbet for elendig ballkontroll gjennom hele oppveksten!<\/p>\n<p class=\"_paragraph_o9xde_4 _paragraph_xtcu6_10 layout-component text-serif-m layout-normal text-serif-m layout-padded\">Marte ler godt og h\u00f8yt. Det hjelper ikke med 13 VM-gull og syv OL-medaljer, derav tre gull, n\u00e5r man skal balansere en ball i et lite r\u00f8r istedenfor \u00e5 konsentrere seg om \u00e5 sikte p\u00e5 standplass.<\/p>\n<p><img alt=\"I program tre handlet det blant annet om v\u00e6skebalanse. Her er Marte Olsbu R\u00f8iseland sammen med Daniel-Andr\u00e9 Tande (til h\u00f8yre) og Emil Lybekk.  Foto: Tonje Jakobsen, Nordisk Banijai\/NRK\" class=\"_image_qp4xg_65 layout-component layout-normal\" data-fullscreen- data-track-element-type=\"Article image fullscreen\" data-track-name=\"ImageFullscreen\" decoding=\"async\" loading=\"lazy\" height=\"853\" itemprop=\"image\"  src=\"https:\/\/www.europesays.com\/no\/wp-content\/uploads\/2026\/01\/13a4c583-eda1-42a9-b275-623c8760cf3b.jpeg\"  style=\"object-position:52.26562500000001% 49.88276670574443%\" width=\"1280\"\/>I program tre handlet det blant annet om v\u00e6skebalanse. Her er Marte Olsbu R\u00f8iseland sammen med Daniel-Andr\u00e9 Tande (til h\u00f8yre) og Emil Lybekk.  Foto: Tonje Jakobsen, Nordisk Banijai\/NRK<\/p>\n<p class=\"_paragraph_o9xde_4 _paragraph_xtcu6_10 layout-component text-serif-m layout-normal text-serif-m layout-padded\">Men selv om exiten skjedde litt for tidlig, er hun sv\u00e6rt forn\u00f8yd med oppholdet i Spania og innspillingen av \u00abMesternes mester\u00bb. F\u00f8rst var hun skeptisk til \u00e5 v\u00e6re borte fra s\u00f8nnen i tre uker, men det l\u00f8ste seg da s\u00f8nn og ektemann Sverre kunne komme p\u00e5 bes\u00f8k.<\/p>\n<p class=\"_paragraph_o9xde_4 _paragraph_xtcu6_10 layout-component text-serif-m layout-normal text-serif-m layout-padded\">\u2013 Det var en bonus at de fikk v\u00e6re der, sier hun.<\/p>\n<p class=\"_paragraph_o9xde_4 _paragraph_xtcu6_10 layout-component text-serif-m layout-normal text-serif-m layout-padded\">Marte Olsbu R\u00f8iseland ble mamma for f\u00f8rste gang bare et halvt \u00e5r etter at hun la opp i mars 2023.<\/p>\n<p class=\"_paragraph_o9xde_4 _paragraph_xtcu6_10 layout-component text-serif-m layout-normal text-serif-m layout-padded\">\u2013 Det ble totalt sett en kjempegod opplevelse. Jeg kjente jo ikke de andre personlig, derfor var det veldig g\u00f8y \u00e5 m\u00f8te dem og dele erfaringer p\u00e5 en helt ny m\u00e5te \u2013 det var en utrolig fin gjeng.<\/p>\n<p class=\"_paragraph_o9xde_4 _paragraph_xtcu6_10 layout-component text-serif-m layout-normal text-serif-m layout-padded\">Olsbu R\u00f8iseland sier hun kommer til \u00e5 leve lenge p\u00e5 deltagelsen sin, selv om hun r\u00f8k ut tidlig. Likevel bruker hun ord som kanskje ikke TV-seerne vil v\u00e6re enig i &#8230;<\/p>\n<p class=\"_paragraph_o9xde_4 _paragraph_xtcu6_10 layout-component text-serif-m layout-normal text-serif-m layout-padded\">\u2013 Det \u00e5 kunne komme tilbake til huset, spise middag med de andre og dele opplevelsene fra de ulike selskapslekene, var kjempeg\u00f8y.<\/p>\n<p class=\"_paragraph_o9xde_4 _paragraph_xtcu6_10 layout-component text-serif-m layout-normal text-serif-m layout-padded\"><strong class=\"_strong_o9xde_25\">\u2013 Unnskyld meg, kaller du de knallharde \u00f8velsene i \u00abMesternes mester\u00bb for selskapsleker?<\/strong><\/p>\n<p class=\"_paragraph_o9xde_4 _paragraph_xtcu6_10 layout-component text-serif-m layout-normal text-serif-m layout-padded\">Ny latter.<\/p>\n<p class=\"_paragraph_o9xde_4 _paragraph_xtcu6_10 layout-component text-serif-m layout-normal text-serif-m layout-padded\">\u2013 De var t\u00f8ffe nok, de, og konkurranseinstinktet ble vekket igjen. Likevel er det ikke snakk om \u00abliv og d\u00f8d\u00bb p\u00e5 samme m\u00e5te som i den aktive idrettskarrieren. <\/p>\n","protected":false},"excerpt":{"rendered":"Ikke uventet ble det et leit farvel \u00e5 ryke ut av konkurransen p\u00e5 et s\u00e5 tidlig stadium. \u00c5rets&hellip;\n","protected":false},"author":2,"featured_media":133520,"comment_status":"","ping_status":"","sticky":false,"template":"","format":"standard","meta":{"footnotes":""},"categories":[59],"tags":[3053,14834,2984,30,28,29,83,82],"class_list":{"0":"post-133519","1":"post","2":"type-post","3":"status-publish","4":"format-standard","5":"has-post-thumbnail","7":"category-sport","8":"tag-isabell-herlovsen","9":"tag-marte-olsbu-roiseland","10":"tag-mesternes-mester","11":"tag-no","12":"tag-norge","13":"tag-norway","14":"tag-sport","15":"tag-sports"},"share_on_mastodon":{"url":"https:\/\/pubeurope.com\/@no\/115867716370628162","error":""},"_links":{"self":[{"href":"https:\/\/www.europesays.com\/no\/wp-json\/wp\/v2\/posts\/133519","targetHints":{"allow":["GET"]}}],"collection":[{"href":"https:\/\/www.europesays.com\/no\/wp-json\/wp\/v2\/posts"}],"about":[{"href":"https:\/\/www.europesays.com\/no\/wp-json\/wp\/v2\/types\/post"}],"author":[{"embeddable":true,"href":"https:\/\/www.europesays.com\/no\/wp-json\/wp\/v2\/users\/2"}],"replies":[{"embeddable":true,"href":"https:\/\/www.europesays.com\/no\/wp-json\/wp\/v2\/comments?post=133519"}],"version-history":[{"count":0,"href":"https:\/\/www.europesays.com\/no\/wp-json\/wp\/v2\/posts\/133519\/revisions"}],"wp:featuredmedia":[{"embeddable":true,"href":"https:\/\/www.europesays.com\/no\/wp-json\/wp\/v2\/media\/133520"}],"wp:attachment":[{"href":"https:\/\/www.europesays.com\/no\/wp-json\/wp\/v2\/media?parent=133519"}],"wp:term":[{"taxonomy":"category","embeddable":true,"href":"https:\/\/www.europesays.com\/no\/wp-json\/wp\/v2\/categories?post=133519"},{"taxonomy":"post_tag","embeddable":true,"href":"https:\/\/www.europesays.com\/no\/wp-json\/wp\/v2\/tags?post=133519"}],"curies":[{"name":"wp","href":"https:\/\/api.w.org\/{rel}","templated":true}]}}