{"id":133521,"date":"2026-01-09T23:27:15","date_gmt":"2026-01-09T23:27:15","guid":{"rendered":"https:\/\/www.europesays.com\/no\/133521\/"},"modified":"2026-01-09T23:27:15","modified_gmt":"2026-01-09T23:27:15","slug":"brann-i-bolig-er-slukket-nrk-sorlandet-lokale-nyheter-tv-og-radio","status":"publish","type":"post","link":"https:\/\/www.europesays.com\/no\/133521\/","title":{"rendered":"Brann i bolig er slukket \u2013 NRK S\u00f8rlandet \u2013 Lokale nyheter, TV og radio"},"content":{"rendered":"<p><strong>\u2013 Det er ikke meldt om personskade, utover \u00e9n person som skal ha f\u00e5tt i seg noe r\u00f8yk.<\/strong><\/p>\n<p>Det skriver operasjonsleder Arve Johan Myklebust i Agder politidistrikt.<\/p>\n<p>Klokken 19.25 meldte politiet at det brant i en bolig i Vennesla. Det er tre boenheter p\u00e5 adressen.<\/p>\n<p>Kort tid senere var brannvesenet p\u00e5 plass.<\/p>\n<p><strong>\u2013 Alle beboere skal v\u00e6re trygt ute av bygget, sa Myklebust til NRK. <\/strong><\/p>\n<p>Alle de seks personene er sjekket av helsepersonell. Ingen har behov for videre behandling.<\/p>\n<p>En snau halvtime etter f\u00f8rste melding skriver politiet at brannen er slukket, og at huset er gjennoms\u00f8kt.<\/p>\n<p><img decoding=\"async\"   src=\"data:image\/gif;base64,R0lGODlhAQABAIAAAAAAAP\/\/\/yH5BAEAAAAALAAAAAABAAEAAAIBRAA7\" loading=\"eager\" alt=\"Brannmannskap og politi st\u00e5r samlet utenfor en bolig i sn\u00f8en om natten. De er if\u00f8rt verneutstyr og diskuterer situasjonen. Flere brannslanger og en stige ligger p\u00e5 bakken i n\u00e6rheten. Omgivelsene er preget av lys fra brannbiler og sn\u00f8. (Bildebeskrivelsen er laget av en KI-tjeneste)\" title=\"Foto: H\u00e5vard Axel Kator \/ NRK\"\/><\/p>\n<p class=\"\">Det brant i en bolig i Vennesla fredag kveld. Brannen er slukket. Det er ikke snakk om personskader.<\/p>\n<p>Foto: H\u00e5vard Axel Kator \/ NRK<\/p>\n<p>R\u00f8mte ut p\u00e5 taket<\/p>\n<p>Kort tid etter at politiet meldte om brannen, skrev de at en person hadde r\u00f8mt ut p\u00e5 taket.<\/p>\n<p><strong>\u2013 Det var en person som gikk ut p\u00e5 taket p\u00e5 tilbygget. Det var nok en del r\u00f8yk som gjorde at vedkommende kom seg ut der. <\/strong><\/p>\n<p>Det sier innsatsleder Stig Vang i Agder politidistrikt til NRK.<\/p>\n<p><img decoding=\"async\"   src=\"data:image\/gif;base64,R0lGODlhAQABAIAAAAAAAP\/\/\/yH5BAEAAAAALAAAAAABAAEAAAIBRAA7\" loading=\"eager\" alt=\"En politimann med refleks st\u00e5r ute\" title=\"Foto: Kari Jeppest\u00f8l Arntzen \/ NRK\"\/><\/p>\n<p class=\"\">Innsatsleder Stig Vang. <\/p>\n<p>Foto: Kari Jeppest\u00f8l Arntzen \/ NRK<\/p>\n<p>Politiet skal utover kvelden avh\u00f8re vitner for \u00e5 f\u00e5 mer klarhet i hva som har skjedd.<\/p>\n<p><strong>Den ene boenheten p\u00e5 adressen er ubeboelig.<\/strong><\/p>\n<p>\u2013 Kommunen bist\u00e5r de som bor der med \u00e5 finne midlertidig boplass, sier operasjonslederen.<\/p>\n<p><img decoding=\"async\"   src=\"data:image\/gif;base64,R0lGODlhAQABAIAAAAAAAP\/\/\/yH5BAEAAAAALAAAAAABAAEAAAIBRAA7\" loading=\"eager\" alt=\"En brannbil st\u00e5r foran en bolig i sn\u00f8en, med bl\u00e5lys aktivert. Flere redningspersonell, if\u00f8rt uniformer, samhandler med hverandre p\u00e5 trappen til huset. N\u00e6r bilen ses ogs\u00e5 en r\u00f8d bil parkert. Det er m\u00f8rkt, og sn\u00f8en faller rundt dem. (Bildebeskrivelsen er laget av en KI-tjeneste)\" title=\"Foto: H\u00e5vard Axel Kator \/ NRK\"\/><\/p>\n<p class=\"\">Kommunen kommer til \u00e5 bist\u00e5 familien med \u00e5 finne en midlertidig boplass, da den ene boenheten er ubeboelig.<\/p>\n<p>Foto: H\u00e5vard Axel Kator \/ NRK<\/p>\n<p>Publisert<\/p>\n<p>09.01.2026, kl. 19.33<\/p>\n<p>Oppdatert<\/p>\n<p>09.01.2026, kl. 21.44<\/p>\n","protected":false},"excerpt":{"rendered":"\u2013 Det er ikke meldt om personskade, utover \u00e9n person som skal ha f\u00e5tt i seg noe r\u00f8yk.&hellip;\n","protected":false},"author":2,"featured_media":133522,"comment_status":"","ping_status":"","sticky":false,"template":"","format":"standard","meta":{"footnotes":""},"categories":[10],"tags":[20,21,24,25,15,22,23,13,30,28,29,14,16,26,27],"class_list":{"0":"post-133521","1":"post","2":"type-post","3":"status-publish","4":"format-standard","5":"has-post-thumbnail","7":"category-norge","8":"tag-breaking-news","9":"tag-breakingnews","10":"tag-featured-news","11":"tag-featurednews","12":"tag-headlines","13":"tag-latest-news","14":"tag-latestnews","15":"tag-news","16":"tag-no","17":"tag-norge","18":"tag-norway","19":"tag-nyheter","20":"tag-overskrifter","21":"tag-top-stories","22":"tag-topstories"},"share_on_mastodon":{"url":"https:\/\/pubeurope.com\/@no\/115867735956957032","error":""},"_links":{"self":[{"href":"https:\/\/www.europesays.com\/no\/wp-json\/wp\/v2\/posts\/133521","targetHints":{"allow":["GET"]}}],"collection":[{"href":"https:\/\/www.europesays.com\/no\/wp-json\/wp\/v2\/posts"}],"about":[{"href":"https:\/\/www.europesays.com\/no\/wp-json\/wp\/v2\/types\/post"}],"author":[{"embeddable":true,"href":"https:\/\/www.europesays.com\/no\/wp-json\/wp\/v2\/users\/2"}],"replies":[{"embeddable":true,"href":"https:\/\/www.europesays.com\/no\/wp-json\/wp\/v2\/comments?post=133521"}],"version-history":[{"count":0,"href":"https:\/\/www.europesays.com\/no\/wp-json\/wp\/v2\/posts\/133521\/revisions"}],"wp:featuredmedia":[{"embeddable":true,"href":"https:\/\/www.europesays.com\/no\/wp-json\/wp\/v2\/media\/133522"}],"wp:attachment":[{"href":"https:\/\/www.europesays.com\/no\/wp-json\/wp\/v2\/media?parent=133521"}],"wp:term":[{"taxonomy":"category","embeddable":true,"href":"https:\/\/www.europesays.com\/no\/wp-json\/wp\/v2\/categories?post=133521"},{"taxonomy":"post_tag","embeddable":true,"href":"https:\/\/www.europesays.com\/no\/wp-json\/wp\/v2\/tags?post=133521"}],"curies":[{"name":"wp","href":"https:\/\/api.w.org\/{rel}","templated":true}]}}