{"id":133523,"date":"2026-01-09T23:29:19","date_gmt":"2026-01-09T23:29:19","guid":{"rendered":"https:\/\/www.europesays.com\/no\/133523\/"},"modified":"2026-01-09T23:29:19","modified_gmt":"2026-01-09T23:29:19","slug":"nyhende-fotball-anna-josendal-klar-for-liverpool","status":"publish","type":"post","link":"https:\/\/www.europesays.com\/no\/133523\/","title":{"rendered":"Nyhende, Fotball | Anna J\u00f8sendal klar for Liverpool"},"content":{"rendered":"\n<p>Oddingen Anna J\u00f8sendal (24) forlater svenske Hammarby og slutter seg til Liverpool-troppen.<\/p>\n<p>Det bekrefter Merseyside-klubben fredag. Hun f\u00e5r drakt nummer 21.<\/p>\n<p>\u2013 Det f\u00f8les fantastisk \u00e5 v\u00e6re her. Dette har v\u00e6rt dr\u00f8mmen min siden jeg var liten \u2013 Liverpool har alltid v\u00e6rt favorittlaget mitt, og hele familien min st\u00f8tter dem ogs\u00e5, s\u00e5 det er stort for meg. sier hun til <a href=\"https:\/\/www.liverpoolfc.com\/\" rel=\"Follow nofollow noopener\" target=\"_blank\">klubbens hjemmesider. <\/a><\/p>\n<p>Der har hun ogs\u00e5 gjort <a href=\"https:\/\/www.liverpoolfc.com\/news\/liverpool-fc-women-complete-signing-anna-josendal\" rel=\"Follow nofollow noopener\" target=\"_blank\">et st\u00f8rre videointervju. <\/a><\/p>\n<p>  <a href=\"https:\/\/www.hardanger-folkeblad.no\/5-22-503280\" class=\"related-teaser has-image default-story-teaser article--c-eRUmMG article--c-eRUmMG-jKCPdD-design-default\" rel=\"nofollow noopener\" target=\"_blank\"><\/p>\n<p>    <img decoding=\"async\" loading=\"lazy\"  src=\"https:\/\/www.europesays.com\/no\/wp-content\/uploads\/2026\/01\/IMG-7205.jpg\" alt=\"\" class=\"brick-c-cFOWSL\" style=\"\"\/><\/p>\n<p>\n            Les ogs\u00e5<\/p>\n<p>              Her m\u00e5 Liverpool-legenden plutselig avbryte foredraget\n        <\/p>\n<p>  <\/a><\/p>\n<p>Allerede tidligere i uka ble det <a href=\"https:\/\/www.hardanger-folkeblad.no\/anna-josendal-mogleg-pa-veg-til-liverpool\/s\/5-22-746981\" rel=\"Follow nofollow noopener\" target=\"_blank\">rapportert at J\u00f8sendal var i England for \u00e5 f\u00e5 utf\u00f8rt medisinsk test.<\/a><\/p>\n<p>I Liverpool skal angriperen blant annet spille sammen med norske Sophie Rom\u00e1n Haug. Hun har v\u00e6rt i klubben siden 2023 og er ogs\u00e5 seriemester med Roma.<\/p>\n<p>\u2013 Det \u00e5 spille i Barclays Women&#8217;s Super League, den beste ligaen i Europa, er noe jeg virkelig ser frem til. \u00c5 spille for denne drakten kommer til \u00e5 bli s\u00e5 spesielt, s\u00e5 jeg gleder meg til \u00e5 komme i gang, sier J\u00f8sendal.<\/p>\n<p>   <img decoding=\"async\" width=\"1100\" height=\"579\" fetchpriority=\"low\"  loading=\"lazy\"  src=\"https:\/\/www.europesays.com\/no\/wp-content\/uploads\/2026\/01\/IMG_3151.jpg\" alt=\"\" class=\"brick-c-cFOWSL\" style=\"--brick-image-ratio: 1100 \/ 579;\"\/><\/p>\n<p>      SIGNERTE: Anna J\u00f8sendal har v\u00e6rt i Liverpool denne uka for \u00e5 signere med storklubben.<br \/>\n      Foto: Nick Taylor\/Liverpool FC\n    <\/p>\n<p>  <a href=\"https:\/\/www.hardanger-folkeblad.no\/5-22-423748\" class=\"related-teaser has-image default-story-teaser article--c-eRUmMG article--c-eRUmMG-jKCPdD-design-default\" rel=\"nofollow noopener\" target=\"_blank\"><\/p>\n<p>    <img decoding=\"async\" loading=\"lazy\"  src=\"https:\/\/www.europesays.com\/no\/wp-content\/uploads\/2026\/01\/IMG-0610.jpg\" alt=\"\" class=\"brick-c-cFOWSL\" style=\"\"\/><\/p>\n<p>\n            Les ogs\u00e5<\/p>\n<p>              Skal samle hundrevis av r\u00f8de supportere under teltet\n        <\/p>\n<p>  <\/a><\/p>\n<p>Rent sportslig kan det bli en t\u00f8ff v\u00e5r for Liverpool som for tiden ligger p\u00e5 sisteplass i Women&#8217;s Super League. Manchester City er serieledere.<\/p>\n<p>De to siste \u00e5rene har oddingen bodd i Stockholm og spilt for Hammarby. F\u00f8r det spilte hun for Rosenborg, Avaldsnes og i Odda Fotballklubb. Hun er kjent for \u00e5 kunne spille i ulike offensive posisjoner. I Stockholm har J\u00f8sendal de to siste \u00e5rene v\u00e6rt en publikumsfavoritt og bidro i 2025-sesongen med flere m\u00e5l og m\u00e5lgivende pasninger. Hun ble ogs\u00e5 cupvinner med laget s\u00e5 sent som i mai.<\/p>\n<p>J\u00f8sendal har ogs\u00e5 flere A-landskamper for Norge, og har v\u00e6rt med i troppen i b\u00e5de EM 2022 og VM 2023.<\/p>\n<p>Ogs\u00e5 en rekke andre norske kvinner spiller i Women&#8217;s Super League, blant annet Guro Reiten som har b\u00e5de serie \u2013 og cupgull med Chelsea. Der spiller ogs\u00e5 profilerte Sam Kerr, den australske kapteinen som er en av de mestscorende spillerne i ligaens historie.<\/p>\n<p>  <a href=\"https:\/\/www.hardanger-folkeblad.no\/5-22-374545\" class=\"related-teaser has-image default-story-teaser article--c-eRUmMG article--c-eRUmMG-jKCPdD-design-default\" rel=\"nofollow noopener\" target=\"_blank\"><\/p>\n<p>    <img decoding=\"async\" loading=\"lazy\"  src=\"https:\/\/www.europesays.com\/no\/wp-content\/uploads\/2026\/01\/IMG-0610.jpg\" alt=\"\" class=\"brick-c-cFOWSL\" style=\"\"\/><\/p>\n<p>\n            Les ogs\u00e5<\/p>\n<p>              Da klubben skulle innvies tok de sjefsavgj\u00f8relsen og utsatte. N\u00e5 inntar 150 supportere gatene.\n        <\/p>\n<p>  <\/a><\/p>\n<p>  <a href=\"https:\/\/www.hardanger-folkeblad.no\/5-22-746981\" class=\"related-teaser has-image default-story-teaser article--c-eRUmMG article--c-eRUmMG-jKCPdD-design-default\" rel=\"nofollow noopener\" target=\"_blank\"><\/p>\n<p>    <img decoding=\"async\" loading=\"lazy\"  src=\"https:\/\/www.europesays.com\/no\/wp-content\/uploads\/2026\/01\/asdssadasd.jpg\" alt=\"\" class=\"brick-c-cFOWSL\" style=\"\"\/><\/p>\n<p>\n            Les ogs\u00e5<\/p>\n<p>              Anna J\u00f8sendal mogleg p\u00e5 veg til Liverpool\n        <\/p>\n<p>  <\/a><\/p>\n<p>  <a href=\"https:\/\/www.hardanger-folkeblad.no\/5-22-727001\" class=\"related-teaser has-image default-story-teaser article--c-eRUmMG article--c-eRUmMG-jKCPdD-design-default\" rel=\"nofollow noopener\" target=\"_blank\"><\/p>\n<p>    <img decoding=\"async\" loading=\"lazy\"  src=\"https:\/\/www.europesays.com\/no\/wp-content\/uploads\/2026\/01\/NTB_T3TWxlVdqoo+%281%29.jpg\" alt=\"\" class=\"brick-c-cFOWSL\" style=\"\"\/><\/p>\n<p>\n            Les ogs\u00e5<\/p>\n<p>              Anna J\u00f8sendal og Co. slo ut Brann\n        <\/p>\n<p>  <\/a><\/p>\n<p>  <a href=\"https:\/\/www.hardanger-folkeblad.no\/5-22-722075\" class=\"related-teaser has-image default-story-teaser article--c-eRUmMG article--c-eRUmMG-jKCPdD-design-default\" rel=\"nofollow noopener\" target=\"_blank\"><\/p>\n<p>    <img decoding=\"async\" loading=\"lazy\"  src=\"https:\/\/www.europesays.com\/no\/wp-content\/uploads\/2026\/01\/asdssadasd.jpg\" alt=\"\" class=\"brick-c-cFOWSL\" style=\"\"\/><\/p>\n<p>\n            Les ogs\u00e5<\/p>\n<p>              J\u00f8sendal scoret da Hammarby knuste V\u00e4xj\u00f6\n        <\/p>\n<p>  <\/a><\/p>\n<p>  <a href=\"https:\/\/www.hardanger-folkeblad.no\/5-22-686622\" class=\"related-teaser has-image default-story-teaser article--c-eRUmMG article--c-eRUmMG-jKCPdD-design-default\" rel=\"nofollow noopener\" target=\"_blank\"><\/p>\n<p>    <img decoding=\"async\" loading=\"lazy\"  src=\"https:\/\/www.europesays.com\/no\/wp-content\/uploads\/2026\/01\/asdssadasd.jpg\" alt=\"\" class=\"brick-c-cFOWSL\" style=\"\"\/><\/p>\n<p>\n            Les ogs\u00e5<\/p>\n<p>              Svenske eksperter sp\u00e5r J\u00f8sendal-gjennombrudd\n        <\/p>\n<p>  <\/a><\/p>\n<p>  <a href=\"https:\/\/www.hardanger-folkeblad.no\/5-22-650894\" class=\"related-teaser has-image default-story-teaser article--c-eRUmMG article--c-eRUmMG-jKCPdD-design-default\" rel=\"nofollow noopener\" target=\"_blank\"><\/p>\n<p>    <img decoding=\"async\" loading=\"lazy\"  src=\"https:\/\/www.europesays.com\/no\/wp-content\/uploads\/2026\/01\/Anna+J%C3%B8sendal.jpg\" alt=\"\" class=\"brick-c-cFOWSL\" style=\"\"\/><\/p>\n<p>\n            Les ogs\u00e5<\/p>\n<p>              J\u00f8sendal om kveldens Champions League-kamp: \u2013 Vi skal gje alt\n        <\/p>\n<p>  <\/a><\/p>\n<p>  <a href=\"https:\/\/www.hardanger-folkeblad.no\/5-22-522643\" class=\"related-teaser has-image default-story-teaser article--c-eRUmMG article--c-eRUmMG-jKCPdD-design-default\" rel=\"nofollow noopener\" target=\"_blank\"><\/p>\n<p>    <img decoding=\"async\" loading=\"lazy\"  src=\"https:\/\/www.europesays.com\/no\/wp-content\/uploads\/2026\/01\/NTB_dSwN3gALCDU.jpg\" alt=\"\" class=\"brick-c-cFOWSL\" style=\"\"\/><\/p>\n<p>\n            Les ogs\u00e5<\/p>\n<p>              J\u00f8sendal tatt ut til VM-troppen\n        <\/p>\n<p>  <\/a><\/p>\n<p>  <a href=\"https:\/\/www.hardanger-folkeblad.no\/5-22-582323\" class=\"related-teaser has-image default-story-teaser article--c-eRUmMG article--c-eRUmMG-jKCPdD-design-default\" rel=\"nofollow noopener\" target=\"_blank\"><\/p>\n<p>    <img decoding=\"async\" loading=\"lazy\"  src=\"https:\/\/www.europesays.com\/no\/wp-content\/uploads\/2026\/01\/asdssadasd.jpg\" alt=\"\" class=\"brick-c-cFOWSL\" style=\"\"\/><\/p>\n<p>\n            Les ogs\u00e5<\/p>\n<p>              Anna s\u00f8rget for elleville jubelscener: \u2013 Det var rett foran fansen. Ingenting er bedre enn det\n        <\/p>\n<p>  <\/a><\/p>\n<p>  <a href=\"https:\/\/www.hardanger-folkeblad.no\/5-22-558005\" class=\"related-teaser has-image default-story-teaser article--c-eRUmMG article--c-eRUmMG-jKCPdD-design-default\" rel=\"nofollow noopener\" target=\"_blank\"><\/p>\n<p>    <img decoding=\"async\" loading=\"lazy\"  src=\"https:\/\/www.europesays.com\/no\/wp-content\/uploads\/2026\/01\/IMG_7802.JPG\" alt=\"\" class=\"brick-c-cFOWSL\" style=\"\"\/><\/p>\n<p>\n            Les ogs\u00e5<\/p>\n<p>              Tok turen fra Odda for \u00e5 se\u00a0datteren sikre seg cupgull\n        <\/p>\n<p>  <\/a><\/p>\n<p>  <a href=\"https:\/\/www.hardanger-folkeblad.no\/5-22-530835\" class=\"related-teaser has-image default-story-teaser article--c-eRUmMG article--c-eRUmMG-jKCPdD-design-default\" rel=\"nofollow noopener\" target=\"_blank\"><\/p>\n<p>    <img decoding=\"async\" loading=\"lazy\"  src=\"https:\/\/www.europesays.com\/no\/wp-content\/uploads\/2026\/01\/NTB_J%C3%B8sendal.jpg\" alt=\"\" class=\"brick-c-cFOWSL\" style=\"\"\/><\/p>\n<p>\n            Les ogs\u00e5<\/p>\n<p>              J\u00f8sendal med friskt innhopp i VM-debuten: \u2013 Ei skikkeleg stor oppleving\n        <\/p>\n<p>  <\/a><\/p>\n","protected":false},"excerpt":{"rendered":"Oddingen Anna J\u00f8sendal (24) forlater svenske Hammarby og slutter seg til Liverpool-troppen. Det bekrefter Merseyside-klubben fredag. Hun f\u00e5r&hellip;\n","protected":false},"author":2,"featured_media":133524,"comment_status":"","ping_status":"","sticky":false,"template":"","format":"standard","meta":{"footnotes":""},"categories":[59],"tags":[36,92,30,28,29,4966,5415,83,82,1510],"class_list":{"0":"post-133523","1":"post","2":"type-post","3":"status-publish","4":"format-standard","5":"has-post-thumbnail","7":"category-sport","8":"tag-art","9":"tag-fotball","10":"tag-no","11":"tag-norge","12":"tag-norway","13":"tag-nyhende","14":"tag-odda","15":"tag-sport","16":"tag-sports","17":"tag-story"},"share_on_mastodon":{"url":"https:\/\/pubeurope.com\/@no\/115867743976715640","error":""},"_links":{"self":[{"href":"https:\/\/www.europesays.com\/no\/wp-json\/wp\/v2\/posts\/133523","targetHints":{"allow":["GET"]}}],"collection":[{"href":"https:\/\/www.europesays.com\/no\/wp-json\/wp\/v2\/posts"}],"about":[{"href":"https:\/\/www.europesays.com\/no\/wp-json\/wp\/v2\/types\/post"}],"author":[{"embeddable":true,"href":"https:\/\/www.europesays.com\/no\/wp-json\/wp\/v2\/users\/2"}],"replies":[{"embeddable":true,"href":"https:\/\/www.europesays.com\/no\/wp-json\/wp\/v2\/comments?post=133523"}],"version-history":[{"count":0,"href":"https:\/\/www.europesays.com\/no\/wp-json\/wp\/v2\/posts\/133523\/revisions"}],"wp:featuredmedia":[{"embeddable":true,"href":"https:\/\/www.europesays.com\/no\/wp-json\/wp\/v2\/media\/133524"}],"wp:attachment":[{"href":"https:\/\/www.europesays.com\/no\/wp-json\/wp\/v2\/media?parent=133523"}],"wp:term":[{"taxonomy":"category","embeddable":true,"href":"https:\/\/www.europesays.com\/no\/wp-json\/wp\/v2\/categories?post=133523"},{"taxonomy":"post_tag","embeddable":true,"href":"https:\/\/www.europesays.com\/no\/wp-json\/wp\/v2\/tags?post=133523"}],"curies":[{"name":"wp","href":"https:\/\/api.w.org\/{rel}","templated":true}]}}