{"id":133529,"date":"2026-01-09T23:40:02","date_gmt":"2026-01-09T23:40:02","guid":{"rendered":"https:\/\/www.europesays.com\/no\/133529\/"},"modified":"2026-01-09T23:40:02","modified_gmt":"2026-01-09T23:40:02","slug":"naeringsliv-city-nord-city-nord-butikk-har-stengt-dorene","status":"publish","type":"post","link":"https:\/\/www.europesays.com\/no\/133529\/","title":{"rendered":"N\u00e6ringsliv, City Nord | City Nord-butikk har stengt d\u00f8rene"},"content":{"rendered":"\n<p>Dermed er Flying Tigers kapittel p\u00e5 City Nord over. Det bekrefter senterleder Uwe Johansen. <\/p>\n<p>Butikken stengte d\u00f8rene 23. desember, og vil jobbe med \u00e5 t\u00f8mme lokalene fram til fredag 16. januar. <\/p>\n<p>\u2013 Vi ble ikke enige om leieforholdet videre, og dermed avsluttet vi samarbeidet. Det var ingen sure miner, for \u00e5 si det s\u00e5nn, sier Johansen til Bod\u00f8 Nu. <\/p>\n<p><a href=\"https:\/\/www.an.no\/kjent-kjede-apner-pa-city-nord-en-annen-flytter-ut\/s\/5-4-2298935\" rel=\"Follow nofollow noopener\" target=\"_blank\">Avisa Nordland<\/a> omtalte saken f\u00f8rst.<\/p>\n<p>Samtidig er det n\u00e5 kjent at klesbutikken Levi\u2019s Store overtar i de samme lokalene. Til <a href=\"https:\/\/www.citynord.no\/senternytt\/levis-store-apner-pa-city-nord\" rel=\"Follow nofollow noopener\" target=\"_blank\">egne sider<\/a> sier Johansen: <\/p>\n<p>\u2013 Vi er glade for \u00e5 \u00f8nske Levi\u2019s velkommen til City Nord. Dette er et popul\u00e6rt merke som mange har etterspurt, og som styrker senterets totale handelstilbud.<\/p>\n<p>Han sp\u00e5r at Levi\u2019s Store er oppe og g\u00e5r i slutten av februar.<\/p>\n","protected":false},"excerpt":{"rendered":"Dermed er Flying Tigers kapittel p\u00e5 City Nord over. Det bekrefter senterleder Uwe Johansen. Butikken stengte d\u00f8rene 23.&hellip;\n","protected":false},"author":2,"featured_media":133530,"comment_status":"","ping_status":"","sticky":false,"template":"","format":"standard","meta":{"footnotes":""},"categories":[56],"tags":[36,60,2580,61,62,30,28,29,14,1510],"class_list":{"0":"post-133529","1":"post","2":"type-post","3":"status-publish","4":"format-standard","5":"has-post-thumbnail","7":"category-naeringsliv","8":"tag-art","9":"tag-business","10":"tag-city-nord","11":"tag-economy","12":"tag-naeringsliv","13":"tag-no","14":"tag-norge","15":"tag-norway","16":"tag-nyheter","17":"tag-story"},"share_on_mastodon":{"url":"https:\/\/pubeurope.com\/@no\/115867787106704986","error":""},"_links":{"self":[{"href":"https:\/\/www.europesays.com\/no\/wp-json\/wp\/v2\/posts\/133529","targetHints":{"allow":["GET"]}}],"collection":[{"href":"https:\/\/www.europesays.com\/no\/wp-json\/wp\/v2\/posts"}],"about":[{"href":"https:\/\/www.europesays.com\/no\/wp-json\/wp\/v2\/types\/post"}],"author":[{"embeddable":true,"href":"https:\/\/www.europesays.com\/no\/wp-json\/wp\/v2\/users\/2"}],"replies":[{"embeddable":true,"href":"https:\/\/www.europesays.com\/no\/wp-json\/wp\/v2\/comments?post=133529"}],"version-history":[{"count":0,"href":"https:\/\/www.europesays.com\/no\/wp-json\/wp\/v2\/posts\/133529\/revisions"}],"wp:featuredmedia":[{"embeddable":true,"href":"https:\/\/www.europesays.com\/no\/wp-json\/wp\/v2\/media\/133530"}],"wp:attachment":[{"href":"https:\/\/www.europesays.com\/no\/wp-json\/wp\/v2\/media?parent=133529"}],"wp:term":[{"taxonomy":"category","embeddable":true,"href":"https:\/\/www.europesays.com\/no\/wp-json\/wp\/v2\/categories?post=133529"},{"taxonomy":"post_tag","embeddable":true,"href":"https:\/\/www.europesays.com\/no\/wp-json\/wp\/v2\/tags?post=133529"}],"curies":[{"name":"wp","href":"https:\/\/api.w.org\/{rel}","templated":true}]}}