{"id":133531,"date":"2026-01-09T23:44:11","date_gmt":"2026-01-09T23:44:11","guid":{"rendered":"https:\/\/www.europesays.com\/no\/133531\/"},"modified":"2026-01-09T23:44:11","modified_gmt":"2026-01-09T23:44:11","slug":"sport-sk-brann-kjetil-knutsen-har-stor-tro-pa-brann-og-denne-mannen","status":"publish","type":"post","link":"https:\/\/www.europesays.com\/no\/133531\/","title":{"rendered":"Sport, SK Brann | Kjetil Knutsen har stor tro p\u00e5 Brann og denne mannen"},"content":{"rendered":"\n<p><b>Marbella (BA): <\/b>Som Brann er Bod\u00f8\/Glimt p\u00e5 plass i Marbella for \u00e5 gj\u00f8re seg klar til avsluttende kamper i Europa, men der danske Midtjylland venter for Brann i Europa League, er utfordringen til Glimt i Champions League noe mer vrien:<\/p>\n<p><b>Erling Braut Haalands Manchester City. <\/b><\/p>\n<p>Likevel var det alts\u00e5 Brann-sp\u00f8rsm\u00e5l Kjetil Knutsen m\u00e5tte svare p\u00e5 da han tok seg en prat med BA etter fredagens trenings\u00f8kt i Syden. Etter han hadde sl\u00e5tt av en god prat med Freyr Alexandersson.<\/p>\n<p>  <a href=\"https:\/\/www.ba.no\/5-8-3276241\" class=\"related-teaser has-image default-story-teaser article--c-eRUmMG article--c-eRUmMG-jKCPdD-design-default\" rel=\"nofollow noopener\" target=\"_blank\"><\/p>\n<p>    <img decoding=\"async\" loading=\"lazy\"  src=\"https:\/\/www.europesays.com\/no\/wp-content\/uploads\/2026\/01\/DSC_1408+kopi.jpg\" alt=\"\" class=\"brick-c-cFOWSL\" style=\"\"\/><\/p>\n<p>\n            Les ogs\u00e5<\/p>\n<p>              Mangler \u00abhalve\u00bb laget f\u00f8r skjebnekampene: \u2013 S\u00e5 utrolig bittert\n        <\/p>\n<p>  <\/a><br \/>\n  Brann i toppen<\/p>\n<p>Det skilte til slutt 14 poeng mellom Brann og Glimt p\u00e5 tabellen i eliteserien 2025, som p\u00e5 mange m\u00e5ter endte i skuffelse for begge to. Brann mistet bronsen og tredjeplassen til Troms\u00f8, mens Glimt m\u00e5tte se seg sl\u00e5tt p\u00e5 m\u00e5lstreken av Viking i gullkampen.<\/p>\n<p>Knutsen mener likevel ikke at niv\u00e5forskjellen mellom Brann og Glimt er like stor som luken p\u00e5 tabellen.<\/p>\n<p>\u2013 Brann hadde en litt annerledes sesong i fjor enn det de har v\u00e6rt vant til. De kom seg inn i Europa, de fikk flere kamper og etter hvert ble de veldig uheldig med skader, sier Glimt-sjefen, som nylig forlenget avtalen med de gule.<\/p>\n<p>\u2013 N\u00e5 er det nytt \u00e5r og alle begynner p\u00e5 null. Men er det \u00e9n ting jeg er ganske sikker p\u00e5, s\u00e5 er det at Brann kommer til \u00e5 sl\u00e5ss helt, helt, helt der oppe, sier bergenseren.<\/p>\n<p>   <img decoding=\"async\" width=\"4312\" height=\"2872\" fetchpriority=\"low\"  loading=\"lazy\"  src=\"https:\/\/www.europesays.com\/no\/wp-content\/uploads\/2026\/01\/SE1_2544+kopi.jpg\" alt=\"\" class=\"brick-c-cFOWSL\" style=\"--brick-image-ratio: 4312 \/ 2872;\"\/><\/p>\n<p>      Kjetil Knutsen fra Arna og Freyr Alexandersson fra Island.<br \/>\n      Foto: SKJALG EKELAND\n    <\/p>\n<p>  Viktig erfaring<\/p>\n<p>Knutsens tro p\u00e5 Brann, kommer blant annet av at han tror Brann har h\u00f8stet erfaring fra fjor\u00e5ret og vil t\u00e5le bedre \u00e5 kjempe p\u00e5 flere fronter. Det gjenst\u00e5r bare at Norges Fotballforbund skjerper seg.<\/p>\n<p>\u2013 Jeg har jo pr\u00f8vd \u00e5 snakke Brann sin sak om at de m\u00e5 f\u00e5 hjelp. Det m\u00e5 v\u00e6re noen hull i terminlisten slik at Brann og andre norske lag kan f\u00e5 gode forutsetninger til \u00e5 gj\u00f8re det godt i Europa, samtidig som en kan v\u00e6re konkurransedyktig i hjemlig liga. Det er min kampsak, sier Knutsen bestemt.<\/p>\n<p>\u2013 Hvordan vil du l\u00f8se det?<\/p>\n<p>\u2013 Starte tidligere! Ser man p\u00e5 forrige sesong, s\u00e5 skulle vi startet i hvert fall en uke tidligere. Norsk fotball m\u00e5 starte tidligere og speile best mulig hvordan de spiller i Europa, sl\u00e5r arnabuen fast.<\/p>\n<p>    Vil du se neste video?<\/p>\n<p>    <a href=\"https:\/\/www.ba.no\/bud-pa-emil-kornvig\/v\/5-8-3276502\" class=\"recommend-poster\" data-adp-clicklabel=\"video-recommend\" data-adp-clickvalue=\"poster\" rel=\"nofollow noopener\" target=\"_blank\"><br \/>\n      <img decoding=\"async\" width=\"200\" height=\"200\" loading=\"lazy\" src=\"https:\/\/www.europesays.com\/no\/wp-content\/uploads\/2026\/01\/v-i-697585c7-94ff-4553-8f25-50a08b375291-0.jpg\" alt=\"\" class=\"brick-c-cFOWSL\" style=\"--brick-image-ratio: 200 \/ 200;\"\/><\/p>\n<p>Bud pa\u030a Emil Kornvig0:22<\/p>\n<p>    <\/a><\/p>\n<p>Elendig sp\u00e5mann<\/p>\n<p>At Brann skal spille opp til flere tellende kamper i vinter mot topp europeisk motstand, samtidig som andre norske lag \u00f8ver mot hverandre, mener Knutsen ogs\u00e5 er en fordel.<\/p>\n<p>\u2013 Ja, det tror jeg. Oppkj\u00f8ringen i Norge er for lang, men Brann f\u00e5r topp, topp motstand i to kamper n\u00e5 i januar, og s\u00e5 tror jeg at de g\u00e5r videre slik at de f\u00e5r to kamper til i februar. Det \u00e5 f\u00e5 motstand p\u00e5 h\u00f8yest mulig niv\u00e5 i kamper som betyr noe har alt \u00e5 si for utviklingen av laget og enkeltspillere.<\/p>\n<p>Helt til sist; hva tror Knutsen om 2026?<\/p>\n<p><b>\u2013 Jeg er en elendig sp\u00e5mann, men Brann, Viking og Glimt kommer til \u00e5 v\u00e6re der. Troms\u00f8 tror jeg kommer til \u00e5 v\u00e6re der, og s\u00e5 kommer det alltid en eller to overraskelser. Det blir ikke lett \u00e5 vinne seriegull. <\/b><\/p>\n<p>  <a data-static=\"\" href=\"#skip-\" class=\"brick-c-fgNmNC\">Hopp over karusellen.<\/a><\/p>\n<p data-static=\"\" class=\"brick-c-fgNmNC\" id=\"carousel-title-\">Innholdskarusell med 20 artikler.<\/p>\n","protected":false},"excerpt":{"rendered":"Marbella (BA): Som Brann er Bod\u00f8\/Glimt p\u00e5 plass i Marbella for \u00e5 gj\u00f8re seg klar til avsluttende kamper&hellip;\n","protected":false},"author":2,"featured_media":133532,"comment_status":"","ping_status":"","sticky":false,"template":"","format":"standard","meta":{"footnotes":""},"categories":[59],"tags":[36,3309,30,28,29,418,83,82,1510],"class_list":{"0":"post-133531","1":"post","2":"type-post","3":"status-publish","4":"format-standard","5":"has-post-thumbnail","7":"category-sport","8":"tag-art","9":"tag-kjetil-knutsen","10":"tag-no","11":"tag-norge","12":"tag-norway","13":"tag-sk-brann","14":"tag-sport","15":"tag-sports","16":"tag-story"},"share_on_mastodon":{"url":"https:\/\/pubeurope.com\/@no\/115867802897960771","error":""},"_links":{"self":[{"href":"https:\/\/www.europesays.com\/no\/wp-json\/wp\/v2\/posts\/133531","targetHints":{"allow":["GET"]}}],"collection":[{"href":"https:\/\/www.europesays.com\/no\/wp-json\/wp\/v2\/posts"}],"about":[{"href":"https:\/\/www.europesays.com\/no\/wp-json\/wp\/v2\/types\/post"}],"author":[{"embeddable":true,"href":"https:\/\/www.europesays.com\/no\/wp-json\/wp\/v2\/users\/2"}],"replies":[{"embeddable":true,"href":"https:\/\/www.europesays.com\/no\/wp-json\/wp\/v2\/comments?post=133531"}],"version-history":[{"count":0,"href":"https:\/\/www.europesays.com\/no\/wp-json\/wp\/v2\/posts\/133531\/revisions"}],"wp:featuredmedia":[{"embeddable":true,"href":"https:\/\/www.europesays.com\/no\/wp-json\/wp\/v2\/media\/133532"}],"wp:attachment":[{"href":"https:\/\/www.europesays.com\/no\/wp-json\/wp\/v2\/media?parent=133531"}],"wp:term":[{"taxonomy":"category","embeddable":true,"href":"https:\/\/www.europesays.com\/no\/wp-json\/wp\/v2\/categories?post=133531"},{"taxonomy":"post_tag","embeddable":true,"href":"https:\/\/www.europesays.com\/no\/wp-json\/wp\/v2\/tags?post=133531"}],"curies":[{"name":"wp","href":"https:\/\/api.w.org\/{rel}","templated":true}]}}