{"id":133537,"date":"2026-01-10T00:02:07","date_gmt":"2026-01-10T00:02:07","guid":{"rendered":"https:\/\/www.europesays.com\/no\/133537\/"},"modified":"2026-01-10T00:02:07","modified_gmt":"2026-01-10T00:02:07","slug":"en-dod-og-34-savnet-etter-at-soppelfjell-kollapset-i-filippinene-siste-nytt-nrk","status":"publish","type":"post","link":"https:\/\/www.europesays.com\/no\/133537\/","title":{"rendered":"En d\u00f8d og 34 savnet etter at s\u00f8ppelfjell kollapset i Filippinene \u2013 Siste nytt \u2013\u00a0NRK"},"content":{"rendered":"<p>En person er d\u00f8d og 34 savnet etter at et fjell av s\u00f8ppel kollapset p\u00e5 en s\u00f8ppelfylling sentralt i Filippinene. Nesten 50 renovasjonsarbeidere ble begravd da haugen raste over bygninger tilh\u00f8rende et firmaet de jobbet for torsdag.<\/p>\n<p>Det skal fortsatt v\u00e6re tegn til liv, sa ordf\u00f8reren p\u00e5 en pressekonferanse.<\/p>\n<p>Fyllingen tar hver dag imot 1000 tonn kommunalt avfall.<\/p>\n<p>Denne m\u00e5ten \u00e5 lagre s\u00f8ppel p\u00e5 er blitt sterkt kritiser, spesielt etter et lignende skred i Manila i 2000. Da ble 200 personer drept.<\/p>\n","protected":false},"excerpt":{"rendered":"En person er d\u00f8d og 34 savnet etter at et fjell av s\u00f8ppel kollapset p\u00e5 en s\u00f8ppelfylling sentralt&hellip;\n","protected":false},"author":2,"featured_media":133538,"comment_status":"","ping_status":"","sticky":false,"template":"","format":"standard","meta":{"footnotes":""},"categories":[12],"tags":[20,21,24,25,15,22,23,13,30,28,29,14,16,26,27,42,43,44,45],"class_list":{"0":"post-133537","1":"post","2":"type-post","3":"status-publish","4":"format-standard","5":"has-post-thumbnail","7":"category-verden","8":"tag-breaking-news","9":"tag-breakingnews","10":"tag-featured-news","11":"tag-featurednews","12":"tag-headlines","13":"tag-latest-news","14":"tag-latestnews","15":"tag-news","16":"tag-no","17":"tag-norge","18":"tag-norway","19":"tag-nyheter","20":"tag-overskrifter","21":"tag-top-stories","22":"tag-topstories","23":"tag-verden","24":"tag-world","25":"tag-world-news","26":"tag-worldnews"},"share_on_mastodon":{"url":"https:\/\/pubeurope.com\/@no\/115867873586729015","error":""},"_links":{"self":[{"href":"https:\/\/www.europesays.com\/no\/wp-json\/wp\/v2\/posts\/133537","targetHints":{"allow":["GET"]}}],"collection":[{"href":"https:\/\/www.europesays.com\/no\/wp-json\/wp\/v2\/posts"}],"about":[{"href":"https:\/\/www.europesays.com\/no\/wp-json\/wp\/v2\/types\/post"}],"author":[{"embeddable":true,"href":"https:\/\/www.europesays.com\/no\/wp-json\/wp\/v2\/users\/2"}],"replies":[{"embeddable":true,"href":"https:\/\/www.europesays.com\/no\/wp-json\/wp\/v2\/comments?post=133537"}],"version-history":[{"count":0,"href":"https:\/\/www.europesays.com\/no\/wp-json\/wp\/v2\/posts\/133537\/revisions"}],"wp:featuredmedia":[{"embeddable":true,"href":"https:\/\/www.europesays.com\/no\/wp-json\/wp\/v2\/media\/133538"}],"wp:attachment":[{"href":"https:\/\/www.europesays.com\/no\/wp-json\/wp\/v2\/media?parent=133537"}],"wp:term":[{"taxonomy":"category","embeddable":true,"href":"https:\/\/www.europesays.com\/no\/wp-json\/wp\/v2\/categories?post=133537"},{"taxonomy":"post_tag","embeddable":true,"href":"https:\/\/www.europesays.com\/no\/wp-json\/wp\/v2\/tags?post=133537"}],"curies":[{"name":"wp","href":"https:\/\/api.w.org\/{rel}","templated":true}]}}