{"id":133539,"date":"2026-01-10T00:09:08","date_gmt":"2026-01-10T00:09:08","guid":{"rendered":"https:\/\/www.europesays.com\/no\/133539\/"},"modified":"2026-01-10T00:09:08","modified_gmt":"2026-01-10T00:09:08","slug":"en-advarsel-til-eu-og-usa-nrk-urix-utenriksnyheter-og-dokumentarer","status":"publish","type":"post","link":"https:\/\/www.europesays.com\/no\/133539\/","title":{"rendered":"\u2013 En advarsel til EU og USA \u2013 NRK Urix \u2013 Utenriksnyheter og -dokumentarer"},"content":{"rendered":"<p>Angivelig var det et hevnangrep.<\/p>\n<p>Natt til tirsdag smalt et ballistisk missil ned i byen Lviv, helt vest i Ukraina, med en hastighet p\u00e5 rundt 13.000 kilometer i timen, opplyste Ukrainas luftforsvar p\u00e5 <a href=\"https:\/\/www.facebook.com\/PvkZahid\/posts\/pfbid0GW4Qc5YiAMSAhbnTs8FvMB2hxWH9my9gyAWQtn8GhiaAGGe6Sdgih2PJTaJTCwxql?rdid=mw33qjqPn5WZ9lIj#\" ec-id=\"https:\/\/www.facebook.com\/PvkZahid\/posts\/pfbid0GW4Qc5YiAMSAhbnTs8FvMB2hxWH9my9gyAWQtn8GhiaAGGe6Sdgih2PJTaJTCwxql\" ec-name=\"Facebook\" rel=\"nofollow noopener\" target=\"_blank\">Facebook<\/a>.<\/p>\n<p>Det fikk oppmerksomhet Missilet var av typen Oresjnik, if\u00f8lge Russlands forsvarsdepartement. Det skriver det russiske statskontrollerte nyhetsbyr\u00e5et <a href=\"https:\/\/tass.ru\/armiya-i-opk\/26111401\" ec-id=\"https:\/\/tass.ru\/armiya-i-opk\/26111401\" ec-name=\"Tass\" rel=\"nofollow noopener\" target=\"_blank\">Tass<\/a>.<\/p>\n<p><img decoding=\"async\"   src=\"data:image\/gif;base64,R0lGODlhAQABAIAAAAAAAP\/\/\/yH5BAEAAAAALAAAAAABAAEAAAIBRAA7\" loading=\"eager\" alt=\"This photo provided by the Ukrainian Security Service on Friday, Jan. 9, 2026, shows a fragment believed to be a part of a Russian Oreshnik intermediate range hypersonic ballistic missile that hit the Lviv region. (Ukrainian Security Service via AP)\" title=\"Foto: AP\"\/><\/p>\n<p class=\"\">Dette bildet fra den ukrainske sikkerhetstjenesten skal vise et fragment som antas \u00e5 v\u00e6re en del av det russiske Oresjnik-missilet som traff Lviv.<\/p>\n<p>Foto: AP<\/p>\n<p>Oresjnik er ikke et vanlig missil. Det er nemlig utrustet med flere sm\u00e5 m\u00e5ls\u00f8kende stridshoder, s\u00e5kalte MIRVs, som skytes ut i det missilet er p\u00e5 vei ned mot jorda.<\/p>\n<p><strong>Hvert av disse kan i teorien utrustes med atomv\u00e5pen. <\/strong><\/p>\n<p>Mange eksplosjoner<\/p>\n<p>Ukrainske myndigheter anser angrepet som en krigsforbrytelse, if\u00f8lge Reuters.<\/p>\n<p>Missilet traff kritisk infrastruktur og f\u00f8rte til en brann, skrev Lvivs ordf\u00f8rer Andrej Sadovoj p\u00e5 <a href=\"https:\/\/t.me\/andriysadovyi\/3347\" ec-id=\"https:\/\/t.me\/andriysadovyi\/3347\" ec-name=\"Telegram\" rel=\"nofollow\">Telegram<\/a> natt til fredag.<\/p>\n<p>\u2013 Sivile anlegg og bolighus i byen ble ikke skadet, skriver Sadovoj.<\/p>\n<p>Det var i Liiv vest i Ukraina at de uvanlige missilet slo ned.<\/p>\n<p><strong>Videoer p\u00e5 Telegram viser en serie med prosjektiler og eksplosjoner i rask rekkef\u00f8lge. Det tyder p\u00e5 bruken av flere sm\u00e5 stridshoder, slik Oresjnik er utrustet med, skriver <a href=\"https:\/\/understandingwar.org\/research\/russia-ukraine\/russian-offensive-campaign-assessment-january-8-2026\/\" ec-id=\"https:\/\/understandingwar.org\/research\/russia-ukraine\/russian-offensive-campaign-assessment-january-8-2026\/\" ec-name=\"The Institute for the Study of War\" rel=\"nofollow noopener\" target=\"_blank\">The Institute for the Study of War<\/a>.<\/strong><\/p>\n<p>Russiske myndigheter hevder angrepet var svar p\u00e5 et angivelig stort ukrainsk droneangrep p\u00e5 \u00e9n av president Vladimir Putins residenser i slutten av desember.<\/p>\n<p>Ukraina og USA har begge avvist at Ukraina skal ha pr\u00f8vd \u00e5 angripe residensen.<\/p>\n<p>Uklar \u00e5rsak<\/p>\n<p>Oresjnik har blitt brukt \u00e9n gang tidligere, i november 2024. Da ble det skutt mot en ukrainsk v\u00e5penfabrikk i Dnipro i \u00d8st-Ukraina.<\/p>\n<p><strong>Lviv ligger p\u00e5 sin side bare noen mil fra grensen til Polen og Nato og EU.<\/strong><\/p>\n<p>\u2013 Dette er s\u00e5 langt vest Russland kan angripe og fortsatt treffe m\u00e5l som er symbolsk relevante, uten \u00e5 eskalere konflikten, sier missil-ekspert Fabian Hoffmann, doktorgradsstipendiat ved Universitetet i Oslo, til NRK.<\/p>\n<p>Han forteller at det er uklart om m\u00e5let var utvalgt lang tid p\u00e5 forh\u00e5nd, eller om det er en reaksjon p\u00e5 utviklinger i det siste.<\/p>\n<p><img decoding=\"async\"   src=\"data:image\/gif;base64,R0lGODlhAQABAIAAAAAAAP\/\/\/yH5BAEAAAAALAAAAAABAAEAAAIBRAA7\" loading=\"eager\" alt=\"en mann if\u00f8rt dress og slips (Bildebeskrivelsen er laget av en KI-tjeneste)\" title=\"Foto: ATHANASIOS KATSIS \/ aesthesia photography - Katsis\"\/><\/p>\n<p class=\"\">Fabian Hoffmann er doktorgradsstipendiat ved Universitetet i Oslo og ekspert p\u00e5 missiler.<\/p>\n<p>Foto: ATHANASIOS KATSIS \/ aesthesia photography &#8211; Katsis<\/p>\n<p>\u2013 Den siste tiden har ikke f\u00f8rt med seg mye godt nytt for Russland, sier han.<\/p>\n<p>Han trekker blant annet frem USAs angrep p\u00e5 Venezuela og russisk-flaggede tankskip, og manglende velvilje fra USAs president Donald Trump.<\/p>\n<p>\u2013 S\u00e5 det gir mening at Russland tenkte at de ville sende et signal.<\/p>\n<p>Krevende prioritering<\/p>\n<p>Det er ogs\u00e5 flere aspekter ved Oresjnik-missilet som oppfattes som skremmende. I tillegg til at det trolig kan utstyres med atomstridshoder, er det flere ganger raskere enn andre kort- eller mellomdistanse missiler, p\u00e5peker Hoffman.<\/p>\n<p>At missilet er ballistisk betyr at det skytes ut i en h\u00f8y bane, potensielt ut av atmosf\u00e6ren, f\u00f8r det kommer ned mot jorden igjen. Det gj\u00f8r det vanskelig for vanlig vestlig luftvern, som Patriot, \u00e5 forsvare mot det.<\/p>\n<p>NRKs Ukraina-korrespondent forklarer.<\/p>\n<p>\u2013 Det betyr ikke at Patriot er ubrukelig. Men sannsynligheten for \u00e5 avskj\u00e6re et mellomdistanse ballistisk missil i sluttfasen av banen er betydelig lavere, sier Hoffmann.<\/p>\n<p>Det betyr likevel ikke at Europa og Tyskland er forsvarsl\u00f8se. Tyskland har nemlig nylig g\u00e5tt til anskaffelse av Arrow-systemet. Sammenlignet med Patriot kan Arrow avskj\u00e6re missiler som er h\u00f8yere i luften eller i atmosf\u00e6ren.<\/p>\n<p><img decoding=\"async\"   src=\"data:image\/gif;base64,R0lGODlhAQABAIAAAAAAAP\/\/\/yH5BAEAAAAALAAAAAABAAEAAAIBRAA7\" loading=\"eager\" alt=\"The German Air Force presents the initial capability of the &quot;Arrow Weapon System for Germany&quot; in Annaburg, Germany, December 3, 2025. REUTERS\/Axel Schmidt\" title=\"Foto: Reuters\"\/><\/p>\n<p class=\"\">Det tyske luftforsvaret presenterer \u00abArrow Weapon System for Germany\u00bb i Annaburg, Tyskland, 3. desember 2025.<\/p>\n<p>Foto: Reuters<\/p>\n<p>\u2013 Gitt Arrows rekkevidde, s\u00e5 kan det dekke nesten hele Europa, sier Hoffmann.<\/p>\n<p>Oresjnik har ogs\u00e5 en annen, viktig svakhet: Det er dyrt. Hoffman ansl\u00e5r at Russland trolig bare klarer \u00e5 produsere rundt 20 i \u00e5ret. Det er produksjon som g\u00e5r p\u00e5 bekostning av andre v\u00e5pen.<\/p>\n<p><img decoding=\"async\"   src=\"data:image\/gif;base64,R0lGODlhAQABAIAAAAAAAP\/\/\/yH5BAEAAAAALAAAAAABAAEAAAIBRAA7\" loading=\"eager\" alt=\"To milit\u00e6re kj\u00f8ret\u00f8y er synlige p\u00e5 en grusvei i en skogkledt omr\u00e5de. Det f\u00f8rste kj\u00f8ret\u00f8yet er en stor lastebil med gr\u00f8nn kamuflasjemaling og lastet med utstyr. Det andre kj\u00f8ret\u00f8yet er en pansret bil med en soldat synlig p\u00e5 taket, bev\u00e6pnet. Omgivelsene best\u00e5r av tr\u00e6r og tynn vegetasjon. (Bildebeskrivelsen er laget av en KI-tjeneste)\" title=\"Foto: HANDOUT \/ AFP \/ NTB\"\/><\/p>\n<p class=\"\">Russland har blant annet utplassert Oresjnik-missiler i Belarus. Her var et slikt missil p\u00e5 et ukjent sted i Belarus 30. desember. Bildet er delt av Russlands forsvarsdepartement.<\/p>\n<p>Foto: HANDOUT \/ AFP \/ NTB<\/p>\n<p>\u2013 Sp\u00f8rsm\u00e5let blir da, hva skal de prioritere? sier Hoffmann.<\/p>\n<p>\u2013 Effektive ballistiske missiler med kort rekkevidde som kan produsere i store kvantum? Eller Oresjnik, et trolig mindre effektivt, sv\u00e6rt dyrt missil, som kun kan produseres i sm\u00e5 antall?<\/p>\n<p>\u2013 Klar eskalering<\/p>\n<p>Ukrainas president Volodymyr Zelenskyj ba verden om \u00e5 reagere tydelig p\u00e5 angrepet med Oresjnik.<\/p>\n<p><strong>\u2013 Det trengs en klar reaksjon fra verden. S\u00e6rlig fra USA, hvis signaler Russland faktisk lytter til, skriver Zelenskyj p\u00e5 <a href=\"https:\/\/x.com\/ZelenskyyUa\/status\/2009542786756792621?s=20\" ec-id=\"https:\/\/x.com\/ZelenskyyUa\/status\/2009542786756792621\" ec-name=\"X\" rel=\"nofollow\">X<\/a>.<\/strong><\/p>\n<p>\u2013 Russland m\u00e5 f\u00e5 signaler om at det er n\u00f8dvendig \u00e5 fokusere p\u00e5 diplomati, og m\u00e5 f\u00f8le konsekvensene hver gang de dreper og \u00f8delegger infrastruktur.<\/p>\n<p><img decoding=\"async\"   src=\"data:image\/gif;base64,R0lGODlhAQABAIAAAAAAAP\/\/\/yH5BAEAAAAALAAAAAABAAEAAAIBRAA7\" loading=\"eager\" alt=\"President of Ukraine Volodymyr Zelenskyy, left, and British Defense Secretary John Healey shake hands in Kyiv, Ukraine, Friday, Jan. 9, 2026. (AP Photo\/Danylo Antoniuk)\" title=\"Foto: AP\"\/><\/p>\n<p class=\"\">Ukrainas president Volodymyr Zelenskyj og den britiske forsvarsministeren John Healey m\u00f8ttes i Kyiv i dag. Storbritannia var rask p\u00e5 banen med en reaksjon p\u00e5 det siste angrepet.<\/p>\n<p>Foto: AP<\/p>\n<p>S\u00e5 langt har Europa v\u00e6rt rask til \u00e5 svare.<\/p>\n<p>\u2013 Rapporter om Russlands bruk av et Oresjnik-missil er en klar eskalering mot Ukraina og en advarsel til EU og USA, skriver EUs utenrikssjef Kaja Kallas p\u00e5 <a href=\"https:\/\/x.com\/kajakallas\/status\/2009572943391539542?s=20\" ec-id=\"https:\/\/x.com\/kajakallas\/status\/2009572943391539542\" ec-name=\"X\" rel=\"nofollow\">X<\/a>.<\/p>\n<p><img decoding=\"async\"   src=\"data:image\/gif;base64,R0lGODlhAQABAIAAAAAAAP\/\/\/yH5BAEAAAAALAAAAAABAAEAAAIBRAA7\" loading=\"eager\" alt=\"Bildet viser en svart gjenstand delvis begravd i sn\u00f8, med tydelige spor i bakgrunnen. Det er sn\u00f8 og isete underlag rundt gjenstanden, som har en buet form. Omgivelsene ser ut til \u00e5 v\u00e6re en utend\u00f8rsomr\u00e5de i vinterforhold. Det er ingen personer synlige i bildet. (Bildebeskrivelsen er laget av en KI-tjeneste)\" title=\"Foto: Security Service of Ukraine \/ Reuters \/ NTB\"\/><\/p>\n<p class=\"\">En antatt rest av Oresjnik-missilet som natt til fredag traff Lviv.<\/p>\n<p>Foto: Security Service of Ukraine \/ Reuters \/ NTB<\/p>\n<p>Storbritannias statsminister Keir Starmer har ogs\u00e5 hatt samtaler med Tysklands forbundskansler Friedrich Merz og Frankrikes president Emmanuel Macron m angrepet.<\/p>\n<p>De mener bruken av missilet var uakseptabel, if\u00f8lge en talsperson for den britiske statsministeren fredag.<\/p>\n<p>Angrep mot Kyiv<\/p>\n<p>Det var ikke bare Lviv som ble angrepet natt til fredag. Russland sendte ogs\u00e5 droner mot hovedstaden Kyiv. Fire mennesker ble drept, if\u00f8lge ordf\u00f8rer Vitalij Klitsjko.<\/p>\n<p><strong>\u2013 Blant de d\u00f8de er det \u00e9n lege. Fire helsearbeidere ble skadet, skriver Klitsjko p\u00e5 <a href=\"https:\/\/t.me\/vitaliy_klitschko\/5973\" ec-id=\"https:\/\/t.me\/vitaliy_klitschko\/5973\" ec-name=\"Telegram\" rel=\"nofollow\">Telegram<\/a>.<\/strong><\/p>\n<p>\u2013 Det er skade mot kritisk infrastruktur. I noen deler av byen er det brudd i str\u00f8m-og vannforsyningen.<\/p>\n<p><img decoding=\"async\"   src=\"data:image\/gif;base64,R0lGODlhAQABAIAAAAAAAP\/\/\/yH5BAEAAAAALAAAAAABAAEAAAIBRAA7\" loading=\"eager\" alt=\"The body of a paramedic lies on the ground in the snow outside a residential building damaged by a Russian strike on Kyiv, Ukraine, Friday, Jan. 9, 2026. (AP Photo\/Evgeniy Maloletka)\" title=\"Foto: AP\"\/><\/p>\n<p class=\"\">Liket av en ambulansearbeider ligger p\u00e5 bakken i sn\u00f8en utenfor en boligbygning som ble skadet av et russisk angrep p\u00e5 Kyiv.<\/p>\n<p>Foto: AP<\/p>\n<p>Ogs\u00e5 i Dnipropetrovsk-regionen lenger \u00f8st ble boligblokker skadet i russiske angrep.<\/p>\n<p>Konsekvensene av Russlands angrep mot Ukrainas str\u00f8manlegg blir mer alvorlige jo kaldere det blir.<\/p>\n<p><img decoding=\"async\"   src=\"data:image\/gif;base64,R0lGODlhAQABAIAAAAAAAP\/\/\/yH5BAEAAAAALAAAAAABAAEAAAIBRAA7\" loading=\"eager\" alt=\"Et billys med sterke frontlys kj\u00f8rer p\u00e5 en sn\u00f8dekt vei om natten. Omgivelsene best\u00e5r av h\u00f8ye bygninger med f\u00e5 opplyste vinduer. Sn\u00f8en har lagt seg jevnt p\u00e5 bakken, og det er lite aktivitet synlig i omr\u00e5det. Bilens lys lyser opp de sn\u00f8dekte sporene i veien. (Bildebeskrivelsen er laget av en KI-tjeneste)\" title=\"Foto: ANDREW KRAVCHENKO \/ AFP \/ NTB\"\/><\/p>\n<p class=\"\">Fredag kveld var det bekm\u00f8rkt i gatene i Kyiv. Russiske angrep har f\u00f8rt til store str\u00f8mbrudd i landet.<\/p>\n<p>Foto: ANDREW KRAVCHENKO \/ AFP \/ NTB<\/p>\n<p><strong>De neste dagene er det meldt ned mot 20 minusgrader i Ukrainas hovedstad.<\/strong><\/p>\n<p>En halv million russere uten str\u00f8m<\/p>\n<p>Samtidig har Ukraina ogs\u00e5 gjennomf\u00f8rt nye angrep mot Russland det siste d\u00f8gnet.<\/p>\n<p>Natt til fredag var over 500.000 mennesker i Belgorod-regionen, som ligger n\u00e6r grensen til Ukraina, uten str\u00f8m og varme, if\u00f8lge guvern\u00f8r Vjatsjeslav Gladkov.<\/p>\n<p>\u2013 Dessverre er dette ikke en god morgen, skrev Gladkov p\u00e5 Telegram.<\/p>\n<p><img decoding=\"async\"   src=\"data:image\/gif;base64,R0lGODlhAQABAIAAAAAAAP\/\/\/yH5BAEAAAAALAAAAAABAAEAAAIBRAA7\" loading=\"eager\" alt=\"To personer st\u00e5r ved ruiner etter en bygning som er delvis kollapset. Bygningen viser sterke tegn p\u00e5 skader, med \u00f8delagte vegger og utstikkende materialer. Omr\u00e5det er preget av rot og nedfall, noe som indikerer nylige hendelser. Personene ser ut til \u00e5 inspisere skadene. (Bildebeskrivelsen er laget av en KI-tjeneste)\" title=\"Foto: NTB\"\/><\/p>\n<p class=\"\">Belgorods guvern\u00f8r Vjatsjeslav Gladkov (fremst) og Russlands energiminister Sergej Tsivilev inspiserte skadene etter et ukrainsk angrep onsdag. Ogs\u00e5 senere denne uka er det meldt om nye angrep.<\/p>\n<p>Foto: NTB<\/p>\n<p>Han la til at nesten 200.000 ogs\u00e5 mangler vannforsyning.<\/p>\n<p>I Belgorod er det ogs\u00e5 varslet om sprengkulde de kommende dagene.<\/p>\n<p><strong>\u2013 Situasjonen er ekstremt krevende, men jeg h\u00e5per at vi skal klare oss gjennom det, la han til.<\/strong><\/p>\n<p>Interessert i utenriks? H\u00f8r utenriksredaksjonens podkast:<\/p>\n<p>Publisert<\/p>\n<p>09.01.2026, kl. 23.06<\/p>\n<p>Oppdatert<\/p>\n<p>10.01.2026, kl. 00.17<\/p>\n","protected":false},"excerpt":{"rendered":"Angivelig var det et hevnangrep. Natt til tirsdag smalt et ballistisk missil ned i byen Lviv, helt vest&hellip;\n","protected":false},"author":2,"featured_media":133498,"comment_status":"","ping_status":"","sticky":false,"template":"","format":"standard","meta":{"footnotes":""},"categories":[12],"tags":[20,21,24,25,15,22,23,13,30,28,29,14,16,26,27,42,43,44,45],"class_list":{"0":"post-133539","1":"post","2":"type-post","3":"status-publish","4":"format-standard","5":"has-post-thumbnail","7":"category-verden","8":"tag-breaking-news","9":"tag-breakingnews","10":"tag-featured-news","11":"tag-featurednews","12":"tag-headlines","13":"tag-latest-news","14":"tag-latestnews","15":"tag-news","16":"tag-no","17":"tag-norge","18":"tag-norway","19":"tag-nyheter","20":"tag-overskrifter","21":"tag-top-stories","22":"tag-topstories","23":"tag-verden","24":"tag-world","25":"tag-world-news","26":"tag-worldnews"},"share_on_mastodon":{"url":"https:\/\/pubeurope.com\/@no\/115867901146846434","error":""},"_links":{"self":[{"href":"https:\/\/www.europesays.com\/no\/wp-json\/wp\/v2\/posts\/133539","targetHints":{"allow":["GET"]}}],"collection":[{"href":"https:\/\/www.europesays.com\/no\/wp-json\/wp\/v2\/posts"}],"about":[{"href":"https:\/\/www.europesays.com\/no\/wp-json\/wp\/v2\/types\/post"}],"author":[{"embeddable":true,"href":"https:\/\/www.europesays.com\/no\/wp-json\/wp\/v2\/users\/2"}],"replies":[{"embeddable":true,"href":"https:\/\/www.europesays.com\/no\/wp-json\/wp\/v2\/comments?post=133539"}],"version-history":[{"count":0,"href":"https:\/\/www.europesays.com\/no\/wp-json\/wp\/v2\/posts\/133539\/revisions"}],"wp:featuredmedia":[{"embeddable":true,"href":"https:\/\/www.europesays.com\/no\/wp-json\/wp\/v2\/media\/133498"}],"wp:attachment":[{"href":"https:\/\/www.europesays.com\/no\/wp-json\/wp\/v2\/media?parent=133539"}],"wp:term":[{"taxonomy":"category","embeddable":true,"href":"https:\/\/www.europesays.com\/no\/wp-json\/wp\/v2\/categories?post=133539"},{"taxonomy":"post_tag","embeddable":true,"href":"https:\/\/www.europesays.com\/no\/wp-json\/wp\/v2\/tags?post=133539"}],"curies":[{"name":"wp","href":"https:\/\/api.w.org\/{rel}","templated":true}]}}