{"id":13354,"date":"2025-08-20T16:08:11","date_gmt":"2025-08-20T16:08:11","guid":{"rendered":"https:\/\/www.europesays.com\/no\/13354\/"},"modified":"2025-08-20T16:08:11","modified_gmt":"2025-08-20T16:08:11","slug":"viste-starten-pa-resident-evil-9","status":"publish","type":"post","link":"https:\/\/www.europesays.com\/no\/13354\/","title":{"rendered":"Viste starten p\u00e5 \u00abResident Evil 9\u00bb"},"content":{"rendered":"<p>(PressFire.no): Capcom viste mer fra det kommende\u00a0\u00abResident Evil 9\u00bb, eller \u00abResident Evil Requiem\u00bb, om du vil bruke den offisielle tittelen.<\/p>\n<p>I den nye traileren f\u00e5r vi se det som sannsynligvis er starten av spillet, der hovedfigur Grace Ashcroft og hennes mor Alica (som du spiller i \u00abResident Evil: Outbreak\u00bb) fors\u00f8ker \u00e5 r\u00f8mme fra et hotell.<\/p>\n<p>Spillet vil kunne spilles i b\u00e5de f\u00f8rste- og tredjepersons synsvinkel, og fokuset under utviklingen har v\u00e6rt \u00e5 lage et skikkelig horror-spill, sier Capcom.<\/p>\n<p>Lansering er 27. februar neste \u00e5r, bare dager f\u00f8r seriens 30-\u00e5rsfeiring. Spillet kommer til Xbox Series S\/X, PlayStation 5 og PC.<\/p>\n<p><iframe loading=\"lazy\" title=\"Resident Evil Requiem World Premiere Trailer | gamescom Opening Night Live 2025\" width=\"1200\" height=\"675\" src=\"https:\/\/www.youtube.com\/embed\/yh7TVa8yUf8?feature=oembed\" frameborder=\"0\" allow=\"accelerometer; autoplay; clipboard-write; encrypted-media; gyroscope; picture-in-picture; web-share\" referrerpolicy=\"strict-origin-when-cross-origin\" allowfullscreen><\/iframe><\/p>\n","protected":false},"excerpt":{"rendered":"(PressFire.no): Capcom viste mer fra det kommende\u00a0\u00abResident Evil 9\u00bb, eller \u00abResident Evil Requiem\u00bb, om du vil bruke den&hellip;\n","protected":false},"author":2,"featured_media":13355,"comment_status":"","ping_status":"","sticky":false,"template":"","format":"standard","meta":{"footnotes":""},"categories":[57],"tags":[30,28,29,65,63,64,66,70,69,67,68],"class_list":{"0":"post-13354","1":"post","2":"type-post","3":"status-publish","4":"format-standard","5":"has-post-thumbnail","7":"category-vitenskap-og-teknologi","8":"tag-no","9":"tag-norge","10":"tag-norway","11":"tag-science","12":"tag-science-and-technology","13":"tag-scienceandtechnology","14":"tag-technology","15":"tag-teknologi","16":"tag-vitenskap","17":"tag-vitenskap-og-teknologi","18":"tag-vitenskapteknologi"},"share_on_mastodon":{"url":"","error":""},"_links":{"self":[{"href":"https:\/\/www.europesays.com\/no\/wp-json\/wp\/v2\/posts\/13354","targetHints":{"allow":["GET"]}}],"collection":[{"href":"https:\/\/www.europesays.com\/no\/wp-json\/wp\/v2\/posts"}],"about":[{"href":"https:\/\/www.europesays.com\/no\/wp-json\/wp\/v2\/types\/post"}],"author":[{"embeddable":true,"href":"https:\/\/www.europesays.com\/no\/wp-json\/wp\/v2\/users\/2"}],"replies":[{"embeddable":true,"href":"https:\/\/www.europesays.com\/no\/wp-json\/wp\/v2\/comments?post=13354"}],"version-history":[{"count":0,"href":"https:\/\/www.europesays.com\/no\/wp-json\/wp\/v2\/posts\/13354\/revisions"}],"wp:featuredmedia":[{"embeddable":true,"href":"https:\/\/www.europesays.com\/no\/wp-json\/wp\/v2\/media\/13355"}],"wp:attachment":[{"href":"https:\/\/www.europesays.com\/no\/wp-json\/wp\/v2\/media?parent=13354"}],"wp:term":[{"taxonomy":"category","embeddable":true,"href":"https:\/\/www.europesays.com\/no\/wp-json\/wp\/v2\/categories?post=13354"},{"taxonomy":"post_tag","embeddable":true,"href":"https:\/\/www.europesays.com\/no\/wp-json\/wp\/v2\/tags?post=13354"}],"curies":[{"name":"wp","href":"https:\/\/api.w.org\/{rel}","templated":true}]}}