{"id":133556,"date":"2026-01-10T01:43:20","date_gmt":"2026-01-10T01:43:20","guid":{"rendered":"https:\/\/www.europesays.com\/no\/133556\/"},"modified":"2026-01-10T01:43:20","modified_gmt":"2026-01-10T01:43:20","slug":"elevene-lot-seg-ikke-stoppe-av-ekstremkulda-spilte-fotball-i-minus-40-nrk-sapmi","status":"publish","type":"post","link":"https:\/\/www.europesays.com\/no\/133556\/","title":{"rendered":"Elevene lot seg ikke stoppe av ekstrem\u00adkulda \u2013 spilte fotball i minus 40 \u2013 NRK S\u00e1pmi"},"content":{"rendered":"<p>\u2013 De aller fleste elevene valgte \u00e5 v\u00e6re inne, men vi har noen t\u00f8ffinger som ikke ser problemer med \u00e5 v\u00e6re ute i kortere perioder n\u00e5r det er s\u00e5 kaldt, sier enhetsleder ved Karasjok skole, Camilla H\u00e6tta.<\/p>\n<p><strong>Fredag morgen ble det m\u00e5lt minus 41,4 grader i Karasjok, den laveste temperaturen som er registrert p\u00e5 stedet siden 2017, if\u00f8lge Meteorologisk institutt. Utover dagen steg temperaturen noe, men klokken 16 var det fortsatt rundt minus 40 grader.<\/strong><\/p>\n<p>Midt i sprengkulda var det elever som valgte \u00e5 g\u00e5 ut og spille fotball i friminuttet.<\/p>\n<p>H\u00e6tta forklarer at Karasjok skole i utgangspunktet ikke opererer med en fast kuldegrense.<\/p>\n<p><strong>\u2013 V\u00e5r skole har ikke kuldegrense, dermed er elevene ute i friminuttene og leker i all slags v\u00e6r og temperaturer, sier hun.<\/strong><\/p>\n<p><img decoding=\"async\"   src=\"data:image\/gif;base64,R0lGODlhAQABAIAAAAAAAP\/\/\/yH5BAEAAAAALAAAAAABAAEAAAIBRAA7\" loading=\"eager\" alt=\"Rektor, Camilla H\u00e6tta\" title=\"Foto: J\u00f8rn \u00d8stby \/ NRK\"\/><\/p>\n<p class=\"\">Camilla H\u00e6tta, enhetsleder ved Karasjok skole, sier at noen elever fortsatt velger \u00e5 v\u00e6re ute i friminuttene, selv n\u00e5r temperaturen kryper ned mot minus 40 grader.<\/p>\n<p>Foto: J\u00f8rn \u00d8stby \/ NRK<\/p>\n<p>Under den p\u00e5g\u00e5ende sprengkulda har skolen likevel valgt \u00e5 gi elevene st\u00f8rre fleksibilitet.<\/p>\n<p>\u2013 De siste to dagene, n\u00e5r temperaturen har v\u00e6rt rundt minus 40 grader, har elevene f\u00e5tt velge om de vil g\u00e5 ut eller ikke i friminuttene, sier H\u00e6tta.<\/p>\n<p>Sikkerhet i fokus<\/p>\n<p>Skolen understreker at sikkerheten alltid kommer f\u00f8rst, ogs\u00e5 n\u00e5r noen elever \u00f8nsker \u00e5 v\u00e6re ute i ekstremkulde.<\/p>\n<p>\u2013 Elevene kan v\u00e6re inne, ha kortere friminutt, og vi arbeider for at elevene ikke skal bli st\u00e5ende og vente ute i skoleg\u00e5rden etter skoletid, sier H\u00e6tta.<\/p>\n<p><strong>Hun forteller at de elevene som valgte \u00e5 g\u00e5 ut, var godt kledd og under oppf\u00f8lging.<\/strong><\/p>\n<p>\u2013 De elevene som valgte det, tror jeg ikke hadde noen problemer med kulda. De var godt p\u00e5kledd.<\/p>\n<p>\nDin nettleser st\u00f8tter ikke innbygging av eksternt innhold\n<\/p>\n<p>\u2013 Stille v\u00e6r gir \u00absnillere\u00bb kulde<\/p>\n<p>Meteorologene forklarer at det er flere forhold som har bidratt til de ekstreme temperaturene i Karasjok.<\/p>\n<p>\u2013 Det er klarv\u00e6r, sv\u00e6rt lite vind og kald arktisk luft som har lagt seg stabilt over omr\u00e5det. Da str\u00e5ler varmen raskt ut, og temperaturen kan falle kraftig, forklarer Rune Skoglund, vakthavende meteorolog, til NRK.<\/p>\n<p><img decoding=\"async\"   src=\"data:image\/gif;base64,R0lGODlhAQABAIAAAAAAAP\/\/\/yH5BAEAAAAALAAAAAABAAEAAAIBRAA7\" loading=\"eager\" alt=\"Sn\u00f8v\u00e6r i Troms\u00f8\" title=\"Foto: Aurora Ytreberg Mel\u00f8e \/ Aurora Mel\u00f8e\"\/><\/p>\n<p class=\"\">Rune Skoglund, vakthavende meteorolog, forteller at sprengkulda vil holde seg i nord gjennom helga, f\u00f8r mildere v\u00e6r er ventet fra neste uke.<\/p>\n<p>Foto: Aurora Ytreberg Mel\u00f8e \/ Aurora Mel\u00f8e<\/p>\n<p>If\u00f8lge Skoglund kan temperatur alene gi et misvisende bilde av hvordan kulda oppleves.<\/p>\n<p><strong>\u2013 Minus 25 eller 30 grader kombinert med vind kan oppleves betydelig kaldere enn minus 40 i stille v\u00e6r. Det er en viktig forskjell, s\u00e6rlig for dem som jobber eller oppholder seg ute.<\/strong><\/p>\n<p><img decoding=\"async\"   src=\"data:image\/gif;base64,R0lGODlhAQABAIAAAAAAAP\/\/\/yH5BAEAAAAALAAAAAABAAEAAAIBRAA7\" loading=\"eager\" alt=\"En person er kledd i en tykk jakke, skjerf og lue, med sn\u00f8krystaller p\u00e5 kl\u00e6rne. Bakgrunnen viser m\u00f8rke omgivelser tydelig preget av vinter. Klokken viser 07:50. Bildet formidler en kald vintermorgen. (Bildebeskrivelsen er laget av en KI-tjeneste)\" title=\"Foto: Else R. Turi \/ NRK\"\/><\/p>\n<p class=\"\">Slik s\u00e5 en NRKs ansatte ut etter g\u00e5turen til jobb, til NRK S\u00e1pmis kontor i Karasjok. G\u00e5turen tok cirka 15 minutter.<\/p>\n<p>Foto: Else R. Turi \/ NRK<\/p>\n<p>Kulda ventes \u00e5 holde seg gjennom helga, med temperaturer godt under 30 minusgrader ogs\u00e5 l\u00f8rdag og s\u00f8ndag.<\/p>\n<p>F\u00f8rst natt til mandag er det ventet at temperaturen begynner \u00e5 stige, mot mer levelige minus 15 grader, i f\u00f8lge Skoglund.<\/p>\n<p>    \u2190<\/p>\n<ul data-scroll-container=\"\" role=\"list\" aria-label=\"Bildegalleri\">\n<li><img alt=\"Bildet viser v\u00e6rmeldingen for K\u00e1r\u00e1\u0161johka kl. 16:00. Temperaturen er -40 grader Celsius, med en f\u00f8lelse av -48 grader. Det er delvis skyet p\u00e5 ettermiddagen med klart v\u00e6r om kvelden. Det er ingen nedb\u00f8r de neste 90 minuttene. (Bildebeskrivelsen er laget av en KI-tjeneste)\"  width=\"3840\" height=\"6824\" loading=\"lazy\"\/><\/li>\n<li><img alt=\"V\u00e6rmeldingen for 9. januar viser temperaturer fra -40C til -39C gjennom dagen. Det er meldt lite nedb\u00f8r og svak vind p\u00e5 opptil 2 m\/s. M\u00e5nen er synlig fra kvelden, og solen stiger ikke over horisonten. Ingen spesifikke v\u00e6rfenomener er nevnt. (Bildebeskrivelsen er laget av en KI-tjeneste)\"  width=\"3840\" height=\"6823\" loading=\"lazy\"\/><\/li>\n<\/ul>\n<p>\u2192<\/p>\n<p>V\u00e6r for resten av landet<\/p>\n<p>Det ikke bare nord i landet som merker vinteren. Flere steder i landet nyter folk nytr\u00e5kkede skil\u00f8yper, men allerede over helgen kan disse forsvinne.<\/p>\n<p><strong>I S\u00f8r-Norge og \u00d8stlandet og helt nord til Innlandet vil mange omr\u00e5der komme opp i plussgrader allerede rett over helga. Det betyr at sn\u00f8en kan smelte enkelte steder, og at temperaturene blir langt mer moderate enn i nord.<\/strong><\/p>\n<p>\u2013 I s\u00f8rlige deler av landet kommer det plussgrader rett over helga og kanskje allerede s\u00f8ndag, sier Skoglund.<\/p>\n<p><strong>I resten av landet vil det alts\u00e5 v\u00e6re mildere v\u00e6r og mindre ekstremkulde enn i indre Finnmark den kommende uka.<\/strong><\/p>\n<p>Publisert<\/p>\n<p>09.01.2026, kl. 16.53<\/p>\n<p>Oppdatert<\/p>\n<p>09.01.2026, kl. 17.03<\/p>\n","protected":false},"excerpt":{"rendered":"\u2013 De aller fleste elevene valgte \u00e5 v\u00e6re inne, men vi har noen t\u00f8ffinger som ikke ser problemer&hellip;\n","protected":false},"author":2,"featured_media":133557,"comment_status":"","ping_status":"","sticky":false,"template":"","format":"standard","meta":{"footnotes":""},"categories":[10],"tags":[20,21,24,25,15,22,23,13,30,28,29,14,16,26,27],"class_list":{"0":"post-133556","1":"post","2":"type-post","3":"status-publish","4":"format-standard","5":"has-post-thumbnail","7":"category-norge","8":"tag-breaking-news","9":"tag-breakingnews","10":"tag-featured-news","11":"tag-featurednews","12":"tag-headlines","13":"tag-latest-news","14":"tag-latestnews","15":"tag-news","16":"tag-no","17":"tag-norge","18":"tag-norway","19":"tag-nyheter","20":"tag-overskrifter","21":"tag-top-stories","22":"tag-topstories"},"share_on_mastodon":{"url":"https:\/\/pubeurope.com\/@no\/115868270779289526","error":""},"_links":{"self":[{"href":"https:\/\/www.europesays.com\/no\/wp-json\/wp\/v2\/posts\/133556","targetHints":{"allow":["GET"]}}],"collection":[{"href":"https:\/\/www.europesays.com\/no\/wp-json\/wp\/v2\/posts"}],"about":[{"href":"https:\/\/www.europesays.com\/no\/wp-json\/wp\/v2\/types\/post"}],"author":[{"embeddable":true,"href":"https:\/\/www.europesays.com\/no\/wp-json\/wp\/v2\/users\/2"}],"replies":[{"embeddable":true,"href":"https:\/\/www.europesays.com\/no\/wp-json\/wp\/v2\/comments?post=133556"}],"version-history":[{"count":0,"href":"https:\/\/www.europesays.com\/no\/wp-json\/wp\/v2\/posts\/133556\/revisions"}],"wp:featuredmedia":[{"embeddable":true,"href":"https:\/\/www.europesays.com\/no\/wp-json\/wp\/v2\/media\/133557"}],"wp:attachment":[{"href":"https:\/\/www.europesays.com\/no\/wp-json\/wp\/v2\/media?parent=133556"}],"wp:term":[{"taxonomy":"category","embeddable":true,"href":"https:\/\/www.europesays.com\/no\/wp-json\/wp\/v2\/categories?post=133556"},{"taxonomy":"post_tag","embeddable":true,"href":"https:\/\/www.europesays.com\/no\/wp-json\/wp\/v2\/tags?post=133556"}],"curies":[{"name":"wp","href":"https:\/\/api.w.org\/{rel}","templated":true}]}}