{"id":133559,"date":"2026-01-10T01:50:09","date_gmt":"2026-01-10T01:50:09","guid":{"rendered":"https:\/\/www.europesays.com\/no\/133559\/"},"modified":"2026-01-10T01:50:09","modified_gmt":"2026-01-10T01:50:09","slug":"okende-kritikk-hun-ma-fjernes","status":"publish","type":"post","link":"https:\/\/www.europesays.com\/no\/133559\/","title":{"rendered":"\u00d8kende kritikk: &#8211; Hun m\u00e5 fjernes"},"content":{"rendered":"<p class=\"kicker \" style=\"\">Kristi Noem<\/p>\n<p>    USAs sikkerhetsminister Kristi Noem er under \u00f8kende press etter ICE-skytingen i Minneapolis. Flere demokrater tar n\u00e5 til orde for riksrett.<\/p>\n<p>\n    UNDER PRESS: USAs sikkerhetsminister Kristi Noem. Foto: David Dee Delgado \/ Reuters \/ NTB\n  <\/p>\n<p> Hun er USAs sikkerhetsminister, leder for Department of Homeland Security (DHS) og \u00f8verste ansvarlige for de mye omtalte ICE-agentene. De siste dagene har Kristi Noem figurert mye i nyhetsbildet i forbindelse med skytingen i Minneapolis. <\/p>\n<p> Noem har v\u00e6rt en av Trumps frontfigurer i den omfattende deportasjonsoperasjonen administrasjonen har iverksatt siden han tiltr\u00e5dte som president.\u00a0<\/p>\n<p> Etter skytingen av 37 \u00e5r gamle Renee Good i Minneapolis hevdet Noem raskt at Good hadde fors\u00f8kt \u00e5 kj\u00f8re over ICE-agentene, og beskrev hendelsen som en terrorhandling der agenten handlet i selvforsvar. <\/p>\n<p>        MINNEAPOLIS: Det har blitt publisert et nytt opptak fra ICE-skytingen i Minneapolis onsdag 7. januar, som skal v\u00e6re filmet med ICE-agentens mobilkamera. Video: Alpha News. Reporter: Trond Markus Gravdal<\/p>\n<p>Kritikken mot Noem har lenge v\u00e6rt betydelig, s\u00e6rlig fra venstresiden, men etter denne ukas hendelser har misn\u00f8yen med Noem og DHS ytterligere tiltatt. Flere mener Noems konklusjoner har v\u00e6rt feilaktige og forhastede og at hennes ledelse av DHS ikke har v\u00e6rt god nok.\u00a0<\/p>\n<p>&#8211; Det er et \u00f8kende press for gransking og potensielt riksrett mot sikkerhetsminister Noem etter marerittet i Minneapolis, sier den ledende demokraten i Representantenes hus\u2019 justiskomit\u00e9, Jamie Raskin, if\u00f8lge Axios.<\/p>\n<p>    <a itemprop=\"url\" href=\"https:\/\/www.dagbladet.no\/nyheter\/renee-var-ei-solstrale\/84079782\" rel=\"nofollow noopener\" target=\"_blank\"><\/p>\n<p>        <img loading=\"lazy\" decoding=\"async\" src=\"https:\/\/www.europesays.com\/no\/wp-content\/uploads\/2026\/01\/84079811.webp.webp\" width=\"980\" height=\"441\" title=\"- Renee var ei solstr\u00e5le\" alt=\"\" class=\"lazyload\" style=\"--aspect-ratio-image: 2.22; \"\/><\/p>\n<p>        &#8211; Renee var ei solstr\u00e5le<\/p>\n<p>    <\/a><\/p>\n<p> Et flertall for \u00e5 stille Noem for riksrett er imidlertid lite sannsynlig p\u00e5 n\u00e5v\u00e6rende tidspunkt. Likevel sier minoritetsleder i Representantenes hus, Hakeem Jeffries, at han ikke har utelukket det dersom demokratene vinner tilbake flertallet etter mellomvalget. <\/p>\n<p>&#8211; Det som er klart for meg, er at Kristi Noem er dypt ukvalifisert, dypt useri\u00f8s og sv\u00e6rt farlig.\u00a0Hun er en fullstendig skandale. Hun burde aldri ha blitt godkjent av Senatet til \u00e5 inneha denne stillingen, sa Jeffries til MS Now. <\/p>\n<p>        <img loading=\"lazy\" decoding=\"async\" src=\"https:\/\/www.europesays.com\/no\/wp-content\/uploads\/2026\/01\/84080438.webp.webp\" width=\"980\" height=\"559\" title=\"LOJAL TIL TRUMP: Sikkerhetsminister Noem sammen med president Donald Trump. Foto: Jim WATSON \/ AFP \/ NTB\" alt=\"\" class=\"\" style=\"--aspect-ratio-image: 1.75; \"\/><\/p>\n<p>\n        LOJAL TIL TRUMP: Sikkerhetsminister Noem sammen med president Donald Trump. Foto: Jim WATSON \/ AFP \/ NTB\n    <\/p>\n<p> Representant Brad Schneider fra Illinois sa i en uttalelse fredag at hvis Noem ikke blir fjernet etter skytingen, kan han komme til \u00e5 st\u00f8tte riksrett. <\/p>\n<p>&#8211; Noem m\u00e5 g\u00e5 av eller fjernes fra embetet. Hvis president Trump nekter \u00e5 handle, er jeg forberedt p\u00e5 \u00e5 st\u00f8tte kongressens tiltak, helt opp til og inkludert riksrett, for \u00e5 sikre ansvarliggj\u00f8ring, sa Schneider if\u00f8lge Axios. <\/p>\n<p>    <a itemprop=\"url\" href=\"https:\/\/www.dagbladet.no\/nyheter\/vi-er-under-angrep\/84074660\" rel=\"nofollow noopener\" target=\"_blank\"><\/p>\n<p>        <img loading=\"lazy\" decoding=\"async\" src=\"https:\/\/www.europesays.com\/no\/wp-content\/uploads\/2026\/01\/1768009809_171_84074782.webp.webp\" width=\"980\" height=\"441\" title=\"- Vi er under angrep\" alt=\"\" class=\"lazyload\" style=\"--aspect-ratio-image: 2.22; \"\/><\/p>\n<p>        &#8211; Vi er under angrep<\/p>\n<p>    <\/a><\/p>\n<p> Flere andre demokrater har ogs\u00e5 tatt til orde for riksrett direkte, blant dem representantene Betty McCollum, Sean Casten, Sarah McBride, Jahana Hayes og Emily Randall.<\/p>\n<p>&#8211; Kristi Noems lovl\u00f8se agenter er ute av kontroll. Vi kan ikke ha l\u00f8pske statlige etater som dreper sine egne innbyggere i lokalsamfunnene v\u00e5re. Nok er nok, sier sistnevnte Randall til <a href=\"https:\/\/www.kuow.org\/stories\/enough-is-enough-wa-congressmwoman-pushes-to-impeach-kristi-noem\" rel=\"nofollow noopener\" target=\"_blank\">KUOW<\/a>.<\/p>\n<p> Enkelte demokrater \u00f8nsker imidlertid en etterforskning f\u00f8r de vil konkludere med hvorvidt ministeren skal stilles for riksrett. <\/p>\n<p>&#8211; Riksrett er en alvorlig prosess, s\u00e5 vi m\u00e5 s\u00f8rge for \u00e5 behandle den deretter. I slike prosesser b\u00f8r det v\u00e6re h\u00f8ringer og en grundig etterforskning, sier kongressrepresentant John Mannion fra New York. <\/p>\n","protected":false},"excerpt":{"rendered":"Kristi Noem USAs sikkerhetsminister Kristi Noem er under \u00f8kende press etter ICE-skytingen i Minneapolis. Flere demokrater tar n\u00e5&hellip;\n","protected":false},"author":2,"featured_media":133560,"comment_status":"","ping_status":"","sticky":false,"template":"","format":"standard","meta":{"footnotes":""},"categories":[12],"tags":[20,21,24,25,15,8961,22,23,13,30,28,29,14,16,26,27,50,412,42,43,44,45],"class_list":{"0":"post-133559","1":"post","2":"type-post","3":"status-publish","4":"format-standard","5":"has-post-thumbnail","7":"category-verden","8":"tag-breaking-news","9":"tag-breakingnews","10":"tag-featured-news","11":"tag-featurednews","12":"tag-headlines","13":"tag-kristi-noem","14":"tag-latest-news","15":"tag-latestnews","16":"tag-news","17":"tag-no","18":"tag-norge","19":"tag-norway","20":"tag-nyheter","21":"tag-overskrifter","22":"tag-top-stories","23":"tag-topstories","24":"tag-usa","25":"tag-utenriks","26":"tag-verden","27":"tag-world","28":"tag-world-news","29":"tag-worldnews"},"share_on_mastodon":{"url":"https:\/\/pubeurope.com\/@no\/115868298336042102","error":""},"_links":{"self":[{"href":"https:\/\/www.europesays.com\/no\/wp-json\/wp\/v2\/posts\/133559","targetHints":{"allow":["GET"]}}],"collection":[{"href":"https:\/\/www.europesays.com\/no\/wp-json\/wp\/v2\/posts"}],"about":[{"href":"https:\/\/www.europesays.com\/no\/wp-json\/wp\/v2\/types\/post"}],"author":[{"embeddable":true,"href":"https:\/\/www.europesays.com\/no\/wp-json\/wp\/v2\/users\/2"}],"replies":[{"embeddable":true,"href":"https:\/\/www.europesays.com\/no\/wp-json\/wp\/v2\/comments?post=133559"}],"version-history":[{"count":0,"href":"https:\/\/www.europesays.com\/no\/wp-json\/wp\/v2\/posts\/133559\/revisions"}],"wp:featuredmedia":[{"embeddable":true,"href":"https:\/\/www.europesays.com\/no\/wp-json\/wp\/v2\/media\/133560"}],"wp:attachment":[{"href":"https:\/\/www.europesays.com\/no\/wp-json\/wp\/v2\/media?parent=133559"}],"wp:term":[{"taxonomy":"category","embeddable":true,"href":"https:\/\/www.europesays.com\/no\/wp-json\/wp\/v2\/categories?post=133559"},{"taxonomy":"post_tag","embeddable":true,"href":"https:\/\/www.europesays.com\/no\/wp-json\/wp\/v2\/tags?post=133559"}],"curies":[{"name":"wp","href":"https:\/\/api.w.org\/{rel}","templated":true}]}}