{"id":133561,"date":"2026-01-10T01:51:23","date_gmt":"2026-01-10T01:51:23","guid":{"rendered":"https:\/\/www.europesays.com\/no\/133561\/"},"modified":"2026-01-10T01:51:23","modified_gmt":"2026-01-10T01:51:23","slug":"meteorologen-kommer-med-klar-oppfordring-fvn-no","status":"publish","type":"post","link":"https:\/\/www.europesays.com\/no\/133561\/","title":{"rendered":"(+) Meteorologen kommer med klar oppfordring &#8211; fvn.no"},"content":{"rendered":"<ol>\n<li><a href=\"https:\/\/news.google.com\/rss\/articles\/CBMif0FVX3lxTE1BQXVTMEw0VWNON3FpNTFzWmZWZ1pDVGxhVWFnVUN2c1pnRU9EbGZDNUlyN25mUkJaZ1JPbENQdVZDaDVPZGtibS1seFZIV1NOUmVFX3IxTmt3UmVPdmFtOVFGX2NkUDdnek9uanhBNDA3bS1MdWZvSnJKclhfaXc?oc=5\" target=\"_blank\" rel=\"nofollow noopener\">(+) Meteorologen kommer med klar oppfordring<\/a>&nbsp;&nbsp;fvn.no<\/li>\n<li><a href=\"https:\/\/news.google.com\/rss\/articles\/CBMikwFBVV95cUxOUnM5SENuOExmbXl6ZkktNk9WYi1MS3hPNHZIbVkyQmdLd2NFd3QyVjZ0aEZsQk5MclNvOHB1c3dDT2c2OV9Hdk1EUENIMmpHaUh4Nk1iYzVZeV92RktYWGtIWEdBU2l3RUhyYjl4b1o1Nm8tSlF3YTdYZk0wRFB3Yk54ZjkxTXp0R0VVTzQxSDl3THc?oc=5\" target=\"_blank\" rel=\"nofollow noopener\">Kan bli rundt 15 minusgrader i helgen \u2013 s\u00e5 skjer det noe<\/a>&nbsp;&nbsp;Hamar Arbeiderblad<\/li>\n<li><a href=\"https:\/\/news.google.com\/rss\/articles\/CBMiqgFBVV95cUxNWHlfQU1iX3Y1SmhsUnE3bU5EZWxENXpBTkdmd2xQNWdoR3VMWWpXSmdsZWNoRktSMmZXX2syb3hiZV9zTk9DLVREX0dsT0dtWk8yOXEwdklKQXowZUl5bi1VTUcySUFWdFY3cUdfa3hVZUh2RmtDVlFuVV9VOXJ4WlpudVAydXhacHdpV09tR2Ftbm92UV9JbHZtX2Q5M1Yta2VDaHEzakhiQQ?oc=5\" target=\"_blank\" rel=\"nofollow noopener\">V\u00e6ret, Tvedestrand | En str\u00e5lende helg med kaldv\u00e6r og sol \u2013 s\u00e5 kommer det mye sn\u00f8<\/a>&nbsp;&nbsp;Tvedestrandsposten<\/li>\n<li><a href=\"https:\/\/news.google.com\/rss\/articles\/CBMiiwFBVV95cUxOR0xOWHBWUUtYOFh3Mm1Ra01aQi1GZTFibTVudFdJdkNqcENfSnV1VFJqS29GTWZ5OVNnQlBUZ1RSc0gzdW80MURyd3pmVF84VndtbTVvSC1rWWRNRElMQWNrdF9IZnVybHlKMi10OHRqZWtwTDExY1RXNDR3cl9KcFFlbHhFOHRZVGxj?oc=5\" target=\"_blank\" rel=\"nofollow noopener\">V\u00e6r, Larvik | Anbefaler \u00e5 ta det med en gang: \u2013 Kan bli veldig tung<\/a>&nbsp;&nbsp;\u00d8stlands-Posten<\/li>\n<li><a href=\"https:\/\/news.google.com\/rss\/articles\/CBMimAFBVV95cUxQR3FEU1JZb3d3VDAwRjNacDBCellzX0JjSF8xbF9aeTRvLU96YU9EalVpTVY4ZHNaR0kzY2RiWllSdElLT0lxUDJKXzdrWWphYktsemRiSHFfU19hSDhTbEtUNExFekExOWVQVWRCTmZ1QUU4ZFVPVkQ3VTQtbC1vanhRREp3ZHNKbzlwNUxlb1FyOFZJTTFRYg?oc=5\" target=\"_blank\" rel=\"nofollow noopener\">Stort v\u00e6rskifte p\u00e5 vei: \u2013 Ikke s\u00e5 artig<\/a>&nbsp;&nbsp;Klikk.no<\/li>\n<\/ol>\n","protected":false},"excerpt":{"rendered":"(+) Meteorologen kommer med klar oppfordring&nbsp;&nbsp;fvn.no Kan bli rundt 15 minusgrader i helgen \u2013 s\u00e5 skjer det noe&nbsp;&nbsp;Hamar&hellip;\n","protected":false},"author":2,"featured_media":133562,"comment_status":"","ping_status":"","sticky":false,"template":"","format":"standard","meta":{"footnotes":""},"categories":[10],"tags":[20,21,24,25,15,22,23,13,30,28,29,14,16,26,27],"class_list":{"0":"post-133561","1":"post","2":"type-post","3":"status-publish","4":"format-standard","5":"has-post-thumbnail","7":"category-norge","8":"tag-breaking-news","9":"tag-breakingnews","10":"tag-featured-news","11":"tag-featurednews","12":"tag-headlines","13":"tag-latest-news","14":"tag-latestnews","15":"tag-news","16":"tag-no","17":"tag-norge","18":"tag-norway","19":"tag-nyheter","20":"tag-overskrifter","21":"tag-top-stories","22":"tag-topstories"},"share_on_mastodon":{"url":"https:\/\/pubeurope.com\/@no\/115868302207245797","error":""},"_links":{"self":[{"href":"https:\/\/www.europesays.com\/no\/wp-json\/wp\/v2\/posts\/133561","targetHints":{"allow":["GET"]}}],"collection":[{"href":"https:\/\/www.europesays.com\/no\/wp-json\/wp\/v2\/posts"}],"about":[{"href":"https:\/\/www.europesays.com\/no\/wp-json\/wp\/v2\/types\/post"}],"author":[{"embeddable":true,"href":"https:\/\/www.europesays.com\/no\/wp-json\/wp\/v2\/users\/2"}],"replies":[{"embeddable":true,"href":"https:\/\/www.europesays.com\/no\/wp-json\/wp\/v2\/comments?post=133561"}],"version-history":[{"count":0,"href":"https:\/\/www.europesays.com\/no\/wp-json\/wp\/v2\/posts\/133561\/revisions"}],"wp:featuredmedia":[{"embeddable":true,"href":"https:\/\/www.europesays.com\/no\/wp-json\/wp\/v2\/media\/133562"}],"wp:attachment":[{"href":"https:\/\/www.europesays.com\/no\/wp-json\/wp\/v2\/media?parent=133561"}],"wp:term":[{"taxonomy":"category","embeddable":true,"href":"https:\/\/www.europesays.com\/no\/wp-json\/wp\/v2\/categories?post=133561"},{"taxonomy":"post_tag","embeddable":true,"href":"https:\/\/www.europesays.com\/no\/wp-json\/wp\/v2\/tags?post=133561"}],"curies":[{"name":"wp","href":"https:\/\/api.w.org\/{rel}","templated":true}]}}