{"id":133581,"date":"2026-01-10T04:27:09","date_gmt":"2026-01-10T04:27:09","guid":{"rendered":"https:\/\/www.europesays.com\/no\/133581\/"},"modified":"2026-01-10T04:27:09","modified_gmt":"2026-01-10T04:27:09","slug":"na-begynner-det-a-bli-tynt","status":"publish","type":"post","link":"https:\/\/www.europesays.com\/no\/133581\/","title":{"rendered":"\u2013 N\u00e5 begynner det \u00e5 bli tynt"},"content":{"rendered":"\n<p class=\"_lead_o9xde_2 _lead_xtcu6_50 layout-component text-serif-m layout-normal text-serif-l layout-component layout-wide layout-padded _wide_17hqh_1 layout-padded\">Med et halvt \u00e5r igjen til VM st\u00e5r flere landslagsprofiler med usikker klubbfremtid. Landslagssjefen mener minst to spillere m\u00e5 foreta seg noe. <\/p>\n<p><img alt=\"\u00d8rjan Nyland og J\u00f8rgen Strand Larsen under feiringen av VM-plassen i november.  Foto: Jonas Been Henriksen \/ NTB\" class=\"_image_qp4xg_65 layout-component layout-wide\" data-fullscreen- data-track-element-type=\"Article image fullscreen\" data-track-name=\"ImageFullscreen\" fetchpriority=\"high\" decoding=\"sync\" loading=\"eager\" height=\"2818\" itemprop=\"image\"  src=\"https:\/\/www.europesays.com\/no\/wp-content\/uploads\/2026\/01\/083b3359-720b-42a0-9426-3fcd6e197584.png\"  style=\"object-position:0% 0%\" width=\"4228\"\/>\u00d8rjan Nyland og J\u00f8rgen Strand Larsen under feiringen av VM-plassen i november.  Foto: Jonas Been Henriksen \/ NTB<\/p>\n<ul aria-hidden=\"true\" class=\"_images_ntbth_112\">\n<li><a class=\"_link_ntbth_117\" href=\"https:\/\/www.vg.no\/forfatter\/steffen-stenersen\" style=\"z-index:1\" title=\"Steffen Stenersen\" rel=\"nofollow noopener\" target=\"_blank\"><img alt=\"Bilde av Steffen Stenersen\" class=\"_image_ntbth_93\" fetchpriority=\"low\" loading=\"lazy\" decoding=\"async\" itemprop=\"image\"  src=\"https:\/\/www.europesays.com\/no\/wp-content\/uploads\/2026\/01\/1768019228_643_53060b84-6e6f-4eee-9b23-952f524bbbf0.jpeg\"  width=\"480\"\/><\/a><\/li>\n<\/ul>\n<p> Oppdatert l\u00f8rdag 10. januar kl. 04:41     <\/p>\n<p class=\"_paragraph_o9xde_4 _paragraph_xtcu6_10 layout-component text-serif-m layout-normal text-serif-m layout-padded\">I mai skal St\u00e5le Solbakken ta ut troppen til Norges f\u00f8rste fotball-VM p\u00e5 28 \u00e5r. <\/p>\n<p class=\"_paragraph_o9xde_4 _paragraph_xtcu6_10 layout-component text-serif-m layout-normal text-serif-m layout-padded\">Skal du bytte klubb f\u00f8r den tid, m\u00e5 det gj\u00f8res i l\u00f8pet av januar. <\/p>\n<p class=\"_paragraph_o9xde_4 _paragraph_xtcu6_10 layout-component text-serif-m layout-normal text-serif-m layout-padded\">Det er det flere norske fotballprofiler som vurderer. Keeper <strong class=\"_strong_o9xde_25\">\u00d8rjan H\u00e5skjold Nyland <\/strong>er blant dem som er i en kinkig situasjon. Han har ikke spilt en seriekamp for Sevilla siden 12. september, etter det har han m\u00e5ttet n\u00f8ye seg med to cupoppgj\u00f8r mot svak motstand.<\/p>\n<p class=\"_paragraph_o9xde_4 _paragraph_xtcu6_10 layout-component text-serif-m layout-normal text-serif-m layout-padded\">\u2013 Det er soleklart at \u00d8rjan er i en vanskelig posisjon og er n\u00f8dt til \u00e5 gj\u00f8re noe med den, sier landslagssjef St\u00e5le Solbakken til VG. <\/p>\n<p><img decoding=\"async\" alt=\"Bilde av \u00d8rjan H\u00e5skjold Nyland\" class=\"_image_ygndg_42\" height=\"60\" itemprop=\"image\" loading=\"lazy\"  src=\"https:\/\/www.europesays.com\/no\/wp-content\/uploads\/2026\/01\/a6b6a43a-b596-42f7-8af9-32e2c0d344e7.png\"  width=\"40\"\/><strong class=\"_name_ygndg_51 title-serif-xs\">\u00d8rjan H\u00e5skjold Nyland<\/strong><\/p>\n<p class=\"_paragraph_o9xde_4 _paragraph_xtcu6_10 layout-component text-serif-m layout-normal text-serif-m layout-padded\">\u2013 S\u00e5 sier det seg selv at <strong class=\"_strong_o9xde_25\">(Andreas) Schjelderup<\/strong> ikke er den som er mest p\u00e5 banen, og at Benfica og han har en dialog om hva som skal skje videre. <\/p>\n<p class=\"_paragraph_o9xde_4 _paragraph_xtcu6_10 layout-component text-serif-m layout-normal text-serif-m layout-padded\">Slik starter landslagssjefen da vi sp\u00f8r hvordan han ser p\u00e5 landslagsspillerne sine inn i overgangsvinduet. <\/p>\n<p class=\"_paragraph_o9xde_4 _paragraph_xtcu6_10 layout-component text-serif-m layout-normal text-serif-m layout-padded\">Vi skal oppsummere situasjonen til flere norske landslagsspillere lenger ned i teksten, men f\u00f8rst utdyper Solbakken hva han tenker om situasjonen til sin f\u00f8rstekeeper. <\/p>\n<p class=\"_paragraph_o9xde_4 _paragraph_xtcu6_10 layout-component text-serif-m layout-normal text-serif-m layout-padded\">\u2013 Jeg snakket med \u00d8rjan senest for et par dager siden. Han er en mye bedre keeper n\u00e5r han st\u00e5r kamper enn n\u00e5r han ikke gj\u00f8r det. Jeg sa p\u00e5 de samlingene at han ville klare \u00e5 komme seg gjennom h\u00f8sten. N\u00e5 begynner det \u00e5 bli tynt. Det er veldig viktig for oss at han kommer seg til en klubb hvor han f\u00e5r st\u00e5. Han virker langt unna det i Sevilla n\u00e5. <\/p>\n<p class=\"_paragraph_o9xde_4 _paragraph_xtcu6_10 layout-component text-serif-m layout-normal text-serif-m layout-padded\">\u2013 Er du trygg p\u00e5 at det kommer til \u00e5 skje? <\/p>\n<p class=\"_paragraph_o9xde_4 _paragraph_xtcu6_10 layout-component text-serif-m layout-normal text-serif-m layout-padded\">\u2013 Trygg kan man jo aldri v\u00e6re, men jeg er trygg p\u00e5 at han tenker det samme som meg, sier Solbakken. <\/p>\n<p class=\"_paragraph_o9xde_4 _paragraph_xtcu6_10 layout-component text-serif-m layout-normal text-serif-m layout-padded\">Her er noen av de andre mer usikre kortene i januarvinduet fra landslaget: <\/p>\n<p><img decoding=\"async\" alt=\"Bilde av Andreas Schjelderup \" class=\"_image_ygndg_42\" height=\"50\" itemprop=\"image\" loading=\"lazy\"  src=\"https:\/\/www.europesays.com\/no\/wp-content\/uploads\/2026\/01\/5bc52668-4af6-49ca-90f7-79a25c7248ce.jpeg\"  width=\"40\"\/><strong class=\"_name_ygndg_51 title-serif-xs\">Andreas Schjelderup <\/strong><\/p>\n<p class=\"_paragraph_o9xde_4 _paragraph_xtcu6_10 layout-component text-serif-m layout-normal text-serif-m layout-padded\">Virker \u00e5 v\u00e6re helt ute i kulden hos Jos\u00e9 Mourinho og vil etter alt \u00e5 d\u00f8mme bytte klubb. Mye tyder p\u00e5 at Serie A og Parma blir neste stoppested. Den italienske journalisten Gianluca DiMarzio melder at det er positive samtaler med Parma og at det n\u00e6rmer seg en overgang. <\/p>\n<p><img decoding=\"async\" alt=\"Bilde av David M\u00f8ller Wolfe \" class=\"_image_ygndg_42\" height=\"27\" itemprop=\"image\" loading=\"lazy\"  src=\"https:\/\/www.europesays.com\/no\/wp-content\/uploads\/2026\/01\/c2121ec6-510a-430a-95f2-1773802ab664.jpeg\"  width=\"40\"\/><strong class=\"_name_ygndg_51 title-serif-xs\">David M\u00f8ller Wolfe <\/strong><\/p>\n<p class=\"_paragraph_o9xde_4 _paragraph_xtcu6_10 layout-component text-serif-m layout-normal text-serif-m layout-padded\">Kom til Wolverhampton i fjor sommer og har f\u00e5tt jevnlig med spilletid, men heller ikke mer enn det. Er antakelig veldig usikker p\u00e5 hva som er riktig \u00e5 gj\u00f8re for \u00e5 beholde nok spilletid inn mot sommerens VM. Etter det VG kjenner til kan b\u00e5de italienske og engelske klubber v\u00e6re interesserte.<\/p>\n<p class=\"_paragraph_o9xde_4 _paragraph_xtcu6_10 layout-component text-serif-m layout-normal text-serif-m layout-padded\">Det er grunn til \u00e5 tro at en eventuell overgang for Wolfe vil komme sent i vinduet, for \u00e5 se an situasjonen lengst mulig. <\/p>\n<p><img decoding=\"async\" alt=\"Bilde av J\u00f8rgen Strand Larsen \" class=\"_image_ygndg_42\" height=\"27\" itemprop=\"image\" loading=\"lazy\"  src=\"https:\/\/www.europesays.com\/no\/wp-content\/uploads\/2026\/01\/d6a241af-6deb-42e2-b906-9199bf20c400.jpeg\"  width=\"40\"\/><strong class=\"_name_ygndg_51 title-serif-xs\">J\u00f8rgen Strand Larsen <\/strong><\/p>\n<p class=\"_paragraph_o9xde_4 _paragraph_xtcu6_10 layout-component text-serif-m layout-normal text-serif-m layout-padded\">Var n\u00e6r gigantovergang til Newcastle i sommer, men ble v\u00e6rende. N\u00e5 linkes han igjen til en rekke klubber. West Ham, som har v\u00e6rt hyppigst oppe, er trolig ikke aktuelt. Men en overgang for Strand Larsen er sannsynlig. <\/p>\n<p><img decoding=\"async\" alt=\"Bilde av Oscar Bobb \" class=\"_image_ygndg_42\" height=\"27\" itemprop=\"image\" loading=\"lazy\"  src=\"https:\/\/www.europesays.com\/no\/wp-content\/uploads\/2026\/01\/ab736e28-9af1-4884-a679-a34669737ef9.jpeg\"  width=\"40\"\/><strong class=\"_name_ygndg_51 title-serif-xs\">Oscar Bobb <\/strong><\/p>\n<p class=\"_paragraph_o9xde_4 _paragraph_xtcu6_10 layout-component text-serif-m layout-normal text-serif-m layout-padded\">Med Antoine Semenyo inn porten p\u00e5 Etihad er Bobb skj\u00f8vet lengre bak i kulda. Startet med mye spilletid i starten av sesongen, men b\u00e5de skader og vraking har gjort at plassen hans i City ikke ser lys ut. Borussia Dortmund kan v\u00e6re neste stoppested. N\u00e5 har ikke Bobb trent med City p\u00e5 snart \u00e9n m\u00e5ned, if\u00f8lge Pep Guardiola. <\/p>\n<p class=\"_paragraph_o9xde_4 _paragraph_xtcu6_10 layout-component text-serif-m layout-normal text-serif-m layout-padded\"><strong class=\"_strong_o9xde_25\">Men i Solbakkens foretrukne ellever ser situasjonen stort sett lys ut: <\/strong><\/p>\n<ul class=\"_list_o9xde_3 _list_xtcu6_9 _unordered_o9xde_106 layout-component text-serif-m layout-normal text-serif-m layout-padded\">\n<li class=\"_item_o9xde_30\"><strong class=\"_strong_o9xde_25\">Torbj\u00f8rn Heggem<\/strong> spiller fast for Bologna, mens <strong class=\"_strong_o9xde_25\">Kristoffer Ajer <\/strong>har startet de siste fire ligakampene som midtstopper i firebackslinje for Brentford. <\/li>\n<\/ul>\n<p><img decoding=\"async\" alt=\"Bilde av Torbj\u00f8rn Heggem\" class=\"_image_ygndg_42\" height=\"60\" itemprop=\"image\" loading=\"lazy\"  src=\"https:\/\/www.europesays.com\/no\/wp-content\/uploads\/2026\/01\/02ba6435-32fb-46be-8bdf-46cfbd491613.jpeg\"  width=\"40\"\/><strong class=\"_name_ygndg_51 title-serif-xs\">Torbj\u00f8rn Heggem<\/strong><\/p>\n<ul class=\"_list_o9xde_3 _list_xtcu6_9 _unordered_o9xde_106 layout-component text-serif-m layout-normal text-serif-m layout-padded\">\n<li class=\"_item_o9xde_30\"><strong class=\"_strong_o9xde_25\">Julian Ryerson <\/strong>har v\u00e6rt linket til Barcelona som backup for Jules Kounde, men enn s\u00e5 lenge virker det som et langskudd og at Ryerson blir v\u00e6rende i Dortmund. <\/li>\n<\/ul>\n<p><img decoding=\"async\" alt=\"Bilde av Julian Ryerson\" class=\"_image_ygndg_42\" height=\"26\" itemprop=\"image\" loading=\"lazy\"  src=\"https:\/\/www.europesays.com\/no\/wp-content\/uploads\/2026\/01\/458a4052-829c-4b5a-b67d-aa43772bdf20.jpeg\"  width=\"40\"\/><strong class=\"_name_ygndg_51 title-serif-xs\">Julian Ryerson<\/strong><\/p>\n<ul class=\"_list_o9xde_3 _list_xtcu6_9 _unordered_o9xde_106 layout-component text-serif-m layout-normal text-serif-m layout-padded\">\n<li class=\"_item_o9xde_30\"><strong class=\"_strong_o9xde_25\">Sander Berge <\/strong>spilte en av sesongens beste kamper for egen del da hans Fulham slo Chelsea onsdag kveld. <strong class=\"_strong_o9xde_25\">Martin \u00d8degaard<\/strong> er tilbake i storslag for titteljagende Arsenal. <\/li>\n<\/ul>\n<p><img decoding=\"async\" alt=\"Bilde av Sander Berge\" class=\"_image_ygndg_42\" height=\"28\" itemprop=\"image\" loading=\"lazy\"  src=\"https:\/\/www.europesays.com\/no\/wp-content\/uploads\/2026\/01\/ec35f314-5681-4fa7-ab70-0292ba04a5f2.jpeg\"  width=\"40\"\/><strong class=\"_name_ygndg_51 title-serif-xs\">Sander Berge<\/strong><\/p>\n<ul class=\"_list_o9xde_3 _list_xtcu6_9 _unordered_o9xde_106 layout-component text-serif-m layout-normal text-serif-m layout-padded\">\n<li class=\"_item_o9xde_30\"><strong class=\"_strong_o9xde_25\">Alexander S\u00f8rloth<\/strong> har f\u00e5tt starte kamper og virker per n\u00e5 komfortabel i Atletico, mens <strong class=\"_strong_o9xde_25\">Erling Braut Haaland<\/strong> er Erling Braut Haaland. <\/li>\n<\/ul>\n<p class=\"_paragraph_o9xde_4 _paragraph_xtcu6_10 layout-component text-serif-m layout-normal text-serif-m layout-padded\">Et usikkerhetsmoment er det at <strong class=\"_strong_o9xde_25\">Antonio Nusa<\/strong> er skadet og ikke har spilt siden starten av desember. Det er rykter rundt Nusa hele tiden, men lite tyder p\u00e5 at han kommer til \u00e5 foreta seg noe denne vinteren. <\/p>\n<p class=\"_paragraph_o9xde_4 _paragraph_xtcu6_10 layout-component text-serif-m layout-normal text-serif-m layout-padded\">Norges neste landskamper er mot NederlandNederlandI Amsterdam 27. mars og SveitsSveitsP\u00e5 Ullevaal 31. mars. <\/p>\n","protected":false},"excerpt":{"rendered":"Med et halvt \u00e5r igjen til VM st\u00e5r flere landslagsprofiler med usikker klubbfremtid. Landslagssjefen mener minst to spillere&hellip;\n","protected":false},"author":2,"featured_media":133582,"comment_status":"","ping_status":"","sticky":false,"template":"","format":"standard","meta":{"footnotes":""},"categories":[59],"tags":[8634,3163,30,28,29,83,82,1387],"class_list":{"0":"post-133581","1":"post","2":"type-post","3":"status-publish","4":"format-standard","5":"has-post-thumbnail","7":"category-sport","8":"tag-fotball-vm-2026","9":"tag-herrelandslaget-fotball","10":"tag-no","11":"tag-norge","12":"tag-norway","13":"tag-sport","14":"tag-sports","15":"tag-stale-solbakken"},"share_on_mastodon":{"url":"https:\/\/pubeurope.com\/@no\/115868915742946096","error":""},"_links":{"self":[{"href":"https:\/\/www.europesays.com\/no\/wp-json\/wp\/v2\/posts\/133581","targetHints":{"allow":["GET"]}}],"collection":[{"href":"https:\/\/www.europesays.com\/no\/wp-json\/wp\/v2\/posts"}],"about":[{"href":"https:\/\/www.europesays.com\/no\/wp-json\/wp\/v2\/types\/post"}],"author":[{"embeddable":true,"href":"https:\/\/www.europesays.com\/no\/wp-json\/wp\/v2\/users\/2"}],"replies":[{"embeddable":true,"href":"https:\/\/www.europesays.com\/no\/wp-json\/wp\/v2\/comments?post=133581"}],"version-history":[{"count":0,"href":"https:\/\/www.europesays.com\/no\/wp-json\/wp\/v2\/posts\/133581\/revisions"}],"wp:featuredmedia":[{"embeddable":true,"href":"https:\/\/www.europesays.com\/no\/wp-json\/wp\/v2\/media\/133582"}],"wp:attachment":[{"href":"https:\/\/www.europesays.com\/no\/wp-json\/wp\/v2\/media?parent=133581"}],"wp:term":[{"taxonomy":"category","embeddable":true,"href":"https:\/\/www.europesays.com\/no\/wp-json\/wp\/v2\/categories?post=133581"},{"taxonomy":"post_tag","embeddable":true,"href":"https:\/\/www.europesays.com\/no\/wp-json\/wp\/v2\/tags?post=133581"}],"curies":[{"name":"wp","href":"https:\/\/api.w.org\/{rel}","templated":true}]}}