{"id":133593,"date":"2026-01-10T05:13:11","date_gmt":"2026-01-10T05:13:11","guid":{"rendered":"https:\/\/www.europesays.com\/no\/133593\/"},"modified":"2026-01-10T05:13:11","modified_gmt":"2026-01-10T05:13:11","slug":"ukraina-russland-fns-sikkerhetsrad-innkaller-til-ukraina-hastemote","status":"publish","type":"post","link":"https:\/\/www.europesays.com\/no\/133593\/","title":{"rendered":"Ukraina, Russland | FNs sikkerhetsr\u00e5d innkaller til Ukraina-hastem\u00f8te"},"content":{"rendered":"\n<p>\u2013 Russland har n\u00e5dd et nytt, grusomt niv\u00e5 med krigsforbrytelser og forbrytelser mot menneskeheten med terror mot sivile og sivil infrastruktur i Ukraina, skriver Ukrainas FN-ambassad\u00f8r Andriy Melyk i et brev til Sikkerhetsr\u00e5det.<\/p>\n<p><b>Les ogs\u00e5: <\/b><a class=\"simple-relation related-teaser article--c-eRUmMG article--c-eRUmMG-fZoQSp-design-nettavisen article--c-eRUmMG-gwthdJ-cv\" href=\"https:\/\/www.nettavisen.no\/pave-leo-krig-er-pa-moten-igjen\/s\/5-95-2816800\" rel=\"nofollow noopener\" target=\"_blank\">Pave Leo: Krig er p\u00e5 moten igjen<\/a><\/p>\n<p>Fredag sa Ukraina at Russland hadde angrepet landet med en hypersonisk rakett av typen Oresjnik natt til fredag.<\/p>\n<p>Den ukrainske sikkerhetstjenesten SBU har publisert bilder av raketten, som ukrainerne mener var utstyrt med s\u00e5kalte falske stridshoder, alts\u00e5 ikke skarpladde. Dermed f\u00f8rte ikke treffet til st\u00f8rre skader.<\/p>\n<p><b>Les ogs\u00e5: <\/b><a class=\"simple-relation related-teaser article--c-eRUmMG article--c-eRUmMG-fZoQSp-design-nettavisen article--c-eRUmMG-gwthdJ-cv\" href=\"https:\/\/www.nettavisen.no\/eu-kaller-russlands-bruk-av-oresjnik-rakett-klar-eskalering\/s\/5-95-2817240\" rel=\"nofollow noopener\" target=\"_blank\">EU kaller Russlands bruk av Oresjnik-rakett \u00abklar eskalering\u00bb<\/a><\/p>\n<p>EUs utenrikssjef Kaja sa fredag at Russlands angivelige bruk av en Oresjnik-rakett er en klar eskalering mot Ukraina og ment som en advarsel til Europa og USA.<\/p>\n<p>   <img decoding=\"async\" width=\"7958\" height=\"5305\" fetchpriority=\"low\"  loading=\"lazy\"  src=\"https:\/\/www.europesays.com\/no\/wp-content\/uploads\/2026\/01\/NTB_pW21W7Y0ueE.jpg\" alt=\"A residential building is damaged after a Russian air strike during a heavy snow storm in Kyiv, Ukraine, early Friday, Jan. 9, 2026. (AP Photo\/Efrem Lukatsky)\" class=\"brick-c-cFOWSL\" style=\"--brick-image-ratio: 7958 \/ 5305;\"\/><\/p>\n<p>      En boligblokk i Kyiv fikk fredag store skader i et russisk luftangrep.<br \/>\n      Foto: Efrem Lukatsky \/ AP \/ NTB\n    <\/p>\n<p>Storbritannias statsminister Keir Starmer Tysklands forbundskansler Friedrich Merz og Frankrikes president Emmanuel Macron uttalte fredag at bruk av Oresjnik er uakseptabel.<\/p>\n<p><b>Les ogs\u00e5: <\/b><a class=\"simple-relation related-teaser article--c-eRUmMG article--c-eRUmMG-fZoQSp-design-nettavisen article--c-eRUmMG-gwthdJ-cv\" href=\"https:\/\/www.nettavisen.no\/kyivs-ordforer-ber-folk-forlate-byen\/s\/5-95-2816752\" rel=\"nofollow noopener\" target=\"_blank\">Kyivs ordf\u00f8rer ber folk forlate byen<\/a><\/p>\n<p>SBU mener bruken av Oresjnik kvalifiserer som krigsforbrytelse. Sikkerhetstjenesten uttalte fredag at Russland fors\u00f8kte \u00e5 \u00f8delegge kritisk infrastruktur midt i en kuldeb\u00f8lge.<\/p>\n<p>Dette skal v\u00e6re andre gang at Russland har tatt i bruk en av de nyutviklede Oresjnik-rakettene. F\u00f8rste gang skal ha v\u00e6rt i november 2024 i et angrep rettet mot en fabrikk som produserer v\u00e5pen og milit\u00e6rt utstyr.<\/p>\n","protected":false},"excerpt":{"rendered":"\u2013 Russland har n\u00e5dd et nytt, grusomt niv\u00e5 med krigsforbrytelser og forbrytelser mot menneskeheten med terror mot sivile&hellip;\n","protected":false},"author":2,"featured_media":133594,"comment_status":"","ping_status":"","sticky":false,"template":"","format":"standard","meta":{"footnotes":""},"categories":[12],"tags":[20,21,24,25,15,22,23,13,30,28,29,14,16,26,27,42,43,44,45],"class_list":{"0":"post-133593","1":"post","2":"type-post","3":"status-publish","4":"format-standard","5":"has-post-thumbnail","7":"category-verden","8":"tag-breaking-news","9":"tag-breakingnews","10":"tag-featured-news","11":"tag-featurednews","12":"tag-headlines","13":"tag-latest-news","14":"tag-latestnews","15":"tag-news","16":"tag-no","17":"tag-norge","18":"tag-norway","19":"tag-nyheter","20":"tag-overskrifter","21":"tag-top-stories","22":"tag-topstories","23":"tag-verden","24":"tag-world","25":"tag-world-news","26":"tag-worldnews"},"share_on_mastodon":{"url":"https:\/\/pubeurope.com\/@no\/115869096533588827","error":""},"_links":{"self":[{"href":"https:\/\/www.europesays.com\/no\/wp-json\/wp\/v2\/posts\/133593","targetHints":{"allow":["GET"]}}],"collection":[{"href":"https:\/\/www.europesays.com\/no\/wp-json\/wp\/v2\/posts"}],"about":[{"href":"https:\/\/www.europesays.com\/no\/wp-json\/wp\/v2\/types\/post"}],"author":[{"embeddable":true,"href":"https:\/\/www.europesays.com\/no\/wp-json\/wp\/v2\/users\/2"}],"replies":[{"embeddable":true,"href":"https:\/\/www.europesays.com\/no\/wp-json\/wp\/v2\/comments?post=133593"}],"version-history":[{"count":0,"href":"https:\/\/www.europesays.com\/no\/wp-json\/wp\/v2\/posts\/133593\/revisions"}],"wp:featuredmedia":[{"embeddable":true,"href":"https:\/\/www.europesays.com\/no\/wp-json\/wp\/v2\/media\/133594"}],"wp:attachment":[{"href":"https:\/\/www.europesays.com\/no\/wp-json\/wp\/v2\/media?parent=133593"}],"wp:term":[{"taxonomy":"category","embeddable":true,"href":"https:\/\/www.europesays.com\/no\/wp-json\/wp\/v2\/categories?post=133593"},{"taxonomy":"post_tag","embeddable":true,"href":"https:\/\/www.europesays.com\/no\/wp-json\/wp\/v2\/tags?post=133593"}],"curies":[{"name":"wp","href":"https:\/\/api.w.org\/{rel}","templated":true}]}}