{"id":133597,"date":"2026-01-10T05:49:22","date_gmt":"2026-01-10T05:49:22","guid":{"rendered":"https:\/\/www.europesays.com\/no\/133597\/"},"modified":"2026-01-10T05:49:22","modified_gmt":"2026-01-10T05:49:22","slug":"evakuerte-beboere-pa-helsehuset-ht-no","status":"publish","type":"post","link":"https:\/\/www.europesays.com\/no\/133597\/","title":{"rendered":"Evakuerte beboere p\u00e5 Helsehuset &#8211; ht.no"},"content":{"rendered":"<p>Troms politidistrikt meldte f\u00f8rst om hendelsen klokka 04.07. Det ble da meldt at et mobilbatteri skulle ha eksplodert.<\/p>\n<p>\u2013 Det har ikke v\u00e6rt \u00e5pne flammer, men h\u00f8y temperatur og r\u00f8ykutvikling, meldte Troms politidistrikt via politiloggen.<\/p>\n<p>Brannvesenet i Harstad opplyser fredag morgen at det hele <a href=\"https:\/\/www.ht.no\/nyheter\/i\/WvOLWr\/politiet-23-evakuert-etter-roeykutvikling\" rel=\"noopener nofollow\" target=\"_blank\">skyldtes en gammel telefon p\u00e5 lading<\/a>.<\/p>\n<p>Alexander D\u00f8lvik Fossum, avsnittsleder ved Harstad politistasjon, opplyser fredag morgen at det det oppsto r\u00f8yk og gasser.<\/p>\n<p>Klokka 05.07 oppdaterte politiet status.<\/p>\n<p>\u2013 En person som har pustet inn en del r\u00f8yk. Det var 23 beboere p\u00e5 avdelingen som ble evaktuert ut av rommene sine, meldte Troms politidistirkt sin operasjonssentral da.<\/p>\n<p>Personen ble tatt h\u00e5nd om av helse, og beboerne evakuert ut av rommene sine<\/p>\n<p>\u00d8yvind Arntzen, enhetsleder for helse og mestring, <a href=\"https:\/\/www.ht.no\/nyheter\/i\/vrAQkp\/beroemmer-nattevaktene-etter-evakuering\" rel=\"noopener nofollow\" target=\"_blank\">opplyser at det totalt var 12 pasienter som ble evaktuert. <\/a>De andre befant seg allerede i en sikker sone.<\/p>\n<p>B\u00e5de han og brannvesenet roser de ansatte ved Helsehuset.<\/p>\n<p>Politiet oppretter sak.<\/p>\n","protected":false},"excerpt":{"rendered":"Troms politidistrikt meldte f\u00f8rst om hendelsen klokka 04.07. Det ble da meldt at et mobilbatteri skulle ha eksplodert.&hellip;\n","protected":false},"author":2,"featured_media":133598,"comment_status":"","ping_status":"","sticky":false,"template":"","format":"standard","meta":{"footnotes":""},"categories":[10],"tags":[6626,20,21,24,25,370,15,15400,22,23,15401,13,30,28,29,14,16,254,26,27],"class_list":{"0":"post-133597","1":"post","2":"type-post","3":"status-publish","4":"format-standard","5":"has-post-thumbnail","7":"category-norge","8":"tag-brann-og-redning","9":"tag-breaking-news","10":"tag-breakingnews","11":"tag-featured-news","12":"tag-featurednews","13":"tag-harstad","14":"tag-headlines","15":"tag-helsehus","16":"tag-latest-news","17":"tag-latestnews","18":"tag-mobilbatteri","19":"tag-news","20":"tag-no","21":"tag-norge","22":"tag-norway","23":"tag-nyheter","24":"tag-overskrifter","25":"tag-politi","26":"tag-top-stories","27":"tag-topstories"},"share_on_mastodon":{"url":"https:\/\/pubeurope.com\/@no\/115869238102410288","error":""},"_links":{"self":[{"href":"https:\/\/www.europesays.com\/no\/wp-json\/wp\/v2\/posts\/133597","targetHints":{"allow":["GET"]}}],"collection":[{"href":"https:\/\/www.europesays.com\/no\/wp-json\/wp\/v2\/posts"}],"about":[{"href":"https:\/\/www.europesays.com\/no\/wp-json\/wp\/v2\/types\/post"}],"author":[{"embeddable":true,"href":"https:\/\/www.europesays.com\/no\/wp-json\/wp\/v2\/users\/2"}],"replies":[{"embeddable":true,"href":"https:\/\/www.europesays.com\/no\/wp-json\/wp\/v2\/comments?post=133597"}],"version-history":[{"count":0,"href":"https:\/\/www.europesays.com\/no\/wp-json\/wp\/v2\/posts\/133597\/revisions"}],"wp:featuredmedia":[{"embeddable":true,"href":"https:\/\/www.europesays.com\/no\/wp-json\/wp\/v2\/media\/133598"}],"wp:attachment":[{"href":"https:\/\/www.europesays.com\/no\/wp-json\/wp\/v2\/media?parent=133597"}],"wp:term":[{"taxonomy":"category","embeddable":true,"href":"https:\/\/www.europesays.com\/no\/wp-json\/wp\/v2\/categories?post=133597"},{"taxonomy":"post_tag","embeddable":true,"href":"https:\/\/www.europesays.com\/no\/wp-json\/wp\/v2\/tags?post=133597"}],"curies":[{"name":"wp","href":"https:\/\/api.w.org\/{rel}","templated":true}]}}