{"id":133599,"date":"2026-01-10T05:56:12","date_gmt":"2026-01-10T05:56:12","guid":{"rendered":"https:\/\/www.europesays.com\/no\/133599\/"},"modified":"2026-01-10T05:56:12","modified_gmt":"2026-01-10T05:56:12","slug":"far-pepper-det-er-uansvarlig","status":"publish","type":"post","link":"https:\/\/www.europesays.com\/no\/133599\/","title":{"rendered":"F\u00e5r pepper: &#8211; Det er uansvarlig"},"content":{"rendered":"<p>    Kort fortalt<\/p>\n<ul lang=\"nb-NO\">\n<li>MDG-leder Arild Hermstad kritiserer Arbeiderpartiets avvisning av en ny EU-debatt som feig og uansvarlig.<\/li>\n<li>Statsminister Jonas Gahr St\u00f8re mener Norge b\u00f8r fokusere p\u00e5 \u00e5 styrke E\u00d8S-avtalen og eksisterende samarbeid med EU-land.<\/li>\n<li>H\u00f8yres Ine Eriksen S\u00f8reide st\u00f8tter en EU-debatt, spesielt med tanke p\u00e5 den urolige sikkerhetssituasjonen i verden.<\/li>\n<li>S\u00f8reide p\u00e5peker at E\u00d8S-avtalen blir stadig mer utilstrekkelig, og at utenforskap f\u00e5r konsekvenser for Norge.<\/li>\n<\/ul>\n<p class=\"italic ai-disclaimer\" data-lab-italic=\"italic\">Sammendraget er laget av ChatGPT og godkjent av Dagbladet.<\/p>\n<p>      Vis mer<br \/>\n      Vis mindre<\/p>\n<p class=\"font-weight-bold m-font-weight-bold\" data-lab-font_weight=\"font-weight-bold\">&#8211; Synd og feigt.<\/p>\n<p>Slik omtalte MDG-leder Arild Hermstad Arbeiderparti-regjeringens innstilling til en EU-debatt fra Stortingets talerstol torsdag.<\/p>\n<p>For akkurat det &#8211; en ny EU-debatt &#8211; er Arbeiderpartiet og Jonas Gahr St\u00f8re sv\u00e6rt avvisende til. Da B\u00f8rsen m\u00f8tte statsministeren under NHOs \u00e5rskonferanse onsdag, der styreleder i NHO Svein Tore Holsether fra scenen hadde sagt at \u00abNorge klarer seg ikke alene i hverdagen\u00bb, ga St\u00f8re uttrykk for at noen ny EU-debatt ikke er noe Ap vil st\u00e5 i spissen for.<\/p>\n<p>&#8211; Dette har vi snakket om flere ganger. Vi skal ha et veldig n\u00e6rt forhold til EU, ta godt vare p\u00e5 E\u00d8S-avtalen, og utvikle de avtalene vi har. Det har vi gjort, ogs\u00e5 med enkelte EU-land, og som vi gj\u00f8r p\u00e5 sikkerhet og forsvar med Storbritannia utenfor EU, og Frankrike, Tyskland og Polen innenfor EU, sier St\u00f8re til B\u00f8rsen.<\/p>\n<p class=\"italic m-italic\" data-lab-italic=\"italic\">&#8211; Klarer vi \u00e5 ta godt nok vare p\u00e5 norske interesser utenfor EU?<\/p>\n<p>&#8211; Jeg mener det er et godt utgangspunkt. Jeg tror ikke starten p\u00e5 en ny EU-debatt ville hjulpet oss med det.<\/p>\n<p>    <a itemprop=\"url\" href=\"https:\/\/www.dagbladet.no\/nyheter\/floskler-og-slagord\/84070360\" rel=\"nofollow noopener\" target=\"_blank\"><\/p>\n<p>        <img loading=\"lazy\" decoding=\"async\" src=\"https:\/\/www.europesays.com\/no\/wp-content\/uploads\/2026\/01\/84070413.webp.webp\" width=\"980\" height=\"441\" title=\"- Floskler og slagord\" alt=\"\" class=\"lazyload\" style=\"--aspect-ratio-image: 2.22; \"\/><\/p>\n<p>        &#8211; Floskler og slagord<\/p>\n<p>    <\/a><\/p>\n<p>&#8211; Uansvarlig\t<\/p>\n<p>Akkurat det er alts\u00e5 ikke Hermstad enig i, og det er dette han mener er synd og feigt. Han mener vi i Norge m\u00e5 skaffe oss en plan B &#8211; alts\u00e5 utover Nato &#8211; gitt sikkerhetssituasjonen i verden n\u00e5.<\/p>\n<p class=\"font-weight-bold m-font-weight-bold\" data-lab-font_weight=\"font-weight-bold\">&#8211; Da m\u00e5 vi skaffe oss selv bedre sikkerhetsgarantier enn det vi har. EU er ikke svaret p\u00e5 alt, men der diskuterer man selvf\u00f8lgelig ogs\u00e5 en forsvarsallianse. Norge har sagt at vi skal v\u00e6re tett p\u00e5, men det er ikke \u00e5 v\u00e6re tett p\u00e5 n\u00e5r du ikke sitter i rommet, sier Hermstad.<\/p>\n<p>I 2023 gikk MDGs landsm\u00f8te inn for at de \u00f8nsker at Norge skal g\u00e5 inn i forhandlinger med EU om et norsk medlemskap. If\u00f8lge Hermstad er Norge helt avhengige av \u00e5 bli sett og h\u00f8rt i et st\u00f8rre fellesskap, og at det skjer innenfor EU.<\/p>\n<p>        <img loading=\"lazy\" decoding=\"async\" src=\"https:\/\/www.europesays.com\/no\/wp-content\/uploads\/2026\/01\/84077201.webp.webp\" width=\"980\" height=\"559\" title=\"KRITIKER: MDG-leder Arild Hermstad mener det er uansvarlig \u00e5 ikke ta en debatt om Norges tilknytning til EU. Foto: J\u00f8rn H. Moen \/ Dagbladet\" alt=\"\" class=\"\" style=\"--aspect-ratio-image: 1.75; \"\/><\/p>\n<p>\n        KRITIKER: MDG-leder Arild Hermstad mener det er uansvarlig \u00e5 ikke ta en debatt om Norges tilknytning til EU. Foto: J\u00f8rn H. Moen \/ Dagbladet\n    <\/p>\n<p>I tillegg til forsvarssamarbeid i unionen, peker han ogs\u00e5 p\u00e5 sikkerhetssamarbeid og digital regulering som ting som er viktige for Norge.<\/p>\n<p>&#8211; Jeg synes det er uansvarlig \u00e5 si at man ikke skal \u00e5pne EU-debatten, fordi man har gjort seg opp en mening om at det er det ikke flertall for i Stortinget. Det handler om \u00e5 styre og lede landet. Det handler om \u00e5 ta nordmenns trygghet p\u00e5 alvor, sier Hermstad.<\/p>\n<p>    <a itemprop=\"url\" href=\"https:\/\/www.dagbladet.no\/nyheter\/krig-kan-ramme-norge\/84045980\" rel=\"nofollow noopener\" target=\"_blank\"><\/p>\n<p>        <img loading=\"lazy\" decoding=\"async\" src=\"https:\/\/www.europesays.com\/no\/wp-content\/uploads\/2026\/01\/84046036.webp.webp\" width=\"980\" height=\"441\" title=\"- Krig kan ramme Norge\" alt=\"\" class=\"lazyload\" style=\"--aspect-ratio-image: 2.22; \"\/><\/p>\n<p>        &#8211; Krig kan ramme Norge<\/p>\n<p>    <\/a><\/p>\n<p>&#8211; Redd for kunnskap\t<\/p>\n<p>St\u00f8tte for sitt synspunkt finner Hermstad, sv\u00e6rt lite overraskende, hos det EU-vennlige partiet H\u00f8yre. P\u00e5troppende H\u00f8yre-leder Ine Eriksen S\u00f8reide mener en debatt om EU aktualiseres veldig med den urolige sikkerhetssituasjonen.<\/p>\n<p>S\u00f8reide understreker at Nato er grunnplanken i den norske sikkerheten, men at det etter hvert suppleres veldig godt av EU.<\/p>\n<p>&#8211; De siste ti \u00e5rene har de f\u00e5tt til en veldig god arbeidsdeling med Nato, slik at EU har noen virkemidler som Nato ikke har, og selvf\u00f8lgelig motsatt. Nato har de sterke virkemidlene. Men vi trenger begge deler, og nettopp derfor mener vi at standpunktet vi har aktualiseres veldig, sier S\u00f8reide.<\/p>\n<p class=\"italic m-italic\" data-lab-italic=\"italic\">&#8211; Hva tenker du om Arbeiderpartiets holdning til en EU-debatt og en prosess mot et EU-medlemsskap?<\/p>\n<p class=\"font-weight-bold m-font-weight-bold\" data-lab-font_weight=\"font-weight-bold\">&#8211; Jeg synes det er veldig defensivt. De har jo til og med avlyst en debatt de neste fire \u00e5rene, og en debatt mener jeg vi m\u00e5 ha.<\/p>\n<p>        <img loading=\"lazy\" decoding=\"async\" src=\"https:\/\/www.europesays.com\/no\/wp-content\/uploads\/2026\/01\/84077170.webp.webp\" width=\"980\" height=\"559\" title=\"\u00d8NSKER DEBATT: P\u00e5troppende H\u00f8yre-leder Ine Eriksen S\u00f8reide skulle i det minste \u00f8nske seg at Arbeiderpartiet var med p\u00e5 en debatt om EU-sp\u00f8rsm\u00e5let. Foto: J\u00f8rn H. Moen \/ Dagbladet\" alt=\"\" class=\"\" style=\"--aspect-ratio-image: 1.75; \"\/><\/p>\n<p>\n        \u00d8NSKER DEBATT: P\u00e5troppende H\u00f8yre-leder Ine Eriksen S\u00f8reide skulle i det minste \u00f8nske seg at Arbeiderpartiet var med p\u00e5 en debatt om EU-sp\u00f8rsm\u00e5let. Foto: J\u00f8rn H. Moen \/ Dagbladet\n    <\/p>\n<p>S\u00f8reide \u00f8nsker seg et kunnskapsgrunnlag som ser framover, og ikke bare bakover, slik man fikk med Eldring-utvalgets rapport i 2024 &#8211; en rapport som s\u00e5 p\u00e5 Norges erfaringer med E\u00d8S-samarbeidet det siste ti\u00e5ret.<\/p>\n<p>&#8211; Jeg mener absolutt at det m\u00e5 diskuteres og debatteres. Noe annet er selvf\u00f8lgelig sp\u00f8rsm\u00e5let om n\u00e5r man eventuelt skal ta stilling til EU-sp\u00f8rsm\u00e5let. Det er noe annet, sier S\u00f8reide, og legger til:<\/p>\n<p>&#8211; Men det \u00e5 til og med legge lokk p\u00e5 en debatt &#8211; da tenker jeg du er veldig redd for kunnskap og det synes jeg er rart.<\/p>\n<p>    <a itemprop=\"url\" href=\"https:\/\/www.dagbladet.no\/nyheter\/hardt-ut-mot-stoltenbergs-sildesalat\/83997681\" rel=\"nofollow noopener\" target=\"_blank\"><\/p>\n<p>        <img loading=\"lazy\" decoding=\"async\" src=\"https:\/\/www.europesays.com\/no\/wp-content\/uploads\/2026\/01\/1768024572_805_83996783.webp.webp\" width=\"980\" height=\"441\" title=\"Hardt ut mot Stoltenbergs sildesalat\" alt=\"\" class=\"lazyload\" style=\"--aspect-ratio-image: 2.22; \"\/><\/p>\n<p>        Hardt ut mot Stoltenbergs sildesalat<\/p>\n<p>    <\/a><\/p>\n<p>&#8211; F\u00e5r konsekvenser for Norge\t<\/p>\n<p>S\u00f8reide understreker at E\u00d8S-avtalen og de andre avtalene vi har med EU er ekstremt viktige for Norge, men hun sier de blir mer utilstrekkelige. Det som etter alt og d\u00f8mme blir H\u00f8yres nye leder, mener at utenforskapet f\u00e5r st\u00f8rre konsekvenser, og at det blir vanskelig \u00e5 ivareta norske interesser.<\/p>\n<p>&#8211; Det er ikke fordi EU \u00f8nsker \u00e5 v\u00e6re slemme med Norge, men det er jo ganske naturlig at en union som EU utvikler seg og fors\u00f8ker \u00e5 ivareta interessene til de landene som har bestemt seg for \u00e5 v\u00e6re med, og ikke til land som har bestemt seg for \u00e5 ikke v\u00e6re med, sier S\u00f8reide.<\/p>\n<p class=\"italic m-italic\" data-lab-italic=\"italic\">&#8211; Er du redd for at det blir stadig mer krevende og kostbart for Norge \u00e5 st\u00e5 utenfor samarbeidet?<\/p>\n<p class=\"font-weight-bold m-font-weight-bold\" data-lab-font_weight=\"font-weight-bold\">&#8211; Ja, det tror jeg absolutt det blir, og vi ser jo veldig mange eksempler p\u00e5 dette allerede.\u00a0<\/p>\n<p>S\u00f8reide viser her som eksempel til at EU har innf\u00f8rt toll p\u00e5 ferrolegeringer, noe som rammer industrien i Norge.\u00a0<\/p>\n<p>&#8211; At EU har et sterkt \u00f8nske om \u00e5 samarbeide tett med oss ogs\u00e5, det er det ingen tvil om, men de sier samtidig veldig klart og tydelig at det skal v\u00e6re st\u00f8rre forskjell p\u00e5 \u00e5 v\u00e6re medlem og ikke. Det f\u00e5r noen konsekvenser for oss som ikke er medlem, sier S\u00f8reide.<\/p>\n<p>Noen voldsom folkelig st\u00f8tte for et EU-medlemsskap er det tilsynelatende ikke for \u00f8yeblikket. De siste \u00e5rene har meningsm\u00e5linger gjennomg\u00e5ende vist et klart flertall for nei-siden.<\/p>\n","protected":false},"excerpt":{"rendered":"Kort fortalt MDG-leder Arild Hermstad kritiserer Arbeiderpartiets avvisning av en ny EU-debatt som feig og uansvarlig. Statsminister Jonas&hellip;\n","protected":false},"author":2,"featured_media":133600,"comment_status":"","ping_status":"","sticky":false,"template":"","format":"standard","meta":{"footnotes":""},"categories":[10],"tags":[2472,20,21,279,24,25,15,2218,201,22,23,13,30,28,29,14,16,26,27],"class_list":{"0":"post-133599","1":"post","2":"type-post","3":"status-publish","4":"format-standard","5":"has-post-thumbnail","7":"category-norge","8":"tag-arild-hermstad","9":"tag-breaking-news","10":"tag-breakingnews","11":"tag-eu","12":"tag-featured-news","13":"tag-featurednews","14":"tag-headlines","15":"tag-ine-eriksen-soreide","16":"tag-jonas-gahr-store","17":"tag-latest-news","18":"tag-latestnews","19":"tag-news","20":"tag-no","21":"tag-norge","22":"tag-norway","23":"tag-nyheter","24":"tag-overskrifter","25":"tag-top-stories","26":"tag-topstories"},"share_on_mastodon":{"url":"https:\/\/pubeurope.com\/@no\/115869265609725727","error":""},"_links":{"self":[{"href":"https:\/\/www.europesays.com\/no\/wp-json\/wp\/v2\/posts\/133599","targetHints":{"allow":["GET"]}}],"collection":[{"href":"https:\/\/www.europesays.com\/no\/wp-json\/wp\/v2\/posts"}],"about":[{"href":"https:\/\/www.europesays.com\/no\/wp-json\/wp\/v2\/types\/post"}],"author":[{"embeddable":true,"href":"https:\/\/www.europesays.com\/no\/wp-json\/wp\/v2\/users\/2"}],"replies":[{"embeddable":true,"href":"https:\/\/www.europesays.com\/no\/wp-json\/wp\/v2\/comments?post=133599"}],"version-history":[{"count":0,"href":"https:\/\/www.europesays.com\/no\/wp-json\/wp\/v2\/posts\/133599\/revisions"}],"wp:featuredmedia":[{"embeddable":true,"href":"https:\/\/www.europesays.com\/no\/wp-json\/wp\/v2\/media\/133600"}],"wp:attachment":[{"href":"https:\/\/www.europesays.com\/no\/wp-json\/wp\/v2\/media?parent=133599"}],"wp:term":[{"taxonomy":"category","embeddable":true,"href":"https:\/\/www.europesays.com\/no\/wp-json\/wp\/v2\/categories?post=133599"},{"taxonomy":"post_tag","embeddable":true,"href":"https:\/\/www.europesays.com\/no\/wp-json\/wp\/v2\/tags?post=133599"}],"curies":[{"name":"wp","href":"https:\/\/api.w.org\/{rel}","templated":true}]}}