{"id":133611,"date":"2026-01-10T06:17:24","date_gmt":"2026-01-10T06:17:24","guid":{"rendered":"https:\/\/www.europesays.com\/no\/133611\/"},"modified":"2026-01-10T06:17:24","modified_gmt":"2026-01-10T06:17:24","slug":"frigir-navn-pa-brannkonstablene-som-mistet-livet-i-verdal","status":"publish","type":"post","link":"https:\/\/www.europesays.com\/no\/133611\/","title":{"rendered":"Frigir navn p\u00e5 brannkonstablene som mistet livet i Verdal"},"content":{"rendered":"<p class=\"extendedContent hyperion-css-eyn926\" data-test-tag=\"lead-text\">To r\u00f8ykdykkere mistet livet under brannen i Verdal natt til onsdag. Brannsjef st\u00e5r fast p\u00e5 beslutning om \u00e5 g\u00e5 inn i Verdal-hus<\/p>\n<p><img decoding=\"async\" class=\"image-asset hyperion-css-u06ts1\" data-test-tag=\"image-asset\" src=\"https:\/\/www.europesays.com\/no\/wp-content\/uploads\/2026\/01\/4bfca7ac-4e78-4194-aa73-f721fe18ea1f.jpeg\"  alt=\"Eneboligen ble totalskadd i brannen\"  loading=\"eager\" fetchpriority=\"high\" style=\"aspect-ratio:2048 \/ 1365\"\/>Eneboligen ble totalskadd i brannen Foto: Leif Arne Holme<\/p>\n<p>Publisert: 09.01.2026 12:38 |\u00a0Oppdatert: 09.01.2026 14:48<\/p>\n<p class=\"paywall hyperion-css-1j42uic\">Klokken 02.01 natt til onsdag fikk n\u00f8detatene varsel om <a data-test-tag=\"internal-link\" href=\"https:\/\/www.aftenposten.no\/norge\/i\/d4OXVw\/to-roeykdykkere-antatt-doede-i-verdal-i-troendelag\" class=\"hyperion-css-1raymq9\" rel=\"nofollow noopener\" target=\"\" aria-label=\"brann i enebolig i Verdal\">brann i enebolig i Verdal<\/a>. Beboeren hadde selv varslet og tatt seg ut av huset. N\u00f8detatene var raskt p\u00e5 stedet.<\/p>\n<p class=\"paywall hyperion-css-1j42uic\">To brannkonstabler, som beskrives av brannsjef H\u00e5vard Bye som \u00aberfarne r\u00f8ykdykkere\u00bb, tok seg inn i boligen. <\/p>\n<p class=\"paywall hyperion-css-1j42uic\">50 minutter etter slukningsarbeidet begynte, mistet n\u00f8detatene kontakt med de to. Brannen var da s\u00e5 kraftig at n\u00f8datene ikke kunne g\u00e5 inn i huset. R\u00f8ykdykkerne ble funnet omkommet onsdag kveld.<\/p>\n<p class=\"paywall hyperion-css-1j42uic\">Allerede onsdag morgen ble det antatt at de to hadde omkommet i brannen. N\u00e5 bekrefter Tr\u00f8ndelag politidistrikt d\u00f8dsfallene i en pressemelding. <\/p>\n<p class=\"paywall hyperion-css-1j42uic\">Brannmennene Roger Kvello Hansen (51) og Geir Otto Lein Johnson (58) omkom i Verdal-brannen.<\/p>\n<p class=\"paywall hyperion-css-1j42uic\">Begge er hjemmeh\u00f8rende i Verdal kommune. Navn og bilder frigis med samtykke fra de avd\u00f8des p\u00e5r\u00f8rende.<\/p>\n<p class=\"paywall hyperion-css-1j42uic\">Politiet vil fredag fortsette \u00e5stedsunders\u00f8kelser med bistand fra Kripos, og gj\u00f8re flere avh\u00f8r.<\/p>\n<p><img decoding=\"async\" class=\"image-asset hyperion-css-u06ts1\" data-test-tag=\"image-asset\" src=\"https:\/\/www.europesays.com\/no\/wp-content\/uploads\/2026\/01\/da1d7e5a-d11e-4498-aad0-c4eab7d46a85.jpeg\"  alt=\"Roger Kvello Hansen\"  loading=\"eager\" fetchpriority=\"high\" style=\"aspect-ratio:305 \/ 521\"\/>Roger Kvello Hansen Foto: Privat<img decoding=\"async\" class=\"image-asset hyperion-css-u06ts1\" data-test-tag=\"image-asset\" src=\"https:\/\/www.europesays.com\/no\/wp-content\/uploads\/2026\/01\/4dcc8beb-3dd7-4b58-81e0-c0fb569201d3.jpeg\"  alt=\"Geir Otto Lein Johnson\"  loading=\"eager\" fetchpriority=\"high\" style=\"aspect-ratio:584 \/ 1200\"\/>Geir Otto Lein Johnson Foto: Privat<\/p>\n<p class=\"paywall hyperion-css-1j42uic\">Torsdag kom kriminalteknikere fra Kripos til Verdal.<br \/>\u2013 Det vil bli jobbet p\u00e5 stedet med kriminaltekniske unders\u00f8kelser gjennom dagen, sa politiets operasjonsleder Bj\u00f8rnar Gaasvik til <a aria-label=\"Dagbladet \" class=\"default hyperion-css-1raymq9\" href=\"https:\/\/www.dagbladet.no\/studio\/72720-nyhetsstudio\/10815612-brannen-i-verdal-kripos-p\u00e5-plass-p\u00e5-branntomta\" target=\"_blank\" rel=\"noopener nofollow noreferrer\" data-test-tag=\"external-link\">Dagbladet <\/a>torsdag morgen.<\/p>\n<p>Kommunen er i sorg<\/p>\n<p class=\"paywall hyperion-css-1j42uic\"><a aria-label=\"I en pressemelding u\" class=\"default hyperion-css-1raymq9\" href=\"https:\/\/www.verdal.kommune.no\/nyheter\/kommunen-er-i-sorg.15086.aspx\" target=\"_blank\" rel=\"noopener nofollow noreferrer\" data-test-tag=\"external-link\">I en pressemelding u<\/a>ttrykker Verdal kommune dyp sorg etter den tragiske brannen i Vinne.<\/p>\n<p class=\"paywall hyperion-css-1j42uic\">Kommunen beskriver Roger Kvello Hansen og Geir Otto Johnson som erfarne og h\u00f8yt verdsatte medarbeidere, som vil bli husket for sin kompetanse, sitt sterke engasjement og sin omsorg for andre.<\/p>\n<p class=\"paywall hyperion-css-1j42uic\">Etter hendelsen har kommunen satt i gang tett oppf\u00f8lging av ber\u00f8rte arbeidsmilj\u00f8er, og ansatte er tilbudt st\u00f8tte og samtaler.<\/p>\n<p class=\"paywall hyperion-css-1j42uic\">\u2013 V\u00e5re tanker g\u00e5r til de etterlatte, familie, venner og kollegaer. Verdal kommune st\u00e5r samlet i sorgen, skriver kommunen i pressemeldingen.<\/p>\n<p>St\u00e5r ved sin vurdering<\/p>\n<p class=\"paywall hyperion-css-1j42uic\">Det er stilt sp\u00f8rsm\u00e5l ved hvorvidt det var riktig vurdering \u00e5 sende inn de to r\u00f8ykdykkerne etter at beboeren hadde tatt seg ut av huset. Brannsjef H\u00e5vard Bye i Brannvesenet midt st\u00e5r ved beslutningen, sier han til\u00a0<a aria-label=\"Tr\u00f8nder-Avisa\" class=\"default hyperion-css-1raymq9\" href=\"https:\/\/www.t-a.no\/ikke-i-tvil-om-vurderingen-mindre-risiko\/s\/5-116-2284837\" target=\"_blank\" rel=\"noopener nofollow noreferrer\" data-test-tag=\"external-link\">Tr\u00f8nder-Avisa<\/a>.<\/p>\n<p class=\"paywall hyperion-css-1j42uic\">\u2013 Brannvesenet har en forebyggende og strafferettslig forventning om at vi skal inn og slukke, men selvsagt ikke med risiko. Dette har vi praktisert hele tiden, ogs\u00e5 i tilfellet med brannen natt til onsdag, sier Bye.<\/p>\n<p class=\"paywall hyperion-css-1j42uic\">Det er vanlig at brannvesenet g\u00e5r inn i tomme hus for \u00e5 slukke og redde verdier.<\/p>\n<p class=\"paywall hyperion-css-1j42uic\">\u2013 Hadde vi operert etter noe annet, hadde vi ikke klart \u00e5 slukke mange hus. Og p\u00e5 mange vis agerer vi alltid som at det er folk i husene. Ofte er beboere i sjokk og sier at det ikke er flere. Vi kan aldri v\u00e6re sikker p\u00e5 at alle er ute, og det har v\u00e6rt episoder i Norge hvor det er blitt avdekt i etterkant at ikke alle var ute, sier brannsjefen videre.<\/p>\n","protected":false},"excerpt":{"rendered":"To r\u00f8ykdykkere mistet livet under brannen i Verdal natt til onsdag. Brannsjef st\u00e5r fast p\u00e5 beslutning om \u00e5&hellip;\n","protected":false},"author":2,"featured_media":133612,"comment_status":"","ping_status":"","sticky":false,"template":"","format":"standard","meta":{"footnotes":""},"categories":[10],"tags":[20,21,24,25,15,22,23,13,30,28,29,14,16,26,27],"class_list":{"0":"post-133611","1":"post","2":"type-post","3":"status-publish","4":"format-standard","5":"has-post-thumbnail","7":"category-norge","8":"tag-breaking-news","9":"tag-breakingnews","10":"tag-featured-news","11":"tag-featurednews","12":"tag-headlines","13":"tag-latest-news","14":"tag-latestnews","15":"tag-news","16":"tag-no","17":"tag-norge","18":"tag-norway","19":"tag-nyheter","20":"tag-overskrifter","21":"tag-top-stories","22":"tag-topstories"},"share_on_mastodon":{"url":"https:\/\/pubeurope.com\/@no\/115869348223223221","error":""},"_links":{"self":[{"href":"https:\/\/www.europesays.com\/no\/wp-json\/wp\/v2\/posts\/133611","targetHints":{"allow":["GET"]}}],"collection":[{"href":"https:\/\/www.europesays.com\/no\/wp-json\/wp\/v2\/posts"}],"about":[{"href":"https:\/\/www.europesays.com\/no\/wp-json\/wp\/v2\/types\/post"}],"author":[{"embeddable":true,"href":"https:\/\/www.europesays.com\/no\/wp-json\/wp\/v2\/users\/2"}],"replies":[{"embeddable":true,"href":"https:\/\/www.europesays.com\/no\/wp-json\/wp\/v2\/comments?post=133611"}],"version-history":[{"count":0,"href":"https:\/\/www.europesays.com\/no\/wp-json\/wp\/v2\/posts\/133611\/revisions"}],"wp:featuredmedia":[{"embeddable":true,"href":"https:\/\/www.europesays.com\/no\/wp-json\/wp\/v2\/media\/133612"}],"wp:attachment":[{"href":"https:\/\/www.europesays.com\/no\/wp-json\/wp\/v2\/media?parent=133611"}],"wp:term":[{"taxonomy":"category","embeddable":true,"href":"https:\/\/www.europesays.com\/no\/wp-json\/wp\/v2\/categories?post=133611"},{"taxonomy":"post_tag","embeddable":true,"href":"https:\/\/www.europesays.com\/no\/wp-json\/wp\/v2\/tags?post=133611"}],"curies":[{"name":"wp","href":"https:\/\/api.w.org\/{rel}","templated":true}]}}