{"id":133613,"date":"2026-01-10T06:18:15","date_gmt":"2026-01-10T06:18:15","guid":{"rendered":"https:\/\/www.europesays.com\/no\/133613\/"},"modified":"2026-01-10T06:18:15","modified_gmt":"2026-01-10T06:18:15","slug":"telefon-er-ikkje-sa-viktig-lenger-nrk-troms-og-finnmark","status":"publish","type":"post","link":"https:\/\/www.europesays.com\/no\/133613\/","title":{"rendered":"\u2013 Telefon er ikkje s\u00e5 viktig lenger \u2013 NRK Troms og Finnmark"},"content":{"rendered":"<p>\u2013 Ein f\u00e5r mykje meir fantasi og finn p\u00e5 meir ting \u00e5 gjere. Telefon er ikkje s\u00e5 viktig lenger, seier Torveig Isaksen.<\/p>\n<p><strong>I motsetning til dei fleste av venninnene hennar, s\u00e5 har ho ikkje mobil. <\/strong><\/p>\n<p>Torsdag la helse- og omsorgsminister Jan Christian Vestre fram dei nye r\u00e5da for skjermbruk.<\/p>\n<p>R\u00e5da er utarbeidde p\u00e5 oppdrag fr\u00e5 Helse- og omsorgsdepartementet. Dei har som m\u00e5l \u00e5 belysa samanhengen mellom skjermbruk og helseutfall, og bidra til \u00e5 fremja balansert bruk av digitale medium i tida utanom barnehage, skule, skulearbeid og jobb.<\/p>\n<p>Dette er r\u00e5da:<\/p>\n<ul>\n<li>Barn under 2 \u00e5r b\u00f8r unng\u00e5 skjerm heilt, og vaksne som er saman med dei b\u00f8r avgrense skjermbruken sin.<\/li>\n<li>Barn mellom 2\u20135 \u00e5r b\u00f8r maksimalt bruke 0,5\u20131 time per dag p\u00e5 fritida, gjerne mindre.<\/li>\n<li>Barn mellom 6\u201312 \u00e5r b\u00f8r maksimalt bruke 1\u20131,5 timar per dag p\u00e5 fritida, gjerne mindre.<\/li>\n<li>Ungdom mellom 13\u201318 \u00e5r b\u00f8r maksimalt bruke 1,5\u20133 timar per dag p\u00e5 fritida, gjerne mindre.<\/li>\n<\/ul>\n<p><img decoding=\"async\"   src=\"data:image\/gif;base64,R0lGODlhAQABAIAAAAAAAP\/\/\/yH5BAEAAAAALAAAAAABAAEAAAIBRAA7\" loading=\"eager\" alt=\"Mobilbruk blant barn - Ung data unders\u00f8kelse\" title=\"Foto: Veslem\u00f8y Pr\u00f8is \/ NRK\"\/><\/p>\n<p class=\"\">Helsedirektoratet har f\u00e5tt meir enn 3500 h\u00f8yringsinnspel i forkant av at dei oppdaterte nasjonale skjermr\u00e5da blei lanserte torsdag. <\/p>\n<p>Foto: Veslem\u00f8y Pr\u00f8is \/ NRK<\/p>\n<p><strong>Ved Komsa skole i Alta er det delte meiningar om dei nye r\u00e5da. Ikkje minst kor lenge dei f\u00e5r lov til \u00e5 bruke skjerm.<\/strong><\/p>\n<p>\u2013 Det var kanskje litt lite, men det er jo det beste for oss, da, seier Hermine Suhr (11).<\/p>\n<p>Isaksen synest sj\u00f8lv det er veldig bra at aldersgruppa hennar blir anbefalt \u00e5 bruke mobilen i maksimalt 1,5 timar.<\/p>\n<p>\u2013 Nokre gonger n\u00e5r eg er p\u00e5 bes\u00f8k, s\u00e5 sit venninnene mine og ser p\u00e5 telefonen. Det er litt kjedeleg, fordi eg har jo ikkje telefon, seier ho.<\/p>\n<p>D\u00e5rlegare lesekapasitet<\/p>\n<p>Tore Gr\u00f8tte er l\u00e6rar p\u00e5 Komsa skole i Alta, og representerer SV i kommunestyret og sit i styret i Finnmark SV.<\/p>\n<p><strong>Han seier mykje skjermtid blant barn og unge g\u00e5r utover konsentrasjonen til elevar.<\/strong><\/p>\n<p>\u2013 Eg har jobba som l\u00e6rar sidan 1997. Eg merkar at lesekapasiteten til elevane, alts\u00e5 kor lenge dei klarer \u00e5 lese, er veldig mykje d\u00e5rlegare no enn det var tidlegare.<\/p>\n<p>Han ser det same med tanke p\u00e5 lesekunnskapane til dei unge.<\/p>\n<p>\u2013 Det ser ut som om det blir mindre og mindre av \u00e5 lese b\u00f8ker heime, noko som eskalerte etter korona. Det er ein merkbar forskjell.<\/p>\n<p><img decoding=\"async\"   src=\"data:image\/gif;base64,R0lGODlhAQABAIAAAAAAAP\/\/\/yH5BAEAAAAALAAAAAABAAEAAAIBRAA7\" loading=\"eager\" alt=\"Hermine Surh i hvit genser og veninnen Elvira Nilsen - Bie bruker ipad mye i skoleundervisningen. De er elever i 6B p\u00e5 Komsa skole i Alta.\" title=\"Foto: Johan Isak Niska \/ NRK\"\/><\/p>\n<p class=\"\">Hermine Suhr og\u00a0Elvira Nilsen-Bie er begge 11 \u00e5r. If\u00f8lge myndigheitene har dei meir skjermtid enn anbefalt. <\/p>\n<p>Foto: Johan Isak Niska \/ NRK<\/p>\n<p>Leik med venner<\/p>\n<p>Hermine Suhr og Elvira Nilsen-Bie i 6. klasse fortel at dei bruker mobilen mellom to og tre timar om dagen.<\/p>\n<p>Begge fortel at dei mest bruker sosiale medium n\u00e5r dei er p\u00e5 mobilen. Suhr fortel at ho har skjermtid til klokka 10 p\u00e5 kvelden, mens Nilsen-Bie ikkje har s\u00e5 mange reglar.<\/p>\n<p>\u2013 Kva seier foreldra dine n\u00e5r du er p\u00e5 mobilen?<\/p>\n<p><strong>\u2013 Dei seier at eg burde g\u00e5 ut og vere med venner, seier Nilsen-Bie.<\/strong><\/p>\n<p>Publisert<\/p>\n<p>09.01.2026, kl. 07.12<\/p>\n<p>Oppdatert<\/p>\n<p>09.01.2026, kl. 11.05<\/p>\n","protected":false},"excerpt":{"rendered":"\u2013 Ein f\u00e5r mykje meir fantasi og finn p\u00e5 meir ting \u00e5 gjere. Telefon er ikkje s\u00e5 viktig&hellip;\n","protected":false},"author":2,"featured_media":133614,"comment_status":"","ping_status":"","sticky":false,"template":"","format":"standard","meta":{"footnotes":""},"categories":[5],"tags":[20,21,24,25,15,19,22,23,17,18,13,30,28,29,14,16,26,27],"class_list":{"0":"post-133613","1":"post","2":"type-post","3":"status-publish","4":"format-standard","5":"has-post-thumbnail","7":"category-overskrifter","8":"tag-breaking-news","9":"tag-breakingnews","10":"tag-featured-news","11":"tag-featurednews","12":"tag-headlines","13":"tag-hovedoppslag","14":"tag-latest-news","15":"tag-latestnews","16":"tag-main-news","17":"tag-mainnews","18":"tag-news","19":"tag-no","20":"tag-norge","21":"tag-norway","22":"tag-nyheter","23":"tag-overskrifter","24":"tag-top-stories","25":"tag-topstories"},"share_on_mastodon":{"url":"https:\/\/pubeurope.com\/@no\/115869352137991349","error":""},"_links":{"self":[{"href":"https:\/\/www.europesays.com\/no\/wp-json\/wp\/v2\/posts\/133613","targetHints":{"allow":["GET"]}}],"collection":[{"href":"https:\/\/www.europesays.com\/no\/wp-json\/wp\/v2\/posts"}],"about":[{"href":"https:\/\/www.europesays.com\/no\/wp-json\/wp\/v2\/types\/post"}],"author":[{"embeddable":true,"href":"https:\/\/www.europesays.com\/no\/wp-json\/wp\/v2\/users\/2"}],"replies":[{"embeddable":true,"href":"https:\/\/www.europesays.com\/no\/wp-json\/wp\/v2\/comments?post=133613"}],"version-history":[{"count":0,"href":"https:\/\/www.europesays.com\/no\/wp-json\/wp\/v2\/posts\/133613\/revisions"}],"wp:featuredmedia":[{"embeddable":true,"href":"https:\/\/www.europesays.com\/no\/wp-json\/wp\/v2\/media\/133614"}],"wp:attachment":[{"href":"https:\/\/www.europesays.com\/no\/wp-json\/wp\/v2\/media?parent=133613"}],"wp:term":[{"taxonomy":"category","embeddable":true,"href":"https:\/\/www.europesays.com\/no\/wp-json\/wp\/v2\/categories?post=133613"},{"taxonomy":"post_tag","embeddable":true,"href":"https:\/\/www.europesays.com\/no\/wp-json\/wp\/v2\/tags?post=133613"}],"curies":[{"name":"wp","href":"https:\/\/api.w.org\/{rel}","templated":true}]}}