{"id":133619,"date":"2026-01-10T06:30:08","date_gmt":"2026-01-10T06:30:08","guid":{"rendered":"https:\/\/www.europesays.com\/no\/133619\/"},"modified":"2026-01-10T06:30:08","modified_gmt":"2026-01-10T06:30:08","slug":"vi-vil-vise-at-hoiby-ikke-slipper-billigere-unna","status":"publish","type":"post","link":"https:\/\/www.europesays.com\/no\/133619\/","title":{"rendered":"Vi vil vise at H\u00f8iby ikke slipper billigere unna"},"content":{"rendered":"\n<p class=\"_lead_o9xde_2 _lead_xtcu6_50 layout-component text-serif-m layout-normal text-serif-l layout-component layout-wide layout-padded _wide_17hqh_1 layout-padded\">Rettssaken mot Marius Borg H\u00f8iby er en mulighet til \u00e5 vise at rettsprosessen er rettferdig, sier aktor i saken, Sturla Henriksb\u00f8, i et portrettintervju.<\/p>\n<p><img alt=\"Statsadvokat Sturla Henriksb\u00f8 i rettssaken mot Arfan Bhatti i Oslo tingrett i november i fjor.  Foto: Heiko Junge \/ NTB\" class=\"_image_qp4xg_65 layout-component layout-wide\" data-fullscreen- data-track-element-type=\"Article image fullscreen\" data-track-name=\"ImageFullscreen\" fetchpriority=\"high\" decoding=\"sync\" loading=\"eager\" height=\"683\" itemprop=\"image\"  src=\"https:\/\/www.europesays.com\/no\/wp-content\/uploads\/2026\/01\/b6f1caf3-35b0-475c-b4aa-9c168ddfcfa3.png\"  style=\"object-position:0% 0%\" width=\"1024\"\/>Statsadvokat Sturla Henriksb\u00f8 i rettssaken mot Arfan Bhatti i Oslo tingrett i november i fjor.  Foto: Heiko Junge \/ NTB<\/p>\n<ul aria-hidden=\"true\" class=\"_images_ntbth_112\">\n<li><a class=\"_link_ntbth_117\" href=\"https:\/\/www.vg.no\/forfatter\/ntb\" style=\"z-index:1\" title=\"NTB\" rel=\"nofollow noopener\" target=\"_blank\"><img alt=\"Bilde av NTB\" class=\"_image_ntbth_93\" fetchpriority=\"low\" loading=\"lazy\" decoding=\"async\" itemprop=\"image\"  src=\"https:\/\/www.europesays.com\/no\/wp-content\/uploads\/2026\/01\/1768026608_905_c33980b0-5d07-4027-84a1-813f90a7c8d6.png\"  width=\"480\"\/><\/a><\/li>\n<\/ul>\n<p> Oppdatert l\u00f8rdag 10. januar kl. 07:03     <\/p>\n<p class=\"_paragraph_o9xde_4 _paragraph_xtcu6_10 layout-component text-serif-m layout-normal text-serif-m layout-padded\">Statsadvokaten er intervjuet i l\u00f8rdagsmagasinet til Aftenposten.<\/p>\n<p class=\"_paragraph_o9xde_4 _paragraph_xtcu6_10 layout-component text-serif-m layout-normal text-serif-m layout-padded\">\u2013 Vi vil vise at H\u00f8iby ikke slipper billigere unna fordi han er medlem av kongefamilien. Han skal heller ikke d\u00f8mmes strengere fordi han er den han er, sier Henriksb\u00f8.<\/p>\n<p class=\"_paragraph_o9xde_4 _paragraph_xtcu6_10 layout-component text-serif-m layout-normal text-serif-m layout-padded\">Rettssaken starter i Oslo tingrett 3. februar og skal g\u00e5 over seks uker.<\/p>\n<p><img alt=\"Marius Borg H\u00f8iby under markeringen av prinsesse Ingrid Alexandras myndighetsdag i 2022. Han nekter for de mest alvorlige punktene i tiltalen.   Foto: Lise \u00c5serud \/ NTB\" class=\"_image_qp4xg_65 layout-component layout-normal\" data-fullscreen- data-track-element-type=\"Article image fullscreen\" data-track-name=\"ImageFullscreen\" decoding=\"async\" loading=\"lazy\" height=\"1862\" itemprop=\"image\"  src=\"https:\/\/www.europesays.com\/no\/wp-content\/uploads\/2026\/01\/23f5f63c-9db6-4a76-bcdd-b5bba5d4082b.jpeg\"  style=\"object-position:0% 0%\" width=\"2361\"\/>Marius Borg H\u00f8iby under markeringen av prinsesse Ingrid Alexandras myndighetsdag i 2022. Han nekter for de mest alvorlige punktene i tiltalen.   Foto: Lise \u00c5serud \/ NTB<\/p>\n<p class=\"_paragraph_o9xde_4 _paragraph_xtcu6_10 layout-component text-serif-m layout-normal text-serif-m layout-padded\">I intervjuet sier Henriksb\u00f8 at han synes synd p\u00e5 nesten alle som blir tiltalt og d\u00f8mt i alvorlige straffesaker.<\/p>\n<p class=\"_paragraph_o9xde_4 _paragraph_xtcu6_10 layout-component text-serif-m layout-normal text-serif-m layout-padded\">\u2013 De er mennesker, selv om de har gjort noe galt. P\u00e5kjenningen ved en rettssak og det \u00e5 faktisk bli d\u00f8mt kan v\u00e6re st\u00f8rre enn selve straffen, sier han.<\/p>\n<p class=\"_paragraph_o9xde_4 _paragraph_xtcu6_10 layout-component text-serif-m layout-normal text-serif-m layout-padded\">Samtidig understreker han at ofrene for straffbare handlinger ogs\u00e5 b\u00e6rer en tung byrde, og at rettsprosessen blir en stor belastning p\u00e5 toppen av det de allerede er utsatt for.<\/p>\n<p>Tiltale p\u00e5 32 punkter<\/p>\n<p class=\"_paragraph_o9xde_4 _paragraph_xtcu6_10 layout-component text-serif-m layout-normal text-serif-m layout-padded\">Kronprinsesse Mette-Marits s\u00f8nn, <a href=\"https:\/\/www.vg.no\/tag\/marius-borg-hoeiby?utm_source=vg-article&amp;utm_medium=auto-tagger&amp;utm_campaign=wre82L\" class=\"_link_o9xde_39\" rel=\"nofollow noopener\" target=\"_blank\">Marius Borg H\u00f8iby<\/a>, er tiltalt for 32 forhold, blant annet fire voldtekter og mishandling i n\u00e6re relasjoner av ekskj\u00e6resten Nora Haukland.<\/p>\n<p class=\"_paragraph_o9xde_4 _paragraph_xtcu6_10 layout-component text-serif-m layout-normal text-serif-m layout-padded\">Han nekter straffskyld for de mest alvorlige anklagene.<\/p>\n<p class=\"_paragraph_o9xde_4 _paragraph_xtcu6_10 layout-component text-serif-m layout-normal text-serif-m layout-padded\">Interessen for \u00e5 dekke straffesaken mot Marius Borg H\u00f8iby i februar er voldsom. Det er bedt om presseakkreditering for 190 personer, if\u00f8lge Oslo tingrett.<\/p>\n<p>Mange utenlandske<\/p>\n<p class=\"_paragraph_o9xde_4 _paragraph_xtcu6_10 layout-component text-serif-m layout-normal text-serif-m layout-padded\">Hele 24 norske og 17 utenlandske medier har meldt at de vil dekke saken, opplyste kommunikasjonsr\u00e5dgiver Markus Iestra ved Oslo tingrett i november.<\/p>\n<p class=\"_paragraph_o9xde_4 _paragraph_xtcu6_10 layout-component text-serif-m layout-normal text-serif-m layout-padded\">\u2013 De utenlandske mediene er skandinaviske og europeiske. De kommer blant annet fra Sverige, Danmark, Tyskland, Nederland, England og Spania, sa han til NTB.<\/p>\n<p class=\"_paragraph_o9xde_4 _paragraph_xtcu6_10 layout-component text-serif-m layout-normal text-serif-m layout-padded\">Hele 190 personer har bedt om presseakkreditering.<\/p>\n<p class=\"_paragraph_o9xde_4 _paragraph_xtcu6_10 layout-component text-serif-m layout-normal text-serif-m layout-padded\">\u2013 Jeg h\u00e5per og tror at det som skjer inne i rettssalen, kommer til \u00e5 g\u00e5 helt fint. Men jeg er bekymret for alt som kan skje utenfor. I Norge har vi gode og seri\u00f8se medieakt\u00f8rer som oppf\u00f8rer seg bra og f\u00f8lger de etiske spillereglene. Vi vet samtidig at det kommer journalister fra utlandet som i st\u00f8rre grad driver rovdrift p\u00e5 kjendiser, sier Sturla Henriksb\u00f8 til Aftenposten.<\/p>\n","protected":false},"excerpt":{"rendered":"Rettssaken mot Marius Borg H\u00f8iby er en mulighet til \u00e5 vise at rettsprosessen er rettferdig, sier aktor i&hellip;\n","protected":false},"author":2,"featured_media":133620,"comment_status":"","ping_status":"","sticky":false,"template":"","format":"standard","meta":{"footnotes":""},"categories":[12],"tags":[20,21,24,25,15,22,23,400,13,30,28,29,14,944,16,26,27,42,43,44,45],"class_list":{"0":"post-133619","1":"post","2":"type-post","3":"status-publish","4":"format-standard","5":"has-post-thumbnail","7":"category-verden","8":"tag-breaking-news","9":"tag-breakingnews","10":"tag-featured-news","11":"tag-featurednews","12":"tag-headlines","13":"tag-latest-news","14":"tag-latestnews","15":"tag-marius-borg-hoiby","16":"tag-news","17":"tag-no","18":"tag-norge","19":"tag-norway","20":"tag-nyheter","21":"tag-oslo-tingrett","22":"tag-overskrifter","23":"tag-top-stories","24":"tag-topstories","25":"tag-verden","26":"tag-world","27":"tag-world-news","28":"tag-worldnews"},"share_on_mastodon":{"url":"https:\/\/pubeurope.com\/@no\/115869399318651044","error":""},"_links":{"self":[{"href":"https:\/\/www.europesays.com\/no\/wp-json\/wp\/v2\/posts\/133619","targetHints":{"allow":["GET"]}}],"collection":[{"href":"https:\/\/www.europesays.com\/no\/wp-json\/wp\/v2\/posts"}],"about":[{"href":"https:\/\/www.europesays.com\/no\/wp-json\/wp\/v2\/types\/post"}],"author":[{"embeddable":true,"href":"https:\/\/www.europesays.com\/no\/wp-json\/wp\/v2\/users\/2"}],"replies":[{"embeddable":true,"href":"https:\/\/www.europesays.com\/no\/wp-json\/wp\/v2\/comments?post=133619"}],"version-history":[{"count":0,"href":"https:\/\/www.europesays.com\/no\/wp-json\/wp\/v2\/posts\/133619\/revisions"}],"wp:featuredmedia":[{"embeddable":true,"href":"https:\/\/www.europesays.com\/no\/wp-json\/wp\/v2\/media\/133620"}],"wp:attachment":[{"href":"https:\/\/www.europesays.com\/no\/wp-json\/wp\/v2\/media?parent=133619"}],"wp:term":[{"taxonomy":"category","embeddable":true,"href":"https:\/\/www.europesays.com\/no\/wp-json\/wp\/v2\/categories?post=133619"},{"taxonomy":"post_tag","embeddable":true,"href":"https:\/\/www.europesays.com\/no\/wp-json\/wp\/v2\/tags?post=133619"}],"curies":[{"name":"wp","href":"https:\/\/api.w.org\/{rel}","templated":true}]}}