{"id":133627,"date":"2026-01-10T07:06:13","date_gmt":"2026-01-10T07:06:13","guid":{"rendered":"https:\/\/www.europesays.com\/no\/133627\/"},"modified":"2026-01-10T07:06:13","modified_gmt":"2026-01-10T07:06:13","slug":"a-skrote-laerernormen-er-en-oppskrift-pa-darligere-skole","status":"publish","type":"post","link":"https:\/\/www.europesays.com\/no\/133627\/","title":{"rendered":"\u00c5 skrote l\u00e6rernormen er en oppskrift p\u00e5 d\u00e5rligere skole"},"content":{"rendered":"<p class=\"kicker t14 tm14 font-NotoSans\" style=\"\"><a href=\"https:\/\/www.abcnyheter.no\/stemmer\" rel=\"nofollow noopener\" target=\"_blank\">KRONIKK<\/a><\/p>\n<p>    Det vil gi mindre tid til hver elev, og det vil bli vanskeligere \u00e5 ruste alle elevene til deltagelse i samfunnet og et godt liv.<\/p>\n<p>\n        Jeg h\u00e5per at nasjonale politikere vil legge disse forslagene i skuffen, der de h\u00f8rer hjemme, skriver R\u00f8svoll.<br \/>\n        Gorm Kallestad \/ NTB\n    <\/p>\n<p> I dag la Kommunekommisjonen fram sin f\u00f8rste rapport. Kommisjonen er nedsatt av regjeringen og skal foresl\u00e5 tiltak for \u00e5 lette styringstrykket p\u00e5 kommunene. Den skal ogs\u00e5 foresl\u00e5 tiltak som gir effektive og likeverdige tjenester i kommunene. Et av tiltakene flertallet foresl\u00e5r, er \u00e5 fjerne l\u00e6rernormen, eller flytte den fra skoleniv\u00e5 til kommuneniv\u00e5.<\/p>\n<p>        Minstenorm for l\u00e6rertetthet (l\u00e6rernormen)<\/p>\n<p>L\u00e6rernormen er et nasjonalt krav gjennom oppl\u00e6ringsloven som sikrer et minimumsniv\u00e5 av l\u00e6rertetthet i norske skoler. Den fastsetter at det i gjennomsnitt ikke skal v\u00e6re mer enn 15 elever per l\u00e6rer p\u00e5 1.\u20134. trinn, og ikke mer enn 20 elever per l\u00e6rer p\u00e5 5.\u201310. trinn.<\/p>\n<p>Hovedm\u00e5lene med l\u00e6rernormen:<\/p>\n<ul>\n<li>\n<p>Sikre alle elever tilgang til kvalifiserte l\u00e6rere, uavhengig av hvor i landet de bor, for \u00e5 gi et forsvarlig oppl\u00e6ringstilbud.<\/p>\n<\/li>\n<li>\n<p>Redusere ulikheter i klasserommene ved \u00e5 garantere et minimumsniv\u00e5 av kvalitet og ressurser over hele landet.<\/p>\n<\/li>\n<li>\n<p>\u00c5 opprettholde l\u00e6rernormen bidrar til at elever kan f\u00e5 n\u00f8dvendig oppf\u00f8lging og tilpasset oppl\u00e6ring, noe som er avgj\u00f8rende for l\u00e6ring og trivsel.<\/p>\n<\/li>\n<\/ul>\n<p>Som medlem i kommisjonen har jeg tatt dissens p\u00e5 dette forslaget, fordi det verken vil f\u00f8re til bedre tjenester \u2013 eller mer likeverdighet.<\/p>\n<p class=\"quote\"> Politikere som \u00f8nsker en bedre skole, kan ikke st\u00f8tte forslaget om \u00e5 fjerne eller svekke normen. <\/p>\n<p>\u00c5 fjerne eller endre l\u00e6rernormen, \u00e5pner for \u00e5 kutte i antall l\u00e6rere i skolen. Uten en minstenorm for l\u00e6rertetthet vil det bli mindre tid til elevene, st\u00f8rre klasser og med stor sannsynlighet mer uro i klasserommene.<\/p>\n<p>Frislipp har gitt d\u00e5rlig resultat f\u00f8r<\/p>\n<p>Da klassedelingstallet, som regulerte st\u00f8rrelsen per klasse, ble opphevet i 2003, f\u00f8rte det til stadig st\u00f8rre elevgrupper og st\u00f8rre forskjeller mellom skoler og mellom kommuner. Erfaringene med dette frislippet, f\u00f8rte til at l\u00e6rernormen ble innf\u00f8rt i 2018.\u00a0<\/p>\n<p>        <a itemprop=\"url\" class=\"\" href=\"https:\/\/www.abcnyheter.no\/nyheter\/utvalg-vil-skrote-krav-om-antall-laerere-far-kraftig-kritikk-av-fagmiljoet\/1368335\" data-k5a-url=\"https:\/\/www.abcnyheter.no\/a\/1368335\" rel=\"nofollow noopener\" target=\"_blank\"><\/p>\n<p>            Utvalg vil skrote krav<\/p>\n<p itemprop=\"section\" class=\"section\" data-tag=\"nyheter\">nyheter<\/p>\n<p>        <\/a><\/p>\n<p class=\"font-weight-bold m-font-weight-bold\" data-lab-font_weight=\"font-weight-bold\">Stortinget inns\u00e5 at nasjonale f\u00f8ringer var n\u00f8dvendig for \u00e5 sikre et likeverdig skoletilbud i hele landet. Innf\u00f8ringen av normen f\u00f8rte til 2500 flere l\u00e6rere i grunnskolen.<\/p>\n<p>N\u00e5 kan vi komme til \u00e5 gj\u00f8re den samme feilen igjen. I en tid med sv\u00e6rt trang kommune\u00f8konomi og \u00f8kt oppmerksomhet om endret demografi, er l\u00e6rernormen viktigere enn noen gang. Den bidrar til \u00e5 sikre prioritering av barn og unge. Politikere som \u00f8nsker en bedre skole, kan ikke st\u00f8tte forslaget om \u00e5 fjerne eller svekke normen.<\/p>\n<p>                <img decoding=\"async\" src=\"https:\/\/www.europesays.com\/no\/wp-content\/uploads\/2026\/01\/1368760.webp.jpeg\" width=\"480\" height=\"346\" title=\"Kommunekommisjonens forslag om \u00e5 fjerne l\u00e6rernormen vil gj\u00f8re tilbudet til skoleelever d\u00e5rligere, sier leder i Utdanningsforbundet Geir R\u00f8svoll.\" alt=\"\" loading=\"lazy\" style=\"\"\/><\/p>\n<p>\n            Kommunekommisjonens forslag om \u00e5 fjerne l\u00e6rernormen vil gj\u00f8re tilbudet til skoleelever d\u00e5rligere, sier leder i Utdanningsforbundet Geir R\u00f8svoll.<br \/>\n            Harald \u00c5ker\/Utdanningsforbundet\n        <\/p>\n<p>N\u00f8dvendig \u00e5 hindre utenforskap<\/p>\n<p>Skolen har en n\u00f8kkelrolle i \u00e5 hindre utenforskap. I dag st\u00e5r over 700.000 i arbeidsf\u00f8r alder utenfor arbeidslivet. \u00c5 bygge kompetanse i befolkningen er noe av det viktigste vi som samfunn kan gj\u00f8re. \u00c5 f\u00e5 flere i arbeid er helt avgj\u00f8rende for \u00e5 l\u00f8se de problemene kommisjonen beskriver, som for eksempel det store antallet eldre.\u00a0<\/p>\n<p>Over hele Europa satser i dag landene p\u00e5 kvalitet i utdanning \u2013 nettopp for \u00e5 kunne gi alle en sjanse til \u00e5 lykkes. Det \u00e5 ta vare p\u00e5 alle elevers potensial er det viktigste vi kan gj\u00f8re n\u00e5.<\/p>\n<p>\u00c5 gj\u00f8re det enklere for kommunene \u00e5 kutte l\u00e6rerstillinger, vil v\u00e6re en oppskrift p\u00e5 \u00f8kte forskjeller og \u00f8kt utenforskap.<\/p>\n<p>Dissens p\u00e5 forslag om \u00f8remerking og kompetansekrav<\/p>\n<p>Jeg har ogs\u00e5 tatt dissens p\u00e5 forslag om \u00e5 innlemme \u00f8remerkede midler i kommunerammen, og \u00e5 fjerne kompetansekravene i helsesektoren.<\/p>\n<p>Forslaget om \u00e5 slutte med \u00f8remerkede midler vil i praksis bety at nasjonale politikere gir fra seg muligheten til \u00e5 gjennomf\u00f8re overordna politiske prioriteringer. Kommunene vil i enda st\u00f8rre grad kunne velge om de vil bruke penger p\u00e5 flere l\u00e6rere i barnehagen, kj\u00f8pe inn l\u00e6reb\u00f8ker, eller andre ting regjeringen \u00f8nsker \u00e5 prioritere. Vi har sett at \u00f8nska satsinger som er kommet uten \u00f8remerket finansiering, har blitt brukt til mye forskjellig, og at hensikten smuldrer bort.<\/p>\n<p class=\"italic m-italic\" data-lab-italic=\"italic\">Jeg h\u00e5per at nasjonale politikere vil legge disse forslagene i skuffen, der de h\u00f8rer hjemme.<\/p>\n<p class=\"italic m-italic\" data-lab-italic=\"italic\"><a href=\"https:\/\/www.abcnyheter.no\/stemmer\" target=\"_blank\" rel=\"nofollow noopener\">Stemmer<\/a>\u00a0er ABC Nyheters debattseksjon. Dette er meningsytringer, og innholdet st\u00e5r for skribentens regning. \u00d8nsker du \u00e5 bidra? Send kronikk eller debattinnlegg til\u00a0<a href=\"https:\/\/www.abcnyheter.no\/stemmer\/a-skrote-laerernormen-er-en-oppskrift-pa-darligere-skole\/mailto:stemmer@abcnyheter.no\" target=\"_blank\" rel=\"nofollow noopener\">stemmer@abcnyheter.no<\/a>. <\/p>\n","protected":false},"excerpt":{"rendered":"KRONIKK Det vil gi mindre tid til hver elev, og det vil bli vanskeligere \u00e5 ruste alle elevene&hellip;\n","protected":false},"author":2,"featured_media":133628,"comment_status":"","ping_status":"","sticky":false,"template":"","format":"standard","meta":{"footnotes":""},"categories":[10],"tags":[20,21,24,25,15,22,23,13,30,28,29,14,16,26,27],"class_list":{"0":"post-133627","1":"post","2":"type-post","3":"status-publish","4":"format-standard","5":"has-post-thumbnail","7":"category-norge","8":"tag-breaking-news","9":"tag-breakingnews","10":"tag-featured-news","11":"tag-featurednews","12":"tag-headlines","13":"tag-latest-news","14":"tag-latestnews","15":"tag-news","16":"tag-no","17":"tag-norge","18":"tag-norway","19":"tag-nyheter","20":"tag-overskrifter","21":"tag-top-stories","22":"tag-topstories"},"share_on_mastodon":{"url":"https:\/\/pubeurope.com\/@no\/115869540867698398","error":""},"_links":{"self":[{"href":"https:\/\/www.europesays.com\/no\/wp-json\/wp\/v2\/posts\/133627","targetHints":{"allow":["GET"]}}],"collection":[{"href":"https:\/\/www.europesays.com\/no\/wp-json\/wp\/v2\/posts"}],"about":[{"href":"https:\/\/www.europesays.com\/no\/wp-json\/wp\/v2\/types\/post"}],"author":[{"embeddable":true,"href":"https:\/\/www.europesays.com\/no\/wp-json\/wp\/v2\/users\/2"}],"replies":[{"embeddable":true,"href":"https:\/\/www.europesays.com\/no\/wp-json\/wp\/v2\/comments?post=133627"}],"version-history":[{"count":0,"href":"https:\/\/www.europesays.com\/no\/wp-json\/wp\/v2\/posts\/133627\/revisions"}],"wp:featuredmedia":[{"embeddable":true,"href":"https:\/\/www.europesays.com\/no\/wp-json\/wp\/v2\/media\/133628"}],"wp:attachment":[{"href":"https:\/\/www.europesays.com\/no\/wp-json\/wp\/v2\/media?parent=133627"}],"wp:term":[{"taxonomy":"category","embeddable":true,"href":"https:\/\/www.europesays.com\/no\/wp-json\/wp\/v2\/categories?post=133627"},{"taxonomy":"post_tag","embeddable":true,"href":"https:\/\/www.europesays.com\/no\/wp-json\/wp\/v2\/tags?post=133627"}],"curies":[{"name":"wp","href":"https:\/\/api.w.org\/{rel}","templated":true}]}}