{"id":133629,"date":"2026-01-10T07:13:11","date_gmt":"2026-01-10T07:13:11","guid":{"rendered":"https:\/\/www.europesays.com\/no\/133629\/"},"modified":"2026-01-10T07:13:11","modified_gmt":"2026-01-10T07:13:11","slug":"jeg-har-ikke-lyst-til-a-flytte-e24","status":"publish","type":"post","link":"https:\/\/www.europesays.com\/no\/133629\/","title":{"rendered":"\u2013 Jeg har ikke lyst til \u00e5 flytte \u2013 E24"},"content":{"rendered":"<p class=\"fullWidthDesktop hyperion-css-71ztg2\" data-test-tag=\"lead-text\">Borgarting lagmannsretts dom skaper stor usikkerhet blant beboerne i to boligblokker i Lillestr\u00f8m. Hybelen Niklas Adelsten Aurstad (26) leier er ulovlig, mener retten. <\/p>\n<p><img decoding=\"async\" class=\"image-asset hyperion-css-4dcx3f\" data-test-tag=\"image-asset\" src=\"https:\/\/www.europesays.com\/no\/wp-content\/uploads\/2026\/01\/69cf8ca3-f571-41b6-a5c3-879a64a8151b.jpeg\"  alt=\"Niklas Adelsten Aurstad (26) frykter at han blir n\u00f8dt til \u00e5 ta med seg de to  dvergpapeg\u00f8yene sine og flytte. \"  loading=\"eager\" fetchpriority=\"high\" style=\"aspect-ratio:1900 \/ 1267\"\/>Niklas Adelsten Aurstad (26) frykter at han blir n\u00f8dt til \u00e5 ta med seg de to  dvergpapeg\u00f8yene sine og flytte. Foto: Skjalg B\u00f8hmer VoldPublisert: Publisert: <\/p>\n<p>For mindre enn 3 timer siden<\/p>\n<p>Kortversjonen<\/p>\n<ul class=\"hyperion-css-pkq1ci\" data-test-tag=\"list\">\n<li class=\"hyperion-css-12h2ush\">Borgarting lagmannsrett mener 56 hybler i Lillestr\u00f8m sentrum er bygget i strid med tillatelsen fra kommunen.<\/li>\n<li class=\"hyperion-css-12h2ush\">Beboerne lever n\u00e5 i usikkerhet p\u00e5 om de m\u00e5 flytte ut, inkludert Niklas Adelsten Aurstad (26) som leier en hybel i bygget. <\/li>\n<li class=\"hyperion-css-12h2ush\">Advokaten til eiendomsselskapet K Tre AS vil ikke kommentere dommen, men sier de vurderer \u00e5 anke til H\u00f8yesterett. <\/li>\n<\/ul>\n<p class=\"hyperion-css-10lbhat\">Oppsummeringen er laget av AI-verkt\u00f8yet ChatGPT og kvalitetssikret av E24s journalister<\/p>\n<p>Vis mer <\/p>\n<ul class=\"hyperion-css-pte5x0\">\n<li aria-label=\"link\" class=\"narrow-button hyperion-css-1sz7d3n\">Kopier lenke<\/li>\n<li aria-label=\"link\" class=\"wide-button hyperion-css-1sz7d3n\">Kopier lenke<\/li>\n<li aria-label=\"facebook\" class=\"narrow-button hyperion-css-1sz7d3n\">Del p\u00e5 Facebook<\/li>\n<li aria-label=\"facebook\" class=\"wide-button hyperion-css-1sz7d3n\">Del p\u00e5 Facebook<\/li>\n<li aria-label=\"email\" class=\"narrow-button hyperion-css-1sz7d3n\">Del med e-post<\/li>\n<li aria-label=\"email\" class=\"wide-button hyperion-css-1sz7d3n\">Del med e-post<\/li>\n<\/ul>\n<p class=\"hyperion-css-1lemvax\">Onsdag falt dommen om 56 hybler i Lillestr\u00f8m sentrum. Borgarting lagmannsrett mener at firmaet K Tre AS har oppf\u00f8rt hyblene i strid med tillatelsen fra kommunen. Dommen er ikke rettskraftig enn\u00e5. <\/p>\n<p class=\"hyperion-css-1lemvax\">N\u00e5 er beboerne i villrede om hva som vil skje videre. \u00c9n av leietagerne i bygget, Niklas Adelsten Aurstad (26), har bodd i en hybelen siden mars i 2024, sier han. <\/p>\n<p class=\"hyperion-css-1lemvax\">\u2013 Jeg har h\u00f8rt gjennom venner at det har v\u00e6rt noen rettssaker og lignende, men jeg har ikke tenkt s\u00e5 mye mer p\u00e5 det, sier han. <\/p>\n<p><a data-test-tag=\"teaser-small:link-internal\" href=\"https:\/\/e24.no\/boers-og-finans\/i\/Ar21Gq\/nyttaarsrakettene-paa-boersen\" class=\"imagePosition-top inline hyperion-css-6238vu\" rel=\"nofollow noopener\" target=\"\" aria-label=\"Nytt\u00e5rsrakettene p\u00e5 b\u00f8rsen\"><\/p>\n<p>Les p\u00e5 E24+<\/p>\n<p>Nytt\u00e5rsrakettene p\u00e5 b\u00f8rsen<\/p>\n<p><\/a><\/p>\n<p class=\"hyperion-css-1lemvax\">N\u00e5r han fredag h\u00f8rer at det har kommet en ny dom i saken, skulle han gjerne \u00f8nsket seg mer informasjon. Aurstad frykter at han blir n\u00f8dt til \u00e5 flytte. <\/p>\n<p class=\"hyperion-css-1lemvax\">\u2013 Det er dumt. Jeg har ikke lyst til \u00e5 flytte. <\/p>\n<p class=\"hyperion-css-1lemvax\">26-\u00e5ringen sier han liker den sentrumsn\u00e6re beliggenheten og at matbutikken ligger i etasjen under. Med et kn\u00f8ttlite kj\u00f8kken, hjelper det p\u00e5 \u00e5 kunne handle ofte, forteller han.<\/p>\n<p><img decoding=\"async\" class=\"image-asset hyperion-css-1rmnev8\" data-test-tag=\"image-asset\" src=\"https:\/\/www.europesays.com\/no\/wp-content\/uploads\/2026\/01\/f6e4d034-c5ce-4ef9-a830-b52b076ae814.jpeg\"  alt=\"I f\u00f8rste etasje ligger n\u00e6rbutikken til Aurstad. \"  loading=\"eager\" fetchpriority=\"high\" style=\"aspect-ratio:1900 \/ 1267\"\/>I f\u00f8rste etasje ligger n\u00e6rbutikken til Aurstad. Foto: Skjalg B\u00f8hmer Vold<\/p>\n<p class=\"hyperion-css-1lemvax\">Hybelen deler han med de to dvergpapeg\u00f8yene Vitus og Vita som flyr fritt rundt. Leiligheten p\u00e5 rundt 19 kvadratmeter betaler han 10.000 kroner i m\u00e5neden for. Han mener det hjelper \u00e5 ha en liten leilighet, for da kj\u00f8per han ikke ting han ikke trenger. <\/p>\n<p class=\"hyperion-css-1lemvax\">N\u00e5 aner han ikke om han vil kunne fortsette \u00e5 bo der lenger. <\/p>\n<p class=\"hyperion-css-1lemvax\">\u2013 Det er litt kjipt da. Jeg er blitt vant til \u00e5 bo s\u00e5 lite. <\/p>\n<p class=\"hyperion-css-1lemvax\"><a aria-label=\"Rett24\" class=\"default hyperion-css-1rezu2g\" href=\"https:\/\/rett24.no\/articles\/eiendomsselskap-tapte-etter-at-staten-anket-prinsippsak-om-hybler-i-boligblokk\" rel=\"noopener nofollow noreferrer\" data-test-tag=\"external-link\" target=\"_blank\">Rett24<\/a> og <a aria-label=\"Romerikes Blad\" class=\"default hyperion-css-1rezu2g\" href=\"https:\/\/www.rb.no\/56-beboere-star-i-fare-for-a-bli-kastet-ut\/s\/5-43-2648826\" rel=\"noopener nofollow noreferrer\" data-test-tag=\"external-link\" target=\"_blank\">Romerikes Blad<\/a> har omtalt saken tidligere. <\/p>\n<p>\u00c9n eller to boenheter?<\/p>\n<p class=\"hyperion-css-1lemvax\">I mars 2018 fikk selskapet rammetillatelse fra kommunen til \u00e5 bygge 265 boenheter, fordelt p\u00e5 syv n\u00e6rings- og boligblokker i sentrum av Lillestr\u00f8m. <\/p>\n<p class=\"hyperion-css-1lemvax\">Men da kommunen var p\u00e5 befaring i desember 2023, fant kommunen hele 56 boenheter som de mente var ulovlige. Dette var hybler med egen l\u00e5sbar d\u00f8r, et lite kj\u00f8kken og eget bad. Dermed mente b\u00e5de kommunen og statsforvalteren at de m\u00e5tte ansees som egen boenhet. <\/p>\n<p><img decoding=\"async\" class=\"image-asset hyperion-css-1sq2n8h\" data-test-tag=\"image-asset\" src=\"https:\/\/www.europesays.com\/no\/wp-content\/uploads\/2026\/01\/5a09c829-e15b-429f-bbb3-09087e00fb3b.jpeg\"  alt=\"Buret til Vitus og Vita tar opp my av plassen i hybelen. I tillegg har 26-\u00e5ringen plass til en seng, en TV og en skrivepult. Han er storforn\u00f8yd, men savner stekeovn og oppvaskmaskin. \"  loading=\"eager\" fetchpriority=\"high\" style=\"aspect-ratio:1900 \/ 1267\"\/>Buret til Vitus og Vita tar opp my av plassen i hybelen. I tillegg har 26-\u00e5ringen plass til en seng, en TV og en skrivepult. Han er storforn\u00f8yd, men savner stekeovn og oppvaskmaskin. Foto: Skjalg B\u00f8hmer Vold<\/p>\n<p class=\"hyperion-css-1lemvax\">Kommunen fattet et vedtak om at K Tre AS m\u00e5tte tilbakef\u00f8re boenhetene, slik at de var i tr\u00e5d med tillatelsen p\u00e5 265 boenheter. <\/p>\n<p class=\"hyperion-css-1lemvax\">Dette klaget K Tre As p\u00e5, og saken endte etter hvert i retten. Selskapet vant frem i tingretten, men tapte denne uken i Borgarting lagmannsrett.<\/p>\n<p class=\"hyperion-css-1lemvax\">K Tre AS mener leilighetene og hybeldelene m\u00e5 ansees som \u00e9n boenhet, fremg\u00e5r det av dommen. I retten argumenterte selskapet med at rommet p\u00e5 14 kvadratmeter kan brukes b\u00e5de som hybel og som soverom med eget bad. Dette gir rom for mer fleksibilitet og mulighet til \u00e5 gi en \u00f8kt tilgang til utleieenheter, noe lagmannsretten var enig i. <\/p>\n<p><img decoding=\"async\" class=\"image-asset hyperion-css-1vjlt9z\" data-test-tag=\"image-asset\" src=\"https:\/\/www.europesays.com\/no\/wp-content\/uploads\/2026\/01\/e15e40ab-2db7-4158-8332-739afac7f27c.jpeg\"  alt=\"De to boligblokkene ligger sentralt i Lillestr\u00f8m sentrum. Alle leilighetene benyttes til utleie. \"  loading=\"eager\" fetchpriority=\"high\" style=\"aspect-ratio:1900 \/ 1267\"\/>De to boligblokkene ligger sentralt i Lillestr\u00f8m sentrum. Alle leilighetene benyttes til utleie. Foto: Skjalg B\u00f8hmer Vold<\/p>\n<p class=\"hyperion-css-1lemvax\">Lagmannsretten la samtidig vekt p\u00e5 at hybeldelen er markert som \u00absov\u00bb og ikke som eksempelvis \u00abhybel\u00bb i plantegningene.<\/p>\n<p class=\"hyperion-css-1lemvax\">\u00abDet kunne enkelt ha v\u00e6rt skrevet inn \u00abhybel\u00bb i plantegningene eller p\u00e5 annen m\u00e5te ha v\u00e6rt gitt uttrykk for at hybel med kj\u00f8kken kunne etableres. Etter lagmannsrettens syn fremg\u00e5r en forutsetning om hybel med kj\u00f8kken ikke tilstrekkelig klart av plantegningen\u00bb, skriver lagmannsretten. <\/p>\n<p><img decoding=\"async\" class=\"image-asset hyperion-css-qs5daf\" data-test-tag=\"image-asset\" src=\"https:\/\/www.europesays.com\/no\/wp-content\/uploads\/2026\/01\/f28c2725-43b7-4be4-8702-521d4f9cd259.jpeg\"  alt=\"Eksempel fra plantegningene brukt i retten. De tre boksene i soverommet p\u00e5 14 kvadratmeter markerer hvor kj\u00f8kkenet st\u00e5r i hybeldelen. \"  loading=\"eager\" fetchpriority=\"high\" style=\"aspect-ratio:453 \/ 292\"\/>Eksempel fra plantegningene brukt i retten. De tre boksene i soverommet p\u00e5 14 kvadratmeter markerer hvor kj\u00f8kkenet st\u00e5r i hybeldelen. Foto: Skjermdump\/Borgarting lagmannsrett<\/p>\n<p class=\"hyperion-css-1lemvax\">\u00abN\u00e5r det heller ikke noe sted i s\u00f8knadsdokumentene er forklart at den mindre delen av de aktuelle 56 leilighetene er ment for \u00e5 kunne leies ut som hybel\/utleiedel, mener lagmannsretten at s\u00f8knaden er uklar og at denne uklarheten m\u00e5 g\u00e5 ut over s\u00f8keren\u00bb, fortsetter dommen. <\/p>\n<p class=\"hyperion-css-1lemvax\">Retten valgte \u00e5 opprettholde vedtaket om ulovlige hybler og p\u00e5legg om retting fra kommunen. <\/p>\n<p class=\"hyperion-css-1lemvax\">Advokaten til Tre K AS, Theodor Karlsen, sier til E24 at han ikke \u00f8nsker \u00e5 kommentere dommen. <\/p>\n<p class=\"hyperion-css-1lemvax\">\u2013 Vi kommer til \u00e5 lese dommen grundig med klient og vurdere \u00e5 anke. <\/p>\n","protected":false},"excerpt":{"rendered":"Borgarting lagmannsretts dom skaper stor usikkerhet blant beboerne i to boligblokker i Lillestr\u00f8m. Hybelen Niklas Adelsten Aurstad (26)&hellip;\n","protected":false},"author":2,"featured_media":133630,"comment_status":"","ping_status":"","sticky":false,"template":"","format":"standard","meta":{"footnotes":""},"categories":[10],"tags":[20,21,24,25,15,22,23,13,30,28,29,14,16,26,27],"class_list":{"0":"post-133629","1":"post","2":"type-post","3":"status-publish","4":"format-standard","5":"has-post-thumbnail","7":"category-norge","8":"tag-breaking-news","9":"tag-breakingnews","10":"tag-featured-news","11":"tag-featurednews","12":"tag-headlines","13":"tag-latest-news","14":"tag-latestnews","15":"tag-news","16":"tag-no","17":"tag-norge","18":"tag-norway","19":"tag-nyheter","20":"tag-overskrifter","21":"tag-top-stories","22":"tag-topstories"},"share_on_mastodon":{"url":"https:\/\/pubeurope.com\/@no\/115869568511077308","error":""},"_links":{"self":[{"href":"https:\/\/www.europesays.com\/no\/wp-json\/wp\/v2\/posts\/133629","targetHints":{"allow":["GET"]}}],"collection":[{"href":"https:\/\/www.europesays.com\/no\/wp-json\/wp\/v2\/posts"}],"about":[{"href":"https:\/\/www.europesays.com\/no\/wp-json\/wp\/v2\/types\/post"}],"author":[{"embeddable":true,"href":"https:\/\/www.europesays.com\/no\/wp-json\/wp\/v2\/users\/2"}],"replies":[{"embeddable":true,"href":"https:\/\/www.europesays.com\/no\/wp-json\/wp\/v2\/comments?post=133629"}],"version-history":[{"count":0,"href":"https:\/\/www.europesays.com\/no\/wp-json\/wp\/v2\/posts\/133629\/revisions"}],"wp:featuredmedia":[{"embeddable":true,"href":"https:\/\/www.europesays.com\/no\/wp-json\/wp\/v2\/media\/133630"}],"wp:attachment":[{"href":"https:\/\/www.europesays.com\/no\/wp-json\/wp\/v2\/media?parent=133629"}],"wp:term":[{"taxonomy":"category","embeddable":true,"href":"https:\/\/www.europesays.com\/no\/wp-json\/wp\/v2\/categories?post=133629"},{"taxonomy":"post_tag","embeddable":true,"href":"https:\/\/www.europesays.com\/no\/wp-json\/wp\/v2\/tags?post=133629"}],"curies":[{"name":"wp","href":"https:\/\/api.w.org\/{rel}","templated":true}]}}