{"id":133631,"date":"2026-01-10T07:14:09","date_gmt":"2026-01-10T07:14:09","guid":{"rendered":"https:\/\/www.europesays.com\/no\/133631\/"},"modified":"2026-01-10T07:14:09","modified_gmt":"2026-01-10T07:14:09","slug":"ice-agent-som-drepte-amerikansk-kvinne-er-krigsveteran","status":"publish","type":"post","link":"https:\/\/www.europesays.com\/no\/133631\/","title":{"rendered":"ICE-agent som drepte amerikansk kvinne er krigsveteran"},"content":{"rendered":"\n<p class=\"_lead_o9xde_2 _lead_xtcu6_50 layout-component text-serif-m layout-normal text-serif-l layout-component layout-wide layout-padded _wide_17hqh_1 layout-padded\">Jonathan Ross tjenestegjorde i Irak og jobbet over ti \u00e5r for ICE.<\/p>\n<p><img alt=\"Jonathan Ross. Foto: Skjermbilde\" class=\"_image_qp4xg_65 layout-component layout-wide\" data-fullscreen- data-track-element-type=\"Article image fullscreen\" data-track-name=\"ImageFullscreen\" fetchpriority=\"high\" decoding=\"sync\" loading=\"eager\" height=\"720\" itemprop=\"image\"  src=\"https:\/\/www.europesays.com\/no\/wp-content\/uploads\/2026\/01\/d6ecb125-0b88-4fdd-8e1d-7357fb292a0d.jpeg\"  style=\"object-position:0% 0%\" width=\"1280\"\/>Jonathan Ross. Foto: Skjermbilde<\/p>\n<ul aria-hidden=\"true\" class=\"_images_ntbth_112\">\n<li><a class=\"_link_ntbth_117\" href=\"https:\/\/www.vg.no\/forfatter\/emma-fondenes-oevreboe\" style=\"z-index:1\" title=\"Emma Fondenes \u00d8vreb\u00f8\" rel=\"nofollow noopener\" target=\"_blank\"><img alt=\"Bilde av Emma Fondenes \u00d8vreb\u00f8\" class=\"_image_ntbth_93\" fetchpriority=\"low\" loading=\"lazy\" decoding=\"async\" itemprop=\"image\"  src=\"https:\/\/www.europesays.com\/no\/wp-content\/uploads\/2026\/01\/1768029248_91_a3715f19-7e77-4fbf-b20f-7d6f5cb479de.jpeg\"  width=\"480\"\/><\/a><\/li>\n<\/ul>\n<p> Oppdatert l\u00f8rdag 10. januar kl. 07:52    <\/p>\n<ul class=\"_list_o9xde_3 _list_64s2r_85 _unordered_o9xde_106 text-sans-m\">\n<li class=\"_item_o9xde_30\">ICE-agent Jonathan Ross skj\u00f8t og drepte Renee Nicole Good i Minneapolis.<\/li>\n<li class=\"_item_o9xde_30\">Ross har tjenestegjort i Irak og jobbet over ti \u00e5r for Sikkerhetsdepartementet.<\/li>\n<li class=\"_item_o9xde_30\">Video av hendelsen har spredt seg verden over.<\/li>\n<li class=\"_item_o9xde_30\">Hendelsen har utl\u00f8st demonstrasjoner, og FBI har tatt over etterforskningen.<\/li>\n<\/ul>\n<p>Vis mer <\/p>\n<p class=\"_paragraph_o9xde_4 _paragraph_xtcu6_10 layout-component text-serif-m layout-normal text-serif-m layout-padded\">ICE-agent Jonathan Ross, som onsdag skj\u00f8t og drepte 37 \u00e5r gamle Renee Nicole Good i Minneapolis, har lang erfaring fra milit\u00e6ret, melder <a href=\"https:\/\/www.nbcnews.com\/news\/us-news\/ice-officer-jonathan-ross-veteran-spent-decade-dhs-rcna253254\" class=\"_link_o9xde_39\" rel=\"nofollow noopener\" target=\"_blank\">NBC News<\/a>. <\/p>\n<p class=\"_paragraph_o9xde_4 _paragraph_xtcu6_10 layout-component text-serif-m layout-normal text-serif-m layout-padded\">Videoene av Renee Nicole Good som blir skutt og drept har blitt spredd over hele verden. <\/p>\n<p class=\"_paragraph_o9xde_4 _paragraph_xtcu6_10 layout-component text-serif-m layout-normal text-serif-m layout-padded\">Ross ble navngitt i amerikanske rettsdokumenter fredag kveld.<\/p>\n<p class=\"_paragraph_o9xde_4 _paragraph_xtcu6_10 layout-component text-serif-m layout-normal text-serif-m layout-padded\">I en uttalelse sier Tricia McLaughlin, assisterende sekret\u00e6r ved Sikkerhetsdepartementet, at agenten \u00aber en langvarig ICE-offiser som har tjent sitt land hele livet\u00bb, skriver <a href=\"https:\/\/www.independent.co.uk\/news\/world\/americas\/ice-agent-jonathan-ross-minneapolis-renee-nicole-good-b2897898.html\" class=\"_link_o9xde_39\" rel=\"nofollow noopener\" target=\"_blank\">The Independent<\/a>.<\/p>\n<p class=\"_paragraph_o9xde_4 _paragraph_xtcu6_10 layout-component text-serif-m layout-normal text-serif-m layout-padded\">Hun la til at hans erfaring inkluderer mer enn ti \u00e5r som ICE-agent og utvelgelse til ICEs spesialresponsgruppe.<\/p>\n<p><img alt=\"Jonathan Ross.  Foto: Skjermbilde\" class=\"_image_qp4xg_65 layout-component layout-normal\" data-fullscreen- data-track-element-type=\"Article image fullscreen\" data-track-name=\"ImageFullscreen\" decoding=\"async\" loading=\"lazy\" height=\"1080\" itemprop=\"image\"  src=\"https:\/\/www.europesays.com\/no\/wp-content\/uploads\/2026\/01\/ae076985-668f-4cde-a822-7ce32e3a3b0e.png\"  style=\"object-position:0% 0%\" width=\"1920\"\/>Jonathan Ross.  Foto: Skjermbilde<\/p>\n<p class=\"_paragraph_o9xde_4 _paragraph_xtcu6_10 layout-component text-serif-m layout-normal text-serif-m layout-padded\">Ross tjenestegjorde som maskingev\u00e6rskytter i Irak fra november 2004 til november 2005 som del av Indiana National Guard. Han mottok flere utmerkelser, inkludert Army Commendation Medal, Army Good Conduct Medal, Global War on Terrorism Medal og Iraq Campaign Medal.<\/p>\n<p><img alt=\"Renee Nicole Good (37).\" class=\"_image_qp4xg_65 layout-component layout-normal\" data-fullscreen- data-track-element-type=\"Article image fullscreen\" data-track-name=\"ImageFullscreen\" decoding=\"async\" loading=\"lazy\" height=\"699\" itemprop=\"image\"  src=\"https:\/\/www.europesays.com\/no\/wp-content\/uploads\/2026\/01\/1768029249_145_0db2461b-c9d2-42c8-98e8-d5057f5b9864.jpeg\"  style=\"object-position:0% 0%\" width=\"947\"\/>Foto: Sosiale medier<\/p>\n<p class=\"_paragraph_o9xde_4 _paragraph_xtcu6_10 layout-component text-serif-m layout-normal text-serif-m layout-padded\">Etter hjemkomsten begynte Ross i grensepolitiet i 2007 i El Paso, Texas, hvor han jobbet som etterretningsagent frem til 2015. Han analyserte informasjon om narkokarteller og menneskehandlere.<\/p>\n<ul class=\"_list_o9xde_3 _list_xtcu6_9 _unordered_o9xde_106 layout-component text-serif-m layout-normal text-serif-m layout-padded\">\n<li class=\"_item_o9xde_30\"><strong class=\"_strong_o9xde_25\">Les ogs\u00e5: <a href=\"https:\/\/www.vg.no\/nyheter\/i\/Arlzv3\/renee-nicole-good-ble-drept-av-ice-agent-i-minnesota\" data-track-element-type=\"Link\" data-track-id=\"link:Arlzv3\" class=\"_link_o9xde_39\" rel=\"nofollow noopener\" target=\"_blank\">Hvem var kvinnen som ble skutt av ICE?<\/a><\/strong><\/li>\n<\/ul>\n<p class=\"_paragraph_o9xde_4 _paragraph_xtcu6_10 layout-component text-serif-m layout-normal text-serif-m layout-padded\">I 2015 ble Ross ICE-agent i <a href=\"https:\/\/www.vg.no\/tag\/minnesota?utm_source=vg-article&amp;utm_medium=auto-tagger&amp;utm_campaign=V6q1v4\" class=\"_link_o9xde_39\" rel=\"nofollow noopener\" target=\"_blank\">Minnesota<\/a> med ansvar for \u00e5 identifisere og arrestere \u00abh\u00f8yverdi-m\u00e5l\u00bb. Han var ogs\u00e5 medlem av FBIs Joint Terrorism Task Force og jobbet med organisert kriminalitet og nasjonale sikkerhetssaker.<\/p>\n<p class=\"_paragraph_o9xde_4 _paragraph_xtcu6_10 layout-component text-serif-m layout-normal text-serif-m layout-padded\">I juni ble Ross alvorlig skadet under en arrestasjon da en sj\u00e5f\u00f8r nektet \u00e5 forlate bilen sin. Ross ble dratt minst 45 meter og trengte 33 sting. Hendelsen har likheter med situasjonen som endte med at Good ble drept.<\/p>\n<p> Sterke reaksjoner<\/p>\n<p class=\"_paragraph_o9xde_4 _paragraph_xtcu6_10 layout-component text-serif-m layout-normal text-serif-m layout-padded\">Flere naboer forteller til NBC News at Ross under presidentvalget pro-Trump-skilt utenfor huset sitt. Fredag var det ingen politiske skilt der, if\u00f8lge avisen. Ross sin politiske tilh\u00f8righet er ukjent.<\/p>\n<p class=\"_paragraph_o9xde_4 _paragraph_xtcu6_10 layout-component text-serif-m layout-normal text-serif-m layout-padded\">En kvinnelig nabo sa at hun s\u00e5 folk pakke esker hos Ross fredag morgen.<\/p>\n<p class=\"_paragraph_o9xde_4 _paragraph_xtcu6_10 layout-component text-serif-m layout-normal text-serif-m layout-padded\">\u00abDet jeg s\u00e5 var tre lastebiler og folk som flyttet esker ut derfra. Jeg sendte en SMS til en av vennene mine med en gang,\u00bb sa hun. <\/p>\n<p class=\"_paragraph_o9xde_4 _paragraph_xtcu6_10 layout-component text-serif-m layout-normal text-serif-m layout-padded\">Hendelsen har skapt sterke reaksjoner. <\/p>\n<p class=\"_paragraph_o9xde_4 _paragraph_xtcu6_10 layout-component text-serif-m layout-normal text-serif-m layout-padded\">F\u00f8derale myndigheter sier ICE-agenten handlet i selvforsvar, mens Minneapolis-ordf\u00f8rer Jacob Frey avviser forklaringen og kaller den \u00abbullshit\u00bb etter \u00e5 ha sett videoopptak av hendelsen.<\/p>\n<p class=\"_paragraph_o9xde_4 _paragraph_xtcu6_10 layout-component text-serif-m layout-normal text-serif-m layout-padded\">En analyse fra <a href=\"https:\/\/www.nytimes.com\/video\/us\/100000010631041\/minneapolis-ice-shooting-video.html\" class=\"_link_o9xde_39\" rel=\"nofollow noopener\" target=\"_blank\">New York Times<\/a> av opptak fra tre kameravinkler viser at kj\u00f8ret\u00f8yet ser ut til \u00e5 svinge bort fra agenten da han avfyrte skuddene.<\/p>\n<p class=\"_paragraph_o9xde_4 _paragraph_xtcu6_10 layout-component text-serif-m layout-normal text-serif-m layout-padded\">Skytingen har utl\u00f8st flere demonstrasjoner, og Trump-administrasjonen vil n\u00e5 sende 100 tjenestepersoner fra U.S. Customs and Border Protection til Minnesota.<\/p>\n<p class=\"_paragraph_o9xde_4 _paragraph_xtcu6_10 layout-component text-serif-m layout-normal text-serif-m layout-padded\">Delstatsmyndighetene er fratatt videre etterforskning av saken etter at FBI har overtatt ansvaret.<\/p>\n","protected":false},"excerpt":{"rendered":"Jonathan Ross tjenestegjorde i Irak og jobbet over ti \u00e5r for ICE. Jonathan Ross. Foto: Skjermbilde Oppdatert l\u00f8rdag&hellip;\n","protected":false},"author":2,"featured_media":133632,"comment_status":"","ping_status":"","sticky":false,"template":"","format":"standard","meta":{"footnotes":""},"categories":[5],"tags":[20,21,2879,24,25,15,19,6887,22,23,17,18,2119,13,30,28,29,14,16,26,27,46],"class_list":{"0":"post-133631","1":"post","2":"type-post","3":"status-publish","4":"format-standard","5":"has-post-thumbnail","7":"category-overskrifter","8":"tag-breaking-news","9":"tag-breakingnews","10":"tag-fbi","11":"tag-featured-news","12":"tag-featurednews","13":"tag-headlines","14":"tag-hovedoppslag","15":"tag-ice-immigration-and-customs-enforcement","16":"tag-latest-news","17":"tag-latestnews","18":"tag-main-news","19":"tag-mainnews","20":"tag-minnesota","21":"tag-news","22":"tag-no","23":"tag-norge","24":"tag-norway","25":"tag-nyheter","26":"tag-overskrifter","27":"tag-top-stories","28":"tag-topstories","29":"tag-vgai"},"share_on_mastodon":{"url":"https:\/\/pubeurope.com\/@no\/115869572327962013","error":""},"_links":{"self":[{"href":"https:\/\/www.europesays.com\/no\/wp-json\/wp\/v2\/posts\/133631","targetHints":{"allow":["GET"]}}],"collection":[{"href":"https:\/\/www.europesays.com\/no\/wp-json\/wp\/v2\/posts"}],"about":[{"href":"https:\/\/www.europesays.com\/no\/wp-json\/wp\/v2\/types\/post"}],"author":[{"embeddable":true,"href":"https:\/\/www.europesays.com\/no\/wp-json\/wp\/v2\/users\/2"}],"replies":[{"embeddable":true,"href":"https:\/\/www.europesays.com\/no\/wp-json\/wp\/v2\/comments?post=133631"}],"version-history":[{"count":0,"href":"https:\/\/www.europesays.com\/no\/wp-json\/wp\/v2\/posts\/133631\/revisions"}],"wp:featuredmedia":[{"embeddable":true,"href":"https:\/\/www.europesays.com\/no\/wp-json\/wp\/v2\/media\/133632"}],"wp:attachment":[{"href":"https:\/\/www.europesays.com\/no\/wp-json\/wp\/v2\/media?parent=133631"}],"wp:term":[{"taxonomy":"category","embeddable":true,"href":"https:\/\/www.europesays.com\/no\/wp-json\/wp\/v2\/categories?post=133631"},{"taxonomy":"post_tag","embeddable":true,"href":"https:\/\/www.europesays.com\/no\/wp-json\/wp\/v2\/tags?post=133631"}],"curies":[{"name":"wp","href":"https:\/\/api.w.org\/{rel}","templated":true}]}}