{"id":133635,"date":"2026-01-10T07:20:10","date_gmt":"2026-01-10T07:20:10","guid":{"rendered":"https:\/\/www.europesays.com\/no\/133635\/"},"modified":"2026-01-10T07:20:10","modified_gmt":"2026-01-10T07:20:10","slug":"morgenrapport-vaer-stoppet-for-ruskjoring-senere-havnet-bilen-i-grofta","status":"publish","type":"post","link":"https:\/\/www.europesays.com\/no\/133635\/","title":{"rendered":"Morgenrapport, V\u00e6r | Stoppet for ruskj\u00f8ring \u2013 senere havnet bilen i gr\u00f8fta"},"content":{"rendered":"\n<p>Ved 22-tiden l\u00f8rdag kveld ble en kvinne i 20-\u00e5rene innbragt av politiet i Verdal.<\/p>\n<p>\u2013 Hun innbringes for \u00e5 ta blodpr\u00f8ve p\u00e5 grunn av mistanke om ruskj\u00f8ring med personbil, opplyste operasjonsleder Trond Volden i Tr\u00f8ndelag politidistrikt.<\/p>\n<p>Kvinnen ble anmeldt for kj\u00f8ring i beruset eller ruset tilstand. Passasjer i bilen var en mann i 40-\u00e5rene.<\/p>\n<p>Noen timer senere \u2013 klokken 00.50 \u2013 fikk politiet melding om at det sto en bil i gr\u00f8fta p\u00e5 J\u00e4mtlandsvegen i Verdal. Avkj\u00f8rselen skal ha skjedd i n\u00e6rheten av avkj\u00f8ringen til Tromsdalsvegen.<\/p>\n<p>\u2013 Det viste seg \u00e5 v\u00e6re den samme bilen som den mistenkte kvinnen hadde kj\u00f8rt et par timer tidligere, sier operasjonsleder Anlaug Oseid i politiet.<\/p>\n<p>If\u00f8lge melderen var det ingen personer i n\u00e6rheten av bilen. Politiet dro til stedet, og fant ut at det var det samme paret som var involvert i bilen tidligere som var involvert denne gangen ogs\u00e5.<\/p>\n<p>\u2013 Begge to er unders\u00f8kt av ambulansepersonell og funnet OK. Mannen i 40-\u00e5rene blir anmeldt for \u00e5 ikke ha kj\u00f8rt etter forholdene og for \u00e5 ikke ha meldt fra om uhellet, sier Oseid.<\/p>\n<p>Mannens f\u00f8rerkort ble beslaglagt.<\/p>\n<p>Tok skilter i R\u00f8rvik<\/p>\n<p>Klokken 22.40 stanset politiet en bil i R\u00f8rvik i N\u00e6r\u00f8ysund kommune.<\/p>\n<p>\u2013 Politiet stanset en bil med bruksforbud. Grunnen til bruksforbudet var at bilen ikke var blitt framstilt for kontroll innen fristen, forteller operasjonsleder Oseid.<\/p>\n<p>\u2013 Patruljen tok skiltene av bilen, legger hun til.<\/p>\n<p>Rolig natt ellers<\/p>\n<p>Ellers har det v\u00e6rt en noks\u00e5 rolig natt for politiet i norddelen av fylket.<\/p>\n<p>\u2013 Det pleier \u00e5 v\u00e6re ganske rolige netter rett etter nytt\u00e5r, sier Oseid.<\/p>\n<p>\u2013 Vi f\u00e5r noen meldinger, men n\u00e5r vi kommer fram s\u00e5 viser det seg \u00e5 v\u00e6re ingenting. Det har v\u00e6rt noen sm\u00e5 viltp\u00e5kj\u00f8rsler, ellers har det ikke v\u00e6rt noe, sier hun.<\/p>\n<p>V\u00e6ret<\/p>\n<p>If\u00f8lge tekstvarselet fra Meteorologisk institutt er det i Tr\u00f8ndelag i dagventet s\u00f8r\u00f8st liten til stiv kuling utsatte steder, om ettermiddagen dreiende s\u00f8rvest p\u00e5 kysten. Det ventes perioder med litt sn\u00f8 i Namdalen, ellers skyet eller delvis skyet og stort sett oppholdsv\u00e6r.<\/p>\n<p>S\u00f8ndag meldes det s\u00f8r\u00f8st frisk bris utsatte steder, om kvelden \u00f8kning til stiv kuling. Det meldes ogs\u00e5 om lettskyet oppholdsv\u00e6r.<\/p>\n<p>T-A.no i dag<\/p>\n<p>P\u00e5 v\u00e5re nettsider i dag kan du blant annet lese om de to to boligblokkene fra 1950-tallet i Skolegata i Steinkjer som totalrenoveres. Prosjektet f\u00f8rer blant annet til at energibehovet kuttes med over 70 prosent.<\/p>\n<p>  <a href=\"https:\/\/www.t-a.no\/5-116-2284042\" class=\"related-teaser has-image default-story-teaser article--c-eRUmMG article--c-eRUmMG-jKCPdD-design-default\" rel=\"nofollow noopener\" target=\"_blank\"><\/p>\n<p>    <img decoding=\"async\" loading=\"lazy\"  src=\"https:\/\/www.europesays.com\/no\/wp-content\/uploads\/2026\/01\/IMG_7612.JPEG\" alt=\"\" class=\"brick-c-cFOWSL\" style=\"\"\/><\/p>\n<p>\n            Les ogs\u00e5<\/p>\n<p>              Tetter igjen boligblokker: \u2013 Lekker som en sil\n        <\/p>\n<p>  <\/a><\/p>\n<p>Du kan ogs\u00e5 lese om Steffen Ren\u00e5 Hamre (37), som m\u00e5 kunne sies \u00e5 v\u00e6re over gjennomsnittet glad i sn\u00f8. Det nyter hele nabolaget godt av.<\/p>\n<p>  <a href=\"https:\/\/www.t-a.no\/5-116-2283576\" class=\"related-teaser has-image default-story-teaser article--c-eRUmMG article--c-eRUmMG-jKCPdD-design-default\" rel=\"nofollow noopener\" target=\"_blank\"><\/p>\n<p>    <img decoding=\"async\" loading=\"lazy\"  src=\"https:\/\/www.europesays.com\/no\/wp-content\/uploads\/2026\/01\/image00007.jpeg\" alt=\"\" class=\"brick-c-cFOWSL\" style=\"\"\/><\/p>\n<p>\n            Les ogs\u00e5<\/p>\n<p>              Steffen (37) har egen sn\u00f8kanon i hagen\n        <\/p>\n<p>  <\/a><br \/>\n  Nattens viktigste nyheter<\/p>\n<p>If\u00f8lge nyhetsbyr\u00e5et NTB er dette nattens viktigste nyheter:<\/p>\n<p><b>Frp fortsatt st\u00f8rst p\u00e5 ny m\u00e5ling<\/b><\/p>\n<p>Fremskrittspartiet holder stillingen som landets st\u00f8rste parti med 25,8 prosent, tett fulgt av Arbeiderpartiet p\u00e5 24,9 prosent, viser Klassekampen og Nationens januarm\u00e5ling utf\u00f8rt av Norstat. Frp g\u00e5r marginalt tilbake med 0,3 prosentpoeng, mens Ap faller 0,6 prosentpoeng. H\u00f8yre ligger stabilt p\u00e5 17,5 prosent.<\/p>\n<p>M\u00e5lingen st\u00e5r i skarp kontrast til Nettavisens partibarometer tidligere denne uken, der Frp l\u00e5 p\u00e5 31,9 prosent. P\u00e5 den nye m\u00e5lingen er R\u00f8dt Norges fjerde st\u00f8rste parti med 6,4 prosent, mens KrF og Venstre kommer over sperregrensen med henholdsvis 4,3 og 4,1 prosent. Senterpartiet gj\u00f8r det historisk svakt med 4,8 prosent.<\/p>\n<p>De borgerlige partiene f\u00e5r 92 mandater mot 77 for de r\u00f8dgr\u00f8nne. M\u00e5lingen ble gjennomf\u00f8rt 6. og 7. januar med 1005 respondenter.<\/p>\n<p><b>Omfattende vannlekkasje i Oslo<\/b><\/p>\n<p>En st\u00f8rre vannlekkasje f\u00f8rer til at en del av Maridalsveien i bydel St. Hanshaugen i Oslo er stengt. Lekkasjen er n\u00e5 stanset. Oslo-politiet meldte om lekkasjen klokka 4.21.<\/p>\n<p>\u2013 Dette er \u00e5 anse som en kraftig vannlekkasje, og det er mistanke om at det er lekkasje\/brudd p\u00e5 en hovedvannledning, opplyser operasjonsleder Alexander \u00d8sterhaug.<\/p>\n<p>Veien har blitt stengt fra rundkj\u00f8ringen i Maridalsveien\/M\u00f8llerveien til krysset mellom Rosteds gate og M\u00f8llergata.<\/p>\n<p><b>Mann skal ha blitt sparket i ansiktet i Bergen<\/b><\/p>\n<p>To menn i slutten av ten\u00e5rene er p\u00e5grepet etter at en mann i 30-\u00e5rene skal ha blitt sparket i ansiktet ved \u00c5sane terminal i Bergen. Han behandles p\u00e5 legevakten. Vest politidistrikt fikk melding om saken klokka 3.13.<\/p>\n<p>\u2013 Melding om mann som ble sparket i ansiktet, to gjerningsmenn l\u00f8p fra stedet retning \u00c5sane senter. Den forn\u00e6rmede mannen i 30-\u00e5rene ble sendt i ambulanse til legevakten, skriver operasjonsleder Morten Rebnord i politiloggen.<\/p>\n<p>If\u00f8lge politiet behandles han for kutt over det ene \u00f8yet og har muligens f\u00e5tt brudd i nesen.<\/p>\n<p><b>Gr\u00f8nlandske partier avviser USA i felles erkl\u00e6ring<\/b><\/p>\n<p>Alle fem partiene i Gr\u00f8nlands parlament har undertegnet en felles erkl\u00e6ring der de tar avstand fra USA. \u00abVi vil ikke v\u00e6re amerikanere, vi vil ikke v\u00e6re dansker, vi vil v\u00e6re gr\u00f8nlendere\u00bb, skriver partiene if\u00f8lge avisen Sermitsiaq.<\/p>\n<p>Uttalelsen kommer etter at president Donald Trump gjentatte ganger har sagt at USA m\u00e5 eie \u00f8ya. Partiene ber om at USAs manglende respekt for landet opph\u00f8rer, og oppfordrer til fortsatt dialog basert p\u00e5 diplomati og internasjonale prinsipper.<\/p>\n<p>Partiene understreker at Gr\u00f8nland tilh\u00f8rer den gr\u00f8nlandske befolkningen. \u00abVi st\u00e5r sammen om retten til v\u00e5rt land i all fremtid\u00bb, heter det i erkl\u00e6ringen fra Inatsisartut.<\/p>\n<p><b>Sikkerhetsr\u00e5det holder hastem\u00f8te om Ukraina<\/b><\/p>\n<p>FNs sikkerhetsr\u00e5d skal mandag holde hastem\u00f8te for \u00e5 diskutere Ukraina. Ukrainas FN-ambassad\u00f8r Andriy Melyk skriver i et brev til Sikkerhetsr\u00e5det at Russland har n\u00e5dd et nytt niv\u00e5 med krigsforbrytelser og forbrytelser mot menneskeheten med terror mot sivile og sivil infrastruktur.<\/p>\n<p>Bakgrunnen er at Ukraina i g\u00e5r sa at Russland hadde angrepet landet med en hypersonisk rakett av typen Oresjnik natt til i g\u00e5r. Den ukrainske sikkerhetstjenesten SBU har publisert bilder av raketten, som ukrainerne mener var utstyrt med falske stridshoder og derfor ikke f\u00f8rte til st\u00f8rre skader.<\/p>\n<p>EUs utenrikssjef Kaja Kallas sa i g\u00e5r at Russlands angivelige bruk av en Oresjnik-rakett er en klar eskalering mot Ukraina og ment som en advarsel til Europa og USA. Storbritannias statsminister Keir Starmer, Tysklands forbundskansler Friedrich Merz og Frankrikes president Emmanuel Macron uttalte at bruken er uakseptabel.<\/p>\n<p><b>Nord-Korea hevder \u00e5 ha skutt ned s\u00f8rkoreansk drone<\/b><\/p>\n<p>Nord-Korea melder at milit\u00e6ret skj\u00f8t ned det de sier var en s\u00f8rkoreansk drone 4. januar etter at den kom inn i nordkoreansk luftrom. Det statlige nyhetsbyr\u00e5et KCNA skriver at dronen filmet viktige anlegg, og har publisert bilder av en \u00f8delagt drone og opptak som skal v\u00e6re fra den. Dronen skal ha blitt sendt inn fra den s\u00f8rkoreanske byen Incheon, if\u00f8lge Nord-Korea.<\/p>\n<p>S\u00f8r-Korea avviser p\u00e5standene og oppgir at landet ikke har opplysninger om noen slik droneflygning. Forsvarsminister Ahn Gyu-back sier dronen ikke er en modell det s\u00f8rkoreanske milit\u00e6ret bruker. Nord-Korea har tidligere anklaget S\u00f8r-Korea for lignende hendelser i september og oktober i fjor, uten at nabolandet har bekreftet \u00e5 st\u00e5 bak.<\/p>\n<p>De to landene er teknisk i krig med hverandre. Korea-krigen mellom 1950 og 1953 ble kun avsluttet med en v\u00e5penstillstand, og ingen formell fredsavtale er inng\u00e5tt.<\/p>\n<p><b>Wrexham slo ut Nottingham Forest i FA-cupdrama<\/b><\/p>\n<p>\u00abHollywood-laget\u00bb Wrexham tok en ny skalp da Premier League-lag og europaligadeltaker Nottingham Forest ble sl\u00e5tt 4-3 p\u00e5 straffespark i FA-cupen seint i g\u00e5r kveld.<\/p>\n<p>Klubbeier og filmstjerne Ryan Reynolds jublet p\u00e5 tribunen da den nordwalisiske klubben herjet med gjestene og ledet b\u00e5de 2-0 og 3-1 i det som var en b\u00e5de spennende, severdig og m\u00e5lrik forestilling.<\/p>\n<p>Tre bytter ved pause endret kampen, men st\u00f8rst betydning hadde Callum Hudson-Odoi, som kom inn i det 69. minutt. Han berget ekstraomganger med to sene scoringer som ga 3-3. Etter m\u00e5ll\u00f8se ekstraomganger falt avgj\u00f8relsen p\u00e5 straffer. Wrexham-keeper Arthur Okonkwo ble helten med to strafferedninger, den siste og avgj\u00f8rende fra Omari Hutchinson.<\/p>\n","protected":false},"excerpt":{"rendered":"Ved 22-tiden l\u00f8rdag kveld ble en kvinne i 20-\u00e5rene innbragt av politiet i Verdal. \u2013 Hun innbringes for&hellip;\n","protected":false},"author":2,"featured_media":3842,"comment_status":"","ping_status":"","sticky":false,"template":"","format":"standard","meta":{"footnotes":""},"categories":[10],"tags":[36,20,21,24,25,15,22,23,739,13,30,28,29,14,16,1510,26,27,553,2133],"class_list":{"0":"post-133635","1":"post","2":"type-post","3":"status-publish","4":"format-standard","5":"has-post-thumbnail","7":"category-norge","8":"tag-art","9":"tag-breaking-news","10":"tag-breakingnews","11":"tag-featured-news","12":"tag-featurednews","13":"tag-headlines","14":"tag-latest-news","15":"tag-latestnews","16":"tag-morgenrapport","17":"tag-news","18":"tag-no","19":"tag-norge","20":"tag-norway","21":"tag-nyheter","22":"tag-overskrifter","23":"tag-story","24":"tag-top-stories","25":"tag-topstories","26":"tag-vaer","27":"tag-verdal"},"share_on_mastodon":{"url":"https:\/\/pubeurope.com\/@no\/115869595898127596","error":""},"_links":{"self":[{"href":"https:\/\/www.europesays.com\/no\/wp-json\/wp\/v2\/posts\/133635","targetHints":{"allow":["GET"]}}],"collection":[{"href":"https:\/\/www.europesays.com\/no\/wp-json\/wp\/v2\/posts"}],"about":[{"href":"https:\/\/www.europesays.com\/no\/wp-json\/wp\/v2\/types\/post"}],"author":[{"embeddable":true,"href":"https:\/\/www.europesays.com\/no\/wp-json\/wp\/v2\/users\/2"}],"replies":[{"embeddable":true,"href":"https:\/\/www.europesays.com\/no\/wp-json\/wp\/v2\/comments?post=133635"}],"version-history":[{"count":0,"href":"https:\/\/www.europesays.com\/no\/wp-json\/wp\/v2\/posts\/133635\/revisions"}],"wp:featuredmedia":[{"embeddable":true,"href":"https:\/\/www.europesays.com\/no\/wp-json\/wp\/v2\/media\/3842"}],"wp:attachment":[{"href":"https:\/\/www.europesays.com\/no\/wp-json\/wp\/v2\/media?parent=133635"}],"wp:term":[{"taxonomy":"category","embeddable":true,"href":"https:\/\/www.europesays.com\/no\/wp-json\/wp\/v2\/categories?post=133635"},{"taxonomy":"post_tag","embeddable":true,"href":"https:\/\/www.europesays.com\/no\/wp-json\/wp\/v2\/tags?post=133635"}],"curies":[{"name":"wp","href":"https:\/\/api.w.org\/{rel}","templated":true}]}}