{"id":13364,"date":"2025-08-20T16:14:11","date_gmt":"2025-08-20T16:14:11","guid":{"rendered":"https:\/\/www.europesays.com\/no\/13364\/"},"modified":"2025-08-20T16:14:11","modified_gmt":"2025-08-20T16:14:11","slug":"nyheter-ringsaker-disse-kjendisparene-sjekker-inn-pa-tv-2s-nye-reality-hotellet","status":"publish","type":"post","link":"https:\/\/www.europesays.com\/no\/13364\/","title":{"rendered":"Nyheter, Ringsaker | Disse kjendisparene sjekker inn p\u00e5 TV 2s nye reality \u00abHotellet\u00bb"},"content":{"rendered":"\n<p>Det gjelder \u00e5 velge riktig koffert for kjendisene som sjekker parvis inn p\u00e5 TV 2s nye reality \u00abHotellet\u00bb, der deltakerne ble avsl\u00f8rt onsdag.<\/p>\n<p>\u00c9n koffert skjuler en halv million kroner, en annen sender deg rett hjem, heter det i omtalen \u2013 der det ogs\u00e5 loves luksus, dramatikk og et utspekulert spill.<\/p>\n<p>11 kjendispar<\/p>\n<p>11 kjendispar skal konkurrere mot hverandre, i et konsept basert p\u00e5 britiske \u00abThe Fortune Hotel\u00bb og ledet av Aslak Maurstad.<\/p>\n<p>Hotellgjestene som sjekket inn p\u00e5 et hotell i Italia, der innspillingen foregikk, teller blant andre influenser Oskar Westerlin og helikopterpilotfaren Petter, forfatteren Anne B. Ragde og krimteknikers\u00f8steren Eva, ekteparet Niklas og Benjamin Silseth Baarli \u2013 og Emilie Voe Nereng og Michael Hansson, som forlovet seg under innspillingen og n\u00e5 er gift.<\/p>\n<p>   <img decoding=\"async\" width=\"8155\" height=\"5437\" fetchpriority=\"low\"  loading=\"lazy\"  src=\"https:\/\/www.europesays.com\/no\/wp-content\/uploads\/2025\/08\/NTB_u3hIio_3Tys.jpg\" alt=\"Oslo 20241126. &#10;Oskar Westerlin ankommer p\u00e5 r\u00f8d l\u00f8per f\u00f8r presentasjonen av TV 2s v\u00e5rmeny i Oslo tirsdag.&#10;Foto: Heiko Junge \/ NTB\" class=\"brick-c-cFOWSL\" style=\"--brick-image-ratio: 8155 \/ 5437;\"\/><\/p>\n<p>    Oskar Westerlin ankommer p\u00e5 r\u00f8d l\u00f8per f\u00f8r presentasjonen av TV 2s v\u00e5rmeny i Oslo tirsdag.<br \/>\n    Foto: Heiko Junge\/NTB\n  <\/p>\n<p>To tidligere brytere er ogs\u00e5 med \u2013 Stig Andr\u00e9 Berge, som stiller sammen med kona Rosell Utne Berge. Det er ogs\u00e5 venninnene <a href=\"https:\/\/www.gd.no\/jeg-synes-jo-brottum-er-det-fineste-i-verden\/f\/5-79-770729\" rel=\"Follow nofollow noopener\" target=\"_blank\">Ingeborg Heldal<\/a> (redakt\u00f8r) fra Br\u00f8ttum og Annette Walter Numme (radio- og TV-profil).<\/p>\n<p>TV 2-sjef Olav T. Sandnes sa under kanalens h\u00f8stpresentasjon at han har h\u00f8ye forventninger til h\u00f8sten og tro ogs\u00e5 p\u00e5 spennende nysatsinger.<\/p>\n<p>Nyskapningen \u00abHotellet\u00bb beskrives som en av de st\u00f8rste satsingene i h\u00f8st, og Sandnes trekker det fram som eksempel p\u00e5 hvordan TV 2 introduserer nye, friske og engasjerende formater for publikum.<\/p>\n<p>\u2013 De siste \u00e5rene har v\u00e5re nye konsepter blitt sv\u00e6rt godt mottatt. Jeg har stor tro p\u00e5 at \u00abHotellet\u00bb f\u00f8yer seg inn i denne rekken av programmer, sier Sandnes, og r\u00f8per at denne serien er noe av det han gleder seg aller mest til \u00e5 se p\u00e5 TV 2, n\u00e5r det blir premiere i oktober.<\/p>\n<p>  <a href=\"https:\/\/www.gd.no\/5-18-2342877\" class=\"related-teaser default-story-teaser article--c-eRUmMG article--c-eRUmMG-jKCPdD-design-default article--c-eRUmMG-kpKLOW-cv\" rel=\"nofollow noopener\" target=\"_blank\"><\/p>\n<p>\n            Les ogs\u00e5<\/p>\n<p>              Fakta: TV 2s gjester p\u00e5 \u00abHotellet\u00bb\n        <\/p>\n<p>  <\/a><\/p>\n","protected":false},"excerpt":{"rendered":"Det gjelder \u00e5 velge riktig koffert for kjendisene som sjekker parvis inn p\u00e5 TV 2s nye reality \u00abHotellet\u00bb,&hellip;\n","protected":false},"author":2,"featured_media":13365,"comment_status":"","ping_status":"","sticky":false,"template":"","format":"standard","meta":{"footnotes":""},"categories":[58],"tags":[36,71,410,2588,30,28,29,14,2587,1435,1510,72],"class_list":{"0":"post-13364","1":"post","2":"type-post","3":"status-publish","4":"format-standard","5":"has-post-thumbnail","7":"category-underholdning","8":"tag-art","9":"tag-entertainment","10":"tag-kultur","11":"tag-kuriosa-og-kjendiser","12":"tag-no","13":"tag-norge","14":"tag-norway","15":"tag-nyheter","16":"tag-reality","17":"tag-ringsaker","18":"tag-story","19":"tag-underholdning"},"share_on_mastodon":{"url":"","error":""},"_links":{"self":[{"href":"https:\/\/www.europesays.com\/no\/wp-json\/wp\/v2\/posts\/13364","targetHints":{"allow":["GET"]}}],"collection":[{"href":"https:\/\/www.europesays.com\/no\/wp-json\/wp\/v2\/posts"}],"about":[{"href":"https:\/\/www.europesays.com\/no\/wp-json\/wp\/v2\/types\/post"}],"author":[{"embeddable":true,"href":"https:\/\/www.europesays.com\/no\/wp-json\/wp\/v2\/users\/2"}],"replies":[{"embeddable":true,"href":"https:\/\/www.europesays.com\/no\/wp-json\/wp\/v2\/comments?post=13364"}],"version-history":[{"count":0,"href":"https:\/\/www.europesays.com\/no\/wp-json\/wp\/v2\/posts\/13364\/revisions"}],"wp:featuredmedia":[{"embeddable":true,"href":"https:\/\/www.europesays.com\/no\/wp-json\/wp\/v2\/media\/13365"}],"wp:attachment":[{"href":"https:\/\/www.europesays.com\/no\/wp-json\/wp\/v2\/media?parent=13364"}],"wp:term":[{"taxonomy":"category","embeddable":true,"href":"https:\/\/www.europesays.com\/no\/wp-json\/wp\/v2\/categories?post=13364"},{"taxonomy":"post_tag","embeddable":true,"href":"https:\/\/www.europesays.com\/no\/wp-json\/wp\/v2\/tags?post=13364"}],"curies":[{"name":"wp","href":"https:\/\/api.w.org\/{rel}","templated":true}]}}