{"id":133656,"date":"2026-01-10T07:58:31","date_gmt":"2026-01-10T07:58:31","guid":{"rendered":"https:\/\/www.europesays.com\/no\/133656\/"},"modified":"2026-01-10T07:58:31","modified_gmt":"2026-01-10T07:58:31","slug":"marit-larsen-42-det-er-et-eventyr","status":"publish","type":"post","link":"https:\/\/www.europesays.com\/no\/133656\/","title":{"rendered":"Marit Larsen (42): &#8211; Det er et eventyr!"},"content":{"rendered":"\n<ul class=\"_list_o9xde_3 _list_64s2r_85 _unordered_o9xde_106 text-sans-m\">\n<li class=\"_item_o9xde_30\">Marit Larsen og Marion Ravn gjenforenes etter 23 \u00e5r.<\/li>\n<li class=\"_item_o9xde_30\">Deres vennskap har f\u00e5tt en ny start. <\/li>\n<li class=\"_item_o9xde_30\">Marit Larsen forteller \u00e5pent om sin tid med M2M og den lange pausen. <\/li>\n<li class=\"_item_o9xde_30\">Gjenforeningen markeres i TV 2-programmet \u00abHver gang vi m\u00f8tes\u00bb.<\/li>\n<\/ul>\n<p>Vis mer <\/p>\n<p class=\"_paragraph_o9xde_4 _paragraph_xtcu6_10 layout-component text-serif-m layout-normal text-serif-m layout-padded\">Larsens mann og datter f\u00e5r ha oss unnskyldt, men det er noe helt spesielt over forholdet mellom <a href=\"https:\/\/www.vg.no\/tag\/marit-larsen?utm_source=vg-article&amp;utm_medium=auto-tagger&amp;utm_campaign=43q9yg\" class=\"_link_o9xde_39\" rel=\"nofollow noopener\" target=\"_blank\">Marit Larsen<\/a> og barndomsvenninnen Marion Ravn (41) i M2M. Etter noen hektiske \u00e5r som erteris og ten\u00e5ringsidoler, forsvant de sakte, men sikkert fra hverandre.<\/p>\n<p class=\"_paragraph_o9xde_4 _paragraph_xtcu6_10 layout-component text-serif-m layout-normal text-serif-m layout-padded\">Til slutt var all kontakt borte.<\/p>\n<p class=\"_paragraph_o9xde_4 _paragraph_xtcu6_10 layout-component text-serif-m layout-normal text-serif-m layout-padded\">23 \u00e5r tok det f\u00f8r de m\u00f8ttes igjen, p\u00e5 et helt underlig vis. Plutselig sto de ved siden av hverandre p\u00e5 en tom kaf\u00e9 i Oslo, uten r\u00f8mningsveier.<\/p>\n<p><img alt=\"Foto: Mattis Sandblad \/ VG\" class=\"_image_qp4xg_65 layout-component layout-normal\" data-fullscreen- data-track-element-type=\"Article image fullscreen\" data-track-name=\"ImageFullscreen\" decoding=\"async\" loading=\"lazy\" height=\"3607\" itemprop=\"image\"  src=\"https:\/\/www.europesays.com\/no\/wp-content\/uploads\/2026\/01\/1bf22fcf-b3ae-439c-b314-f7391832a68f.jpeg\"  style=\"object-position:56.51925276401067% 48.65539229276407%\" width=\"5246\"\/>Foto: Mattis Sandblad \/ VG<\/p>\n<p class=\"_paragraph_o9xde_4 _paragraph_xtcu6_10 layout-component text-serif-m layout-normal text-serif-m layout-padded\">Verden stoppet.<\/p>\n<p class=\"_paragraph_o9xde_4 _paragraph_xtcu6_10 layout-component text-serif-m layout-normal text-serif-m layout-padded\">\u2013 Det var helt absurd. Vi sto der, med en meters avstand, og s\u00e5 p\u00e5 hverandre. Og da hadde vi heldigvis vett til \u00e5 gripe \u00f8yeblikket! Det er et eventyr igjen, det er virkelig det.<\/p>\n<p class=\"_paragraph_o9xde_4 _paragraph_xtcu6_10 layout-component text-serif-m layout-normal text-serif-m layout-padded\"><strong class=\"_strong_o9xde_25\">Les VG-intervjuet der Marit Larsen forteller om sitt f\u00f8rste m\u00f8te med Marion Ravn p\u00e5 23 \u00e5r:<\/strong><\/p>\n<p class=\"_paragraph_o9xde_4 _paragraph_xtcu6_10 layout-component text-serif-m layout-normal layout-padded\"><strong class=\"_strong_o9xde_25\">Les ogs\u00e5:<\/strong> <a href=\"https:\/\/www.vg.no\/i\/nypLBB\" data-track-element-type=\"Link\" data-track-id=\"link:nypLBB\" class=\"_link_o9xde_39\" rel=\"nofollow noopener\" target=\"_blank\">Marit Larsen (41): &#8211; Nyforelsket<\/a><\/p>\n<p class=\"_paragraph_o9xde_4 _paragraph_xtcu6_10 layout-component text-serif-m layout-normal text-serif-m layout-padded\">L\u00f8rdag kveld er Marit Larsen hovedgjest i TV 2s \u00abHver gang vi m\u00f8tes\u00bb. Der blir hennes forhold til Marion Ravn &#8211; som overrasker venninnen i programmet &#8211; ikke uventet ett av hovedtemaene.<\/p>\n<p class=\"_paragraph_o9xde_4 _paragraph_xtcu6_10 layout-component text-serif-m layout-normal text-serif-m layout-padded\">For Marit Larsen har v\u00e6rt taus i disse 23 \u00e5rene om hva som skjedde mellom de to.<\/p>\n<p class=\"_paragraph_o9xde_4 _paragraph_xtcu6_10 layout-component text-serif-m layout-normal text-serif-m layout-padded\">Inntil n\u00e5.<\/p>\n<p><img alt=\"\" class=\"_image_qp4xg_65 layout-component layout-normal\" data-fullscreen- data-track-element-type=\"Article image fullscreen\" data-track-name=\"ImageFullscreen\" decoding=\"async\" loading=\"lazy\" height=\"5504\" itemprop=\"image\"  src=\"https:\/\/www.europesays.com\/no\/wp-content\/uploads\/2026\/01\/5aff1e64-c96b-4152-93fe-410a1a6adc37.jpeg\"  style=\"object-position:0% 0%\" width=\"8256\"\/><\/p>\n<p class=\"_paragraph_o9xde_4 _paragraph_xtcu6_10 layout-component text-serif-m layout-normal text-serif-m layout-padded\">\u2013 Jeg har tenkt p\u00e5 henne s\u00e5 mye, kommer det kontant da VG sp\u00f8r henne om Marion har v\u00e6rt i tankene hennes i alle disse \u00e5rene.<\/p>\n<p class=\"_paragraph_o9xde_4 _paragraph_xtcu6_10 layout-component text-serif-m layout-normal text-serif-m layout-padded\"><strong class=\"_strong_o9xde_25\">\u2013 Men hvorfor ikke gj\u00f8re et fremst\u00f8t for \u00e5 snakke med henne?<\/strong><\/p>\n<p class=\"_paragraph_o9xde_4 _paragraph_xtcu6_10 layout-component text-serif-m layout-normal text-serif-m layout-padded\">\u2013 Opplevelsene v\u00e5re av den tiden der, de er s\u00e5 forskjellige. Men det vi er enige om, er at alt ble s\u00e5 kaotisk at det \u00e5 lukke d\u00f8ren helt, for \u00e5 komme seg videre, var den eneste logiske utveien, sier Marit Larsen.<\/p>\n<p class=\"_paragraph_o9xde_4 _paragraph_xtcu6_10 layout-component text-serif-m layout-normal text-serif-m layout-padded\">Hun kaller det en kj\u00e6rlighetssorg.<\/p>\n<p class=\"_paragraph_o9xde_4 _paragraph_xtcu6_10 layout-component text-serif-m layout-normal text-serif-m layout-padded\">\u2013 Det blir jo som det f\u00f8rste store bruddet, s\u00e6rlig hvis det var den f\u00f8rste store kj\u00e6rligheten. Da \u00e5  skulle ringe til eksen og sp\u00f8rre om vi ikke skulle pr\u00f8ve litt igjen? Den s\u00e5rbarheten der&#8230;<\/p>\n<p><img alt=\"Foto: J\u00f8rgen Nordby  \/ J\u00f8rgen Nordby\" class=\"_image_qp4xg_65 layout-component layout-normal\" data-fullscreen- data-track-element-type=\"Article image fullscreen\" data-track-name=\"ImageFullscreen\" decoding=\"async\" loading=\"lazy\" height=\"5084\" itemprop=\"image\"  src=\"https:\/\/www.europesays.com\/no\/wp-content\/uploads\/2026\/01\/9619ad72-7c80-4e7f-b8ae-ead5f9eb3155.jpeg\"  style=\"object-position:54.54545454545454% 42.72226593233675%\" width=\"7623\"\/>Foto: J\u00f8rgen Nordby  \/ J\u00f8rgen Nordby<\/p>\n<p class=\"_paragraph_o9xde_4 _paragraph_xtcu6_10 layout-component text-serif-m layout-normal text-serif-m layout-padded\">Hun rister p\u00e5 hodet. I dag er alt annerledes, heldigvis. Marit og Marion har prosessert den \u00e5relange avstanden mellom dem.<\/p>\n<p class=\"_paragraph_o9xde_4 _paragraph_xtcu6_10 layout-component text-serif-m layout-normal text-serif-m layout-padded\">\u2013 Vi har snakket skikkelig mye om det som var bra, fordi da vi stengte d\u00f8ra s\u00e5 hardt igjen, s\u00e5 forsvant det fine ogs\u00e5 i dragsuget der. Folk har jo pirket i dette opp gjennom, men n\u00e5 som vi to har snakket om det, kan jeg ogs\u00e5 snakke om det. N\u00e5 fyller vi vennskapet v\u00e5rt med nye ting, dag for dag. Masse entusiasme og glede. Og mimring. For vi har jo hatt masse utrolig fine opplevelser, forteller hun.<\/p>\n<p class=\"_paragraph_o9xde_4 _paragraph_xtcu6_10 layout-component text-serif-m layout-normal text-serif-m layout-padded\">I flere omganger har Marit Larsen blitt spurt om \u00e5 v\u00e6re med i \u00abHver gang vi m\u00f8tes\u00bb. F\u00f8rst n\u00e5 kjennes det riktig.<\/p>\n<p class=\"_paragraph_o9xde_4 _paragraph_xtcu6_10 layout-component text-serif-m layout-normal text-serif-m layout-padded\">F\u00f8r hun flyttet inn p\u00e5 \u00ableirskolen\u00bb, som Hver gang vi m\u00f8tes-deltagerne kaller bobla si, bedyret Marit Larsen at hun ikke kom til \u00e5 grine.<\/p>\n<p class=\"_paragraph_o9xde_4 _paragraph_xtcu6_10 layout-component text-serif-m layout-normal text-serif-m layout-padded\">Det ryker allerede i f\u00f8rste l\u00e5t n\u00e5r Synne Vo \u00absynnifiserer\u00bb (Marits eget uttrykk) \u00abUnder The Surface\u00bb &#8211; og det blir verre etter hvert, samme hvor klar hun var for \u00e5 \u00e5pne opp om fortiden.<\/p>\n<p class=\"_paragraph_o9xde_4 _paragraph_xtcu6_10 layout-component text-serif-m layout-normal text-serif-m layout-padded\">\u2013 Det har f\u00f8ltes rart for meg \u00e5 uttale meg om disse tingene f\u00f8r vi hadde f\u00e5tt snakket om det oss mellom. Jeg f\u00f8lte meg klar til \u00e5 pr\u00f8ve \u00e5 fortelle denne historien og sette ting litt i sammenheng, sier hun.<\/p>\n<p><img alt=\"Foto: Mattis Sandblad \/ VG\" class=\"_image_qp4xg_65 layout-component layout-normal\" data-fullscreen- data-track-element-type=\"Article image fullscreen\" data-track-name=\"ImageFullscreen\" decoding=\"async\" loading=\"lazy\" height=\"3251\" itemprop=\"image\"  src=\"https:\/\/www.europesays.com\/no\/wp-content\/uploads\/2026\/01\/493903ab-6402-4912-b609-2d251ab77120.jpeg\"  style=\"object-position:0% 0%\" width=\"4802\"\/>Foto: Mattis Sandblad \/ VG<\/p>\n<p class=\"_paragraph_o9xde_4 _paragraph_xtcu6_10 layout-component text-serif-m layout-normal text-serif-m layout-padded\">For hun er jo stolt av alt hun rakk \u00e5 v\u00e6re med p\u00e5 f\u00f8r hun selv fylte 18 \u00e5r, som for \u00f8vrig skjedde under en \u00abgj\u00f8re noe helt, helt annet\u00bb-heisatur til Roskildefestivalen.<\/p>\n<p class=\"_paragraph_o9xde_4 _paragraph_xtcu6_10 layout-component text-serif-m layout-normal text-serif-m layout-padded\">\u2013 Jeg forst\u00e5r at folk ble revet med, og jeg skj\u00f8nner at det var lett \u00e5 satse p\u00e5 oss, for vi var s\u00f8ren meg gode, alts\u00e5!<\/p>\n<p class=\"_paragraph_o9xde_4 _paragraph_xtcu6_10 layout-component text-serif-m layout-normal text-serif-m layout-padded\">Latterd\u00f8ren sl\u00e5s opp opp p\u00e5 vidt gap. Marit Larsen smiler faktisk s\u00e5 ofte at hun trolig sliter med kronisk st\u00f8lhet i kinnene.<\/p>\n<p class=\"_paragraph_o9xde_4 _paragraph_xtcu6_10 layout-component text-serif-m layout-normal text-serif-m layout-padded\">\u2013 Vi var ikke redde for \u00e5 bruke store ord og dr\u00f8mme. Jeg f\u00f8lte at vi hadde jobbet for dette hele livet. Og det hadde vi jo fors\u00e5vidt ogs\u00e5!<\/p>\n<p class=\"_paragraph_o9xde_4 _paragraph_xtcu6_10 layout-component text-serif-m layout-normal text-serif-m layout-padded\"><strong class=\"_strong_o9xde_25\">\u2013 Hvor kom denne selvtilliten fra?<\/strong><\/p>\n<p class=\"_paragraph_o9xde_4 _paragraph_xtcu6_10 layout-component text-serif-m layout-normal text-serif-m layout-padded\">\u2013 Jeg skj\u00f8nner ikke hvor vi fikk det fra. Den selvtilliten, men ogs\u00e5 det at vi var to, gjorde oss p\u00e5 en m\u00e5te skuddsikre i starten, fordi vi ogs\u00e5 kunne le av alt det rare folk rundt oss sa. Vi synes de overdrev s\u00e5 enormt.<\/p>\n<p><img alt=\"M2M i Florida i 2002.  Foto: Terje Bringedal \/ VG\" class=\"_image_qp4xg_65 layout-component layout-normal\" data-fullscreen- data-track-element-type=\"Article image fullscreen\" data-track-name=\"ImageFullscreen\" decoding=\"async\" loading=\"lazy\" height=\"1648\" itemprop=\"image\"  src=\"https:\/\/www.europesays.com\/no\/wp-content\/uploads\/2026\/01\/58d4d29f-1b35-47d5-ac08-fe076c326bad.png\"  style=\"object-position:56.47321428571429% 55.8252427184466%\" width=\"2464\"\/>M2M i Florida i 2002.  Foto: Terje Bringedal \/ VG<\/p>\n<p class=\"_paragraph_o9xde_4 _paragraph_xtcu6_10 layout-component text-serif-m layout-normal text-serif-m layout-padded\">De g\u00f8ye minnene sitter tross alt godt i, insisterer Marit. Det var fire \u00e5r med berg-og dalbane som kulminerte i ekstatisk suksess etter det f\u00f8rste albumet som gjorde at forventningene steg tilsvarende foran det andre.<\/p>\n<p class=\"_paragraph_o9xde_4 _paragraph_xtcu6_10 layout-component text-serif-m layout-normal text-serif-m layout-padded\">S\u00e5 skjedde det som ofte skjer; album nummer to innfrir ikke. Panikken i plateselskapet brer seg. De bryter kontrakten som opprinnelig var p\u00e5 syv plater. M2M tvinges til \u00e5 bryte turneen med Marit Larsens store heltinne, Jewel.<\/p>\n<p class=\"_paragraph_o9xde_4 _paragraph_xtcu6_10 layout-component text-serif-m layout-normal text-serif-m layout-padded\">Beslutninger fra voksenapparatet vokser langt over hodene til de to hovedpersonene som var 15 og 16 \u00e5r gammel da platekontrakten ble inng\u00e5tt og sveiser en kuppel over jentenes dr\u00f8m. Marit og Marion var ikke venner lenger, kun arbeidskolleger.<\/p>\n<p class=\"_paragraph_o9xde_4 _paragraph_xtcu6_10 layout-component text-serif-m layout-normal text-serif-m layout-padded\">Tr\u00f8kket blir overveldende.<\/p>\n<p class=\"_paragraph_o9xde_4 _paragraph_xtcu6_10 layout-component text-serif-m layout-normal text-serif-m layout-padded\">\u2013 Vi var sjansel\u00f8se, sier Marit Larsen i sitt program.<\/p>\n<p class=\"_paragraph_o9xde_4 _paragraph_xtcu6_10 layout-component text-serif-m layout-normal text-serif-m layout-padded\">Br\u00e5tt er det over.<\/p>\n<p class=\"_paragraph_o9xde_4 _paragraph_xtcu6_10 layout-component text-serif-m layout-normal text-serif-m layout-padded\">Eller ikke helt. Etter M2Ms endelikt bestemmer Atlantic seg for \u00e5 g\u00e5 videre med en solokarriere for Marion.<\/p>\n<p class=\"_paragraph_o9xde_4 _paragraph_xtcu6_10 layout-component text-serif-m layout-normal text-serif-m layout-padded\">Hva tenkte Marit da?<\/p>\n<p><img alt=\"Foto: Mattis Sandblad \/ VG\" class=\"_image_qp4xg_65 layout-component layout-normal\" data-fullscreen- data-track-element-type=\"Article image fullscreen\" data-track-name=\"ImageFullscreen\" decoding=\"async\" loading=\"lazy\" height=\"4000\" itemprop=\"image\"  src=\"https:\/\/www.europesays.com\/no\/wp-content\/uploads\/2026\/01\/b66cb47c-45b3-4fb1-ba58-896ff5d6beb0.jpeg\"  style=\"object-position:0% 0%\" width=\"6000\"\/>Foto: Mattis Sandblad \/ VG<\/p>\n<p class=\"_paragraph_o9xde_4 _paragraph_xtcu6_10 layout-component text-serif-m layout-normal text-serif-m layout-padded\">\u2013 Hvordan skal jeg best beskrive den tilstanden da? Mot slutten der var vi mer kolleger enn venner, men jobben m\u00e5tte gj\u00f8res, og det ble s\u00e5 vanskelig \u00e5 navigere i. Helt fra vi to var sm\u00e5 har jeg hatt en opplevelse at Marion er den f\u00f8dte popstjerne &#8211; hun har virkelig alt som skal til. Det jeg elsker, er \u00e5 lage musikk. \u00c5 skulle leve det popstjerne-livet der, det var veldig mystisk for meg. Jeg gjorde mitt aller beste og en ganske god jobb, ser jeg n\u00e5 fra utsiden. Men som de fleste 15- og 16-\u00e5ringer, s\u00e5 hadde jeg egentlig nok med \u00e5 finne ut hvem jeg var.<\/p>\n<p class=\"_paragraph_o9xde_4 _paragraph_xtcu6_10 layout-component text-serif-m layout-normal text-serif-m layout-padded\">Snart 25 \u00e5r senere er det nok en gang lystig stemning i M2Ms klubbhus, ogs\u00e5 kalt Marions kj\u00f8kken, der m\u00f8ter om kommende begivenheter blir avholdt. Fjor\u00e5rets Asia-turn\u00e9 forlenges til Mexico om to uker, utover det tar Marit og Marion &#8211; ikke bare et steg &#8211; men en murstein om gangen.<\/p>\n<p class=\"_paragraph_o9xde_4 _paragraph_xtcu6_10 layout-component text-serif-m layout-normal text-serif-m layout-padded\">\u2013 Ja, vi bygger denne gjenforeningen murstein for murstein. Fra utsiden kan det kanskje virke som om vi har en plan, men vi har egentlig ikke det, sier Marit som imidlertid har like stor tro som publikum p\u00e5 at det p\u00e5 et tidspunkt dukker opp ny musikk.<\/p>\n<p><img alt=\"Dette er et bilde tatt etter innspillingen av andre program i Hver gang vi m\u00f8tes. Det tilsier at b\u00e5de Marit Larsen og de andre rundt bordet f\u00e5r en liten overraskelse p\u00e5 tampen. Til venstre Marion Ravn, til h\u00f8yre Espen Lind.  Foto: TV 2\" class=\"_image_qp4xg_65 layout-component layout-normal\" data-fullscreen- data-track-element-type=\"Article image fullscreen\" data-track-name=\"ImageFullscreen\" decoding=\"async\" loading=\"lazy\" height=\"853\" itemprop=\"image\"  src=\"https:\/\/www.europesays.com\/no\/wp-content\/uploads\/2026\/01\/c0c39373-f78e-4e60-a1d8-4ddffe343c9e.jpeg\"  style=\"object-position:44.453125% 37.28018757327081%\" width=\"1280\"\/>Dette er et bilde tatt etter innspillingen av andre program i Hver gang vi m\u00f8tes. Det tilsier at b\u00e5de Marit Larsen og de andre rundt bordet f\u00e5r en liten overraskelse p\u00e5 tampen. Til venstre Marion Ravn, til h\u00f8yre Espen Lind.  Foto: TV 2<\/p>\n<p class=\"_paragraph_o9xde_4 _paragraph_xtcu6_10 layout-component text-serif-m layout-normal text-serif-m layout-padded\"><strong class=\"_strong_o9xde_25\">\u2013 I f\u00f8rste kapittel av M2M var dere strengt tatt barn &#8211; i dag har dere begge barn selv.<\/strong><\/p>\n<p class=\"_paragraph_o9xde_4 _paragraph_xtcu6_10 layout-component text-serif-m layout-normal text-serif-m layout-padded\">\u2013 Det har v\u00e6rt s\u00e5 utrolig fint \u00e5 kunne blande det livet med dette livet her og forst\u00e5 at dette er v\u00e5r normal i v\u00e5r familie. Og at vi f\u00e5r det til \u00e5 fungere. Jeg kobler meg jo p\u00e5 henne i en hverdag, uansett hvilken planet jeg har v\u00e6rt p\u00e5 i skrivingen. S\u00e5 n\u00e5r jeg henter henne i barnehagen, da er det hun som er viktigst, sier Marit om sin snart seks \u00e5r gamle datter.<\/p>\n<p class=\"_paragraph_o9xde_4 _paragraph_xtcu6_10 layout-component text-serif-m layout-normal text-serif-m layout-padded\">Som selvf\u00f8lgelig allerede har vist stor musikk-interesse og ofte er med mor p\u00e5 konserter og turneer.<\/p>\n<p class=\"_paragraph_o9xde_4 _paragraph_xtcu6_10 layout-component text-serif-m layout-normal text-serif-m layout-padded\">\u2013 Jeg tror det viktigste man kan gj\u00f8re for et barn, iallfall slik jeg tenker for min egen datter, er \u00e5 la henne oppdage musikk selv. Ellers kommer hun til \u00e5 droppe det i ren trass hvis jeg pusher. Det m\u00e5 komme naturlig.<\/p>\n<p class=\"_paragraph_o9xde_4 _paragraph_xtcu6_10 layout-component text-serif-m layout-normal text-serif-m layout-padded\"><strong class=\"_strong_o9xde_25\">\u2013 Men hvis hun om noen \u00e5r kommer bort til deg og sier; &#8211; Mamma, jeg vil bli popstjerne!\u00bb<\/strong><\/p>\n<p><img alt=\"Foto: Mattis Sandblad \/ VG\" class=\"_image_qp4xg_65 layout-component layout-normal\" data-fullscreen- data-track-element-type=\"Article image fullscreen\" data-track-name=\"ImageFullscreen\" decoding=\"async\" loading=\"lazy\" height=\"4000\" itemprop=\"image\"  src=\"https:\/\/www.europesays.com\/no\/wp-content\/uploads\/2026\/01\/d0add548-3916-41c1-a67f-29d64f8990b1.jpeg\"  style=\"object-position:0% 0%\" width=\"6000\"\/>Foto: Mattis Sandblad \/ VG<\/p>\n<p class=\"_paragraph_o9xde_4 _paragraph_xtcu6_10 layout-component text-serif-m layout-normal text-serif-m layout-padded\">Marit Larsen blir et \u00f8yeblikk tankefull. Kanskje tenker hun tilbake p\u00e5 seg selv i samme alder.<\/p>\n<p class=\"_paragraph_o9xde_4 _paragraph_xtcu6_10 layout-component text-serif-m layout-normal text-serif-m layout-padded\">\u2013 Da vet jeg hva jeg skal be henne nistirre p\u00e5, sier hun.<\/p>\n<p class=\"_paragraph_o9xde_4 _paragraph_xtcu6_10 layout-component text-serif-m layout-normal text-serif-m layout-padded\">\u2013 Og det er hva hun vil lage, og hvordan det f\u00f8les i kroppen. Hvorfor vil du dele dette med noen? Er det ikke nok \u00e5 ha det for deg selv? <\/p>\n<p class=\"_paragraph_o9xde_4 _paragraph_xtcu6_10 layout-component text-serif-m layout-normal text-serif-m layout-padded\">Joda, Marit Larsen er tilbake som ten\u00e5ring n\u00e5.<\/p>\n<p class=\"_paragraph_o9xde_4 _paragraph_xtcu6_10 layout-component text-serif-m layout-normal text-serif-m layout-padded\">\u2013 For da jeg skj\u00f8nte hvorfor jeg ville dele det, og forsto hvordan jeg kunne eksistere som skrivende menneske i det tr\u00f8kket, s\u00e5 l\u00e5ste jeg opp noe helt magisk i mitt liv. Det kommer jeg til \u00e5 pr\u00f8ve \u00e5 forklare, sier hun og trekker litt p\u00e5 skuldrene.<\/p>\n<p class=\"_paragraph_o9xde_4 _paragraph_xtcu6_10 layout-component text-serif-m layout-normal text-serif-m layout-padded\">\u2013 Men jeg tror hun er opptatt av helt andre ting. Hun er kjempemusikalsk, men hun er faktisk s\u00e5 mye annet ogs\u00e5.<\/p>\n<p class=\"_paragraph_o9xde_4 _paragraph_xtcu6_10 layout-component text-serif-m layout-normal text-serif-m layout-padded\">\u2013 Helt objektivt, sp\u00f8ker VGs fotograf til Marit Larsens heftig nikkende konsensus.<\/p>\n<p class=\"_paragraph_o9xde_4 _paragraph_xtcu6_10 layout-component text-serif-m layout-normal text-serif-m layout-padded\">\u2013 Helt objektivt!<\/p>\n","protected":false},"excerpt":{"rendered":"Marit Larsen og Marion Ravn gjenforenes etter 23 \u00e5r. Deres vennskap har f\u00e5tt en ny start. Marit Larsen&hellip;\n","protected":false},"author":2,"featured_media":133657,"comment_status":"","ping_status":"","sticky":false,"template":"","format":"standard","meta":{"footnotes":""},"categories":[58],"tags":[71,3445,1874,4240,221,30,28,29,72],"class_list":{"0":"post-133656","1":"post","2":"type-post","3":"status-publish","4":"format-standard","5":"has-post-thumbnail","7":"category-underholdning","8":"tag-entertainment","9":"tag-hver-gang-vi-motes","10":"tag-marion-ravn","11":"tag-marit-larsen","12":"tag-musikk","13":"tag-no","14":"tag-norge","15":"tag-norway","16":"tag-underholdning"},"share_on_mastodon":{"url":"https:\/\/pubeurope.com\/@no\/115869745378774020","error":""},"_links":{"self":[{"href":"https:\/\/www.europesays.com\/no\/wp-json\/wp\/v2\/posts\/133656","targetHints":{"allow":["GET"]}}],"collection":[{"href":"https:\/\/www.europesays.com\/no\/wp-json\/wp\/v2\/posts"}],"about":[{"href":"https:\/\/www.europesays.com\/no\/wp-json\/wp\/v2\/types\/post"}],"author":[{"embeddable":true,"href":"https:\/\/www.europesays.com\/no\/wp-json\/wp\/v2\/users\/2"}],"replies":[{"embeddable":true,"href":"https:\/\/www.europesays.com\/no\/wp-json\/wp\/v2\/comments?post=133656"}],"version-history":[{"count":0,"href":"https:\/\/www.europesays.com\/no\/wp-json\/wp\/v2\/posts\/133656\/revisions"}],"wp:featuredmedia":[{"embeddable":true,"href":"https:\/\/www.europesays.com\/no\/wp-json\/wp\/v2\/media\/133657"}],"wp:attachment":[{"href":"https:\/\/www.europesays.com\/no\/wp-json\/wp\/v2\/media?parent=133656"}],"wp:term":[{"taxonomy":"category","embeddable":true,"href":"https:\/\/www.europesays.com\/no\/wp-json\/wp\/v2\/categories?post=133656"},{"taxonomy":"post_tag","embeddable":true,"href":"https:\/\/www.europesays.com\/no\/wp-json\/wp\/v2\/tags?post=133656"}],"curies":[{"name":"wp","href":"https:\/\/api.w.org\/{rel}","templated":true}]}}