{"id":133664,"date":"2026-01-10T08:15:33","date_gmt":"2026-01-10T08:15:33","guid":{"rendered":"https:\/\/www.europesays.com\/no\/133664\/"},"modified":"2026-01-10T08:15:33","modified_gmt":"2026-01-10T08:15:33","slug":"bolig-og-eiendom-naeringsliv-spar-konkursras-dette-sier-bransjen-i-bodo-bodo-nu","status":"publish","type":"post","link":"https:\/\/www.europesays.com\/no\/133664\/","title":{"rendered":"Bolig og eiendom, N\u00e6ringsliv | Sp\u00e5r konkursras: Dette sier bransjen i Bod\u00f8 &#8211; Bod\u00f8 Nu"},"content":{"rendered":"<ol>\n<li><a href=\"https:\/\/news.google.com\/rss\/articles\/CBMihgFBVV95cUxOR2RHOS02M0RncExnQnFfZlFVblFhMEtFRXZ1dldTSVlrOXlELW4wT3BlU1VYYXF0b3FWV1E0YjAxcXZkZ2luNW1yVjhucWtNTVB5cGlzMVkzUjRXdE5ub0IxZUF0VFNUM0ZNTkFSS0tha2Z2ZWxlNU9iUG84TFFsVW93WlFodw?oc=5\" target=\"_blank\" rel=\"nofollow noopener\">Bolig og eiendom, N\u00e6ringsliv | Sp\u00e5r konkursras: Dette sier bransjen i Bod\u00f8<\/a>&nbsp;&nbsp;Bod\u00f8 Nu<\/li>\n<li><a href=\"https:\/\/news.google.com\/rss\/articles\/CBMiggFBVV95cUxQUFE5Uk9FbGJkZ2ZZMGlTb2NqZERER3Y3ZnZ2aXFaUTJBU2VOdkJBS3djSDdtNG9PN1IxcWpTOHZXNHhoYUJEeWh0eFZIaHZCV3JqMWJ5Z192aGptU1ltX0toYUttWGNBRmRhU2xodm0yYm1DYnJmQUdWaXZRQnZCRUpn?oc=5\" target=\"_blank\" rel=\"nofollow noopener\">\u00d8konomi, N\u00e6ringsliv | Stort fall i fjor: Disse gikk konkurs<\/a>&nbsp;&nbsp;iFinnmark<\/li>\n<li><a href=\"https:\/\/news.google.com\/rss\/articles\/CBMic0FVX3lxTE54YUtSenFlR1luQlJsUi1qUUlwNGJOYnFVcmh4cVhfRlZ5M2VNUW9Jcmx6czJoZ3FsWVFydUdnSG1OYlBkempEQlFpUTk4X1NHem9PY2V6ZkZhSWRnYzdVSGNMNVhpTWJBNGtaMm0tWTRZOVE?oc=5\" target=\"_blank\" rel=\"nofollow noopener\">Dette er de ti st\u00f8rste konkursene i eiendom i 2025<\/a>&nbsp;&nbsp;EiendomsWatch<\/li>\n<li><a href=\"https:\/\/news.google.com\/rss\/articles\/CBMilAFBVV95cUxQLVJoWTRqNHN6WnViSGNTdE16cFF0MHlkNC1pSnFYZDlwRkhseXZwZS1hbjNzenkxek9wMzBzajMxMTlDZHFxVDdVRGNZNmlqRks4T2JIeWlXeDdnckx3S1cySkhhaWI3blBDa1AxZnB5Qi1TblBPcklYX2JHSDNEVHNFOVB0WUtVdzIxSm1HY1l0b1VP?oc=5\" target=\"_blank\" rel=\"nofollow noopener\">\u00d8konomistudio &#8211; Konkurseksplosjon i eiendomsbransjen<\/a>&nbsp;&nbsp;Stavanger Aftenblad<\/li>\n<li><a href=\"https:\/\/news.google.com\/rss\/articles\/CBMiqAFBVV95cUxNYTIxaHUyWEdnaHNlTVhTcFkwUEs3dm9LR29KZGdMTjVLUlpLQmtIOFhOYlFRd1VhSzBCSHdKTkYxMkVpWmpfLTV6Q05JVjZwUFB6alo2b0hKVzNJSlJEUlNrNXIwdnJmZFN5ZzE5R1AxT1lCWm1sdUlkdFFpbzA0Y1pZWmJvR3dOeXB5aEY0cG1mSE02N3hYS1dpUkk3V0gxZ1g4djBHOEQ?oc=5\" target=\"_blank\" rel=\"nofollow noopener\">\u00d8konomi og n\u00e6ringsliv, Asker | Ni konkurser i Asker i desember: \u2013 Kan bli blytungt \u00e5r for eiendomsbransjen<\/a>&nbsp;&nbsp;R\u00f8yken og Hurums Avis<\/li>\n<\/ol>\n","protected":false},"excerpt":{"rendered":"Bolig og eiendom, N\u00e6ringsliv | Sp\u00e5r konkursras: Dette sier bransjen i Bod\u00f8&nbsp;&nbsp;Bod\u00f8 Nu \u00d8konomi, N\u00e6ringsliv | Stort fall&hellip;\n","protected":false},"author":2,"featured_media":133665,"comment_status":"","ping_status":"","sticky":false,"template":"","format":"standard","meta":{"footnotes":""},"categories":[56],"tags":[60,61,62,30,28,29],"class_list":{"0":"post-133664","1":"post","2":"type-post","3":"status-publish","4":"format-standard","5":"has-post-thumbnail","7":"category-naeringsliv","8":"tag-business","9":"tag-economy","10":"tag-naeringsliv","11":"tag-no","12":"tag-norge","13":"tag-norway"},"share_on_mastodon":{"url":"https:\/\/pubeurope.com\/@no\/115869812318575578","error":""},"_links":{"self":[{"href":"https:\/\/www.europesays.com\/no\/wp-json\/wp\/v2\/posts\/133664","targetHints":{"allow":["GET"]}}],"collection":[{"href":"https:\/\/www.europesays.com\/no\/wp-json\/wp\/v2\/posts"}],"about":[{"href":"https:\/\/www.europesays.com\/no\/wp-json\/wp\/v2\/types\/post"}],"author":[{"embeddable":true,"href":"https:\/\/www.europesays.com\/no\/wp-json\/wp\/v2\/users\/2"}],"replies":[{"embeddable":true,"href":"https:\/\/www.europesays.com\/no\/wp-json\/wp\/v2\/comments?post=133664"}],"version-history":[{"count":0,"href":"https:\/\/www.europesays.com\/no\/wp-json\/wp\/v2\/posts\/133664\/revisions"}],"wp:featuredmedia":[{"embeddable":true,"href":"https:\/\/www.europesays.com\/no\/wp-json\/wp\/v2\/media\/133665"}],"wp:attachment":[{"href":"https:\/\/www.europesays.com\/no\/wp-json\/wp\/v2\/media?parent=133664"}],"wp:term":[{"taxonomy":"category","embeddable":true,"href":"https:\/\/www.europesays.com\/no\/wp-json\/wp\/v2\/categories?post=133664"},{"taxonomy":"post_tag","embeddable":true,"href":"https:\/\/www.europesays.com\/no\/wp-json\/wp\/v2\/tags?post=133664"}],"curies":[{"name":"wp","href":"https:\/\/api.w.org\/{rel}","templated":true}]}}