{"id":133666,"date":"2026-01-10T08:16:08","date_gmt":"2026-01-10T08:16:08","guid":{"rendered":"https:\/\/www.europesays.com\/no\/133666\/"},"modified":"2026-01-10T08:16:08","modified_gmt":"2026-01-10T08:16:08","slug":"arktis-usa-kom-for-a-studere-arktisk-na-er-hun-fanget-jeg-kan-elske-mange-steder-men-vil-ikke-forlate-arktis","status":"publish","type":"post","link":"https:\/\/www.europesays.com\/no\/133666\/","title":{"rendered":"Arktis, USA | Kom for \u00e5 studere arktisk, n\u00e5 er hun fanget: \u2013 Jeg kan elske mange steder, men vil ikke forlate Arktis"},"content":{"rendered":"<p>   <img decoding=\"async\" width=\"2738\" height=\"1825\" fetchpriority=\"high\"  loading=\"eager\"  src=\"https:\/\/www.europesays.com\/no\/wp-content\/uploads\/2026\/01\/Brett+Simpson.+Amerikansk+journalist+Brett+Simpson.+Foto+Torgrim+Rath+Olsen-3.jpg\" alt=\"Brett Simpson. Amerikansk journalist Brett Simpson. Foto Torgrim Rath Olsen\" class=\"brick-c-cFOWSL\" style=\"--brick-image-ratio: 2738 \/ 1825;\"\/><\/p>\n<p>      Amerikansk journalist med base i Troms\u00f8: Brett Simpson.<br \/>\n      Foto: Torgrim Rath Olsen\n    <\/p>\n<p>Publisert: 10.01.26 08:09<\/p>\n<p data-content=\"lead-text\" class=\"lead-text story brick-c-eOZvhA\">\n<p>          Brett Simpson l\u00e6rte ordet \u00abh\u00e5lke\u00bb p\u00e5 legevakten og fant samtidig en inngang til \u00e5 forst\u00e5 Arktis innenfra.\n      <\/p>\n<p>    Plussmerking. Denne artikkelen kan bare leses av abonenter<\/p>\n<p>  For abonnenter<\/p>\n<p>    ]]]]>]]><\/p>\n","protected":false},"excerpt":{"rendered":"Amerikansk journalist med base i Troms\u00f8: Brett Simpson. Foto: Torgrim Rath Olsen Publisert: 10.01.26 08:09 Brett Simpson l\u00e6rte&hellip;\n","protected":false},"author":2,"featured_media":133667,"comment_status":"","ping_status":"","sticky":false,"template":"","format":"standard","meta":{"footnotes":""},"categories":[12],"tags":[20,21,24,25,15,22,23,13,30,28,29,14,16,26,27,42,43,44,45],"class_list":{"0":"post-133666","1":"post","2":"type-post","3":"status-publish","4":"format-standard","5":"has-post-thumbnail","7":"category-verden","8":"tag-breaking-news","9":"tag-breakingnews","10":"tag-featured-news","11":"tag-featurednews","12":"tag-headlines","13":"tag-latest-news","14":"tag-latestnews","15":"tag-news","16":"tag-no","17":"tag-norge","18":"tag-norway","19":"tag-nyheter","20":"tag-overskrifter","21":"tag-top-stories","22":"tag-topstories","23":"tag-verden","24":"tag-world","25":"tag-world-news","26":"tag-worldnews"},"share_on_mastodon":{"url":"https:\/\/pubeurope.com\/@no\/115869816213387958","error":""},"_links":{"self":[{"href":"https:\/\/www.europesays.com\/no\/wp-json\/wp\/v2\/posts\/133666","targetHints":{"allow":["GET"]}}],"collection":[{"href":"https:\/\/www.europesays.com\/no\/wp-json\/wp\/v2\/posts"}],"about":[{"href":"https:\/\/www.europesays.com\/no\/wp-json\/wp\/v2\/types\/post"}],"author":[{"embeddable":true,"href":"https:\/\/www.europesays.com\/no\/wp-json\/wp\/v2\/users\/2"}],"replies":[{"embeddable":true,"href":"https:\/\/www.europesays.com\/no\/wp-json\/wp\/v2\/comments?post=133666"}],"version-history":[{"count":0,"href":"https:\/\/www.europesays.com\/no\/wp-json\/wp\/v2\/posts\/133666\/revisions"}],"wp:featuredmedia":[{"embeddable":true,"href":"https:\/\/www.europesays.com\/no\/wp-json\/wp\/v2\/media\/133667"}],"wp:attachment":[{"href":"https:\/\/www.europesays.com\/no\/wp-json\/wp\/v2\/media?parent=133666"}],"wp:term":[{"taxonomy":"category","embeddable":true,"href":"https:\/\/www.europesays.com\/no\/wp-json\/wp\/v2\/categories?post=133666"},{"taxonomy":"post_tag","embeddable":true,"href":"https:\/\/www.europesays.com\/no\/wp-json\/wp\/v2\/tags?post=133666"}],"curies":[{"name":"wp","href":"https:\/\/api.w.org\/{rel}","templated":true}]}}